{"id":3772,"date":"2023-06-12T19:57:01","date_gmt":"2023-06-12T19:57:01","guid":{"rendered":"https:\/\/syri.tv\/?p=3772"},"modified":"2023-06-12T19:59:33","modified_gmt":"2023-06-12T19:59:33","slug":"ambasadoret-e-quintit-nuk-u-shkojne-kurtit-e-osmanit-ne-pritjen-shteterore-per-diten-e-clirimit","status":"publish","type":"post","link":"https:\/\/syri.tv\/?p=3772","title":{"rendered":"Ambasador\u00ebt e Quintit nuk u shkojn\u00eb Kurtit e Osmanit n\u00eb pritjen shtet\u00ebrore p\u00ebr Dit\u00ebn e \u00c7lirimit"},"content":{"rendered":"<p>Ambasador\u00ebt e vendeve t\u00eb Quintit e kan\u00eb bojkotuar pjes\u00ebmarrjen n\u00eb pritjen shtet\u00ebrore t\u00eb Dit\u00ebs s\u00eb \u00c7lirimit.<\/p>\n<p>N\u00eb k\u00ebt\u00eb ceremoni, t\u00eb organizuar nga kryeministri Albin Kurti dhe presidentja Vjosa Osmani, nuk jan\u00eb par\u00eb as krer\u00ebt e opozit\u00ebs, transmeton klankosova.tv.<\/p>\n<p>Pjes\u00ebmarr\u00ebs n\u00eb k\u00ebt\u00eb ceremoni jan\u00eb par\u00eb vet\u00ebm ambasador\u00ebt, ai i Zvicr\u00ebs, por edhe i Arabis\u00eb.<\/p>\n<p>Klan Kosova ka provuar t\u00eb marr\u00eb nj\u00eb koment nga qeveria, por edhe presidenca, lidhur me k\u00ebt\u00eb \u00e7\u00ebshtje, megjithat\u00eb ende s\u2019ka pranuar p\u00ebrgjigje.<\/p>\n","protected":false},"excerpt":{"rendered":"<p>Ambasador\u00ebt e vendeve t\u00eb Quintit e kan\u00eb bojkotuar pjes\u00ebmarrjen n\u00eb pritjen shtet\u00ebrore t\u00eb Dit\u00ebs s\u00eb \u00c7lirimit. N\u00eb k\u00ebt\u00eb ceremoni, t\u00eb organizuar nga kryeministri Albin Kurti dhe presidentja Vjosa Osmani, nuk jan\u00eb par\u00eb as krer\u00ebt e opozit\u00ebs, transmeton klankosova.tv. Pjes\u00ebmarr\u00ebs n\u00eb k\u00ebt\u00eb ceremoni jan\u00eb par\u00eb vet\u00ebm ambasador\u00ebt, ai i Zvicr\u00ebs, por edhe i Arabis\u00eb. Klan Kosova [&hellip;]<\/p>\n","protected":false},"author":7,"featured_media":3773,"comment_status":"closed","ping_status":"closed","sticky":false,"template":"","format":"standard","meta":{"footnotes":""},"categories":[9],"tags":[],"class_list":{"0":"post-3772","1":"post","2":"type-post","3":"status-publish","4":"format-standard","5":"has-post-thumbnail","7":"category-vendi"},"_links":{"self":[{"href":"https:\/\/syri.tv\/index.php?rest_route=\/wp\/v2\/posts\/3772","targetHints":{"allow":["GET"]}}],"collection":[{"href":"https:\/\/syri.tv\/index.php?rest_route=\/wp\/v2\/posts"}],"about":[{"href":"https:\/\/syri.tv\/index.php?rest_route=\/wp\/v2\/types\/post"}],"author":[{"embeddable":true,"href":"https:\/\/syri.tv\/index.php?rest_route=\/wp\/v2\/users\/7"}],"replies":[{"embeddable":true,"href":"https:\/\/syri.tv\/index.php?rest_route=%2Fwp%2Fv2%2Fcomments&post=3772"}],"version-history":[{"count":1,"href":"https:\/\/syri.tv\/index.php?rest_route=\/wp\/v2\/posts\/3772\/revisions"}],"predecessor-version":[{"id":3774,"href":"https:\/\/syri.tv\/index.php?rest_route=\/wp\/v2\/posts\/3772\/revisions\/3774"}],"wp:featuredmedia":[{"embeddable":true,"href":"https:\/\/syri.tv\/index.php?rest_route=\/wp\/v2\/media\/3773"}],"wp:attachment":[{"href":"https:\/\/syri.tv\/index.php?rest_route=%2Fwp%2Fv2%2Fmedia&parent=3772"}],"wp:term":[{"taxonomy":"category","embeddable":true,"href":"https:\/\/syri.tv\/index.php?rest_route=%2Fwp%2Fv2%2Fcategories&post=3772"},{"taxonomy":"post_tag","embeddable":true,"href":"https:\/\/syri.tv\/index.php?rest_route=%2Fwp%2Fv2%2Ftags&post=3772"}],"curies":[{"name":"wp","href":"https:\/\/api.w.org\/{rel}","templated":true}]}}