{"id":3745,"date":"2023-06-10T10:33:54","date_gmt":"2023-06-10T10:33:54","guid":{"rendered":"https:\/\/syri.tv\/?p=3745"},"modified":"2023-06-10T10:33:54","modified_gmt":"2023-06-10T10:33:54","slug":"ismajl-kadare-tirana-dhe-prishtina-duhet-jo-vetem-te-shqetesohen-por-te-veprojne-me-shume-per-shqiptaret-e-diskriminuar-ne-luginen-e-presheves","status":"publish","type":"post","link":"https:\/\/syri.tv\/?p=3745","title":{"rendered":"Ismajl Kadare: Tirana dhe Prishtina duhet jo vet\u00ebm t\u00eb shqet\u00ebsohen, por t\u00eb veprojne me shum\u00eb p\u00ebr shqiptaret e diskriminuar n\u00eb Lugin\u00ebn e Preshev\u00ebs"},"content":{"rendered":"<p>Shkrimtari yne i njohur me renome bot\u00ebrore, z.Ismajl Kadare po merr pjes\u00eb n\u00eb edicionin e 23-t\u00eb Panairit t\u00eb Librit n\u00eb Prishtin\u00eb. P\u00ebrve\u00e7 Kadares\u00eb, n\u00eb ceremonin\u00eb e hapjes s\u00eb Panarit t\u00eb Librit kan\u00eb marr\u00eb pjes\u00eb edhe kryeministri shqqiptar i Kosov\u00ebs Albin Kurti, kryeparlamentari Glauk Konjufca si dhe kryetari i Prishtin\u00ebs, P\u00ebrparim Rama, t\u00eb cil\u00ebt mbajt\u00ebn edhe nga nj\u00eb fjal\u00eb rasti.<\/p>\n<p><strong>Shkrimaitari\u00a0 yne i madh i letrave shqipe Ismajl Kadare fton p\u00ebr unitet lideret shqiptar\u00eb ne Kosov\u00eb dhe ballkan, ne k\u00ebto momete kur e t\u00ebr\u00eb bota i kane syte kah Kosova!<\/strong><\/p>\n<p><img loading=\"lazy\" loading=\"lazy\" decoding=\"async\" class=\"wp-image-26841 alignleft td-animation-stack-type0-2\" src=\"https:\/\/lecanton27.ch\/wp-content\/uploads\/2023\/06\/kadareeee-300x262.jpg\" sizes=\"auto, (max-width: 528px) 100vw, 528px\" srcset=\"https:\/\/lecanton27.ch\/wp-content\/uploads\/2023\/06\/kadareeee-300x262.jpg 300w, https:\/\/lecanton27.ch\/wp-content\/uploads\/2023\/06\/kadareeee-1024x893.jpg 1024w, https:\/\/lecanton27.ch\/wp-content\/uploads\/2023\/06\/kadareeee-768x670.jpg 768w, https:\/\/lecanton27.ch\/wp-content\/uploads\/2023\/06\/kadareeee-150x131.jpg 150w, https:\/\/lecanton27.ch\/wp-content\/uploads\/2023\/06\/kadareeee-696x607.jpg 696w, https:\/\/lecanton27.ch\/wp-content\/uploads\/2023\/06\/kadareeee-1068x932.jpg 1068w, https:\/\/lecanton27.ch\/wp-content\/uploads\/2023\/06\/kadareeee.jpg 1120w\" alt=\"\" width=\"528\" height=\"461\" \/>Kryeministri Albin Kurti ka pritur n\u00eb takim shkrimtarin e madh shqiptar me renome nd\u00ebrkomb\u00ebtare, Ismail Kadaren. N\u00eb komunikat\u00ebn p\u00ebr media b\u00ebhet e ditur se Kurti dhe Kadare kan\u00eb diskutuar p\u00ebr p\u00ebr let\u00ebrsin\u00eb, historin\u00eb e kultur\u00ebn e popullit shqiptar. Pas kryeministrit shqiptar Albin Kurtit dhe ministrit te kultures Hajrullah Cekut, Kadare i shoqeruar nga bashk\u00ebshorja dhe kolegia e tij (shkrimtare) Elena Kadare ka takuar edhe eredaktorine gaztes zvicerane ne sqhip Le Canton27.ch me te cilin kan\u00eb biseduar pos librave dhe lexuesin shqiptare edhe per situaten atkuale ne Kosove, per shqiptaret e l\u00ebne pas dore ne Serbi (Luginen e Presheves) dhe disporen shqiptare\u2026<\/p>\n<p>I pyegtru per situaten ne Kosov\u00eb Kadare ka shprehur kenaqesit qe gjendet ne mesin lexuesve te tij, te krtijuese dhe vellezerev e motarve shqiptare ne Kosoven e lire. Ai duke falenderuar p\u00ebr pritjen nga kryemisitri shqipar Albin Kurti, ka then\u00eb se situata ne Kosov\u00eb kurre ska qene me mire se sa sot. N\u00eb vazhdim, Kadare ka ftuar p\u00ebr unitet lideret shqiptare ne Kosov\u00eb dhe ballkan, ne k\u00ebto momete kur te gjithe i kane syte kah Kosova.<\/p>\n<p><strong>Kadare: T\u00eb mos preken kufijt\u00eb e Kosov\u00ebs!<\/strong><\/p>\n<p>Shkrimtari i njohur Ismail Kadare \u00ebsht\u00eb shprehur kund\u00ebr rishikimit t\u00eb kufijve mes Kosov\u00ebs dhe Serbis\u00eb. Ai, ka rioperseritur p\u00ebr gazeten zvceraen ne shqip Le Canton27.ch se \u00ab\u00a0nj\u00eb l\u00ebvizje e till\u00eb do t\u00eb cenonte stabilitetin n\u00eb Ballkan..\u00a0\u00bb<\/p>\n<p>M\u00eb pas, duke komentuar situat\u00ebn n\u00eb Kosov\u00eb dhe Lugin\u00ebn e Preshev\u00ebs, Kadare, thekson se, \u201csituata n\u00eb Lugin\u00ebn e Preshev\u00ebs \u00ebsht\u00eb shume e veshtire, ku popullata e atjeshme, shqiptar\u00eb n\u00eb trojet e tyre etnike, ne kete shekull ballafaqohen me diskriminimin e t\u00eb drejtave t\u00eb tyre elementare, si dikur, para 1999 ne Kosov\u00eb. Prandaj, perspektiva e Lugin\u00ebs s\u00eb Preshev\u00ebs, sikur viset e tjera t\u00eb Ballkanit, duhet t\u00eb jet\u00eb drejt Europ\u00ebs, gj\u00eb kjo e cila mund t\u00eb b\u00ebhet me nj\u00eb angazhim m\u00eb t\u00eb madh t\u00eb p\u00ebrfaq\u00ebsuesve t\u00eb Lugin\u00ebs n\u00eb bashk\u00ebpunim me faktorin nd\u00ebrkomb\u00ebtar. Ne kete drejtim Tirana dhe Prishtina duhet jo vetem t\u00eb shqetesohen por edhe t\u00eb veprojne me shume p\u00ebr shqiptaret e diskrminuar ne Luginen e Preshev\u00ebs sepse he per hy kjo pjese e popullates sone eshte me e diskrimniuar sot ne ballkan dhe Evrop\u00eb \u201d.<\/p>\n<p>P\u00ebr fund te kesaj bisede z.Kadare dhja nje mesazh qe dy shtetet tona te perkujdesen po ashtu edhe p\u00ebr diasporen shqiptare, qe po mban \u00ab\u00a0gjalle\u00a0\u00bb atdhun<\/p>\n<p>\u00ab\u00a0Nuk mjafto te luftohet asimilimi i te rinjve tane ne perednim vetem me deklartata, nese nuk veprojme ne rreren. Ketu e kam fjal\u00ebn qe qeverite tona te dergojne sa me shume litetarure, libra ne shgip, sidomos Abetare dhe libra tjera mbi kulturen, traditen dhe historine tone te lavdishme..\u00a0\u00bb ka th\u00ebne ne fund z.Kadare.<\/p>\n<p>Shkrimtari yne i madh Ismajl Kadare u nda me redaktorin e gazetes zvicerane ne shqip Le Canton27.ch duke shtr\u00ebnguar duart fort, ku ky i fundit i ka uruar shendet dhe botime te reja, sepse lexuesi shqiqtar dhe ai boteror vazhdimisht mirepresin libra te rinje nga ai.<\/p>\n","protected":false},"excerpt":{"rendered":"<p>Shkrimtari yne i njohur me renome bot\u00ebrore, z.Ismajl Kadare po merr pjes\u00eb n\u00eb edicionin e 23-t\u00eb Panairit t\u00eb Librit n\u00eb Prishtin\u00eb. P\u00ebrve\u00e7 Kadares\u00eb, n\u00eb ceremonin\u00eb e hapjes s\u00eb Panarit t\u00eb Librit kan\u00eb marr\u00eb pjes\u00eb edhe kryeministri shqqiptar i Kosov\u00ebs Albin Kurti, kryeparlamentari Glauk Konjufca si dhe kryetari i Prishtin\u00ebs, P\u00ebrparim Rama, t\u00eb cil\u00ebt mbajt\u00ebn edhe [&hellip;]<\/p>\n","protected":false},"author":1,"featured_media":3746,"comment_status":"closed","ping_status":"closed","sticky":false,"template":"","format":"standard","meta":{"footnotes":""},"categories":[9],"tags":[],"class_list":{"0":"post-3745","1":"post","2":"type-post","3":"status-publish","4":"format-standard","5":"has-post-thumbnail","7":"category-vendi"},"_links":{"self":[{"href":"https:\/\/syri.tv\/index.php?rest_route=\/wp\/v2\/posts\/3745","targetHints":{"allow":["GET"]}}],"collection":[{"href":"https:\/\/syri.tv\/index.php?rest_route=\/wp\/v2\/posts"}],"about":[{"href":"https:\/\/syri.tv\/index.php?rest_route=\/wp\/v2\/types\/post"}],"author":[{"embeddable":true,"href":"https:\/\/syri.tv\/index.php?rest_route=\/wp\/v2\/users\/1"}],"replies":[{"embeddable":true,"href":"https:\/\/syri.tv\/index.php?rest_route=%2Fwp%2Fv2%2Fcomments&post=3745"}],"version-history":[{"count":1,"href":"https:\/\/syri.tv\/index.php?rest_route=\/wp\/v2\/posts\/3745\/revisions"}],"predecessor-version":[{"id":3747,"href":"https:\/\/syri.tv\/index.php?rest_route=\/wp\/v2\/posts\/3745\/revisions\/3747"}],"wp:featuredmedia":[{"embeddable":true,"href":"https:\/\/syri.tv\/index.php?rest_route=\/wp\/v2\/media\/3746"}],"wp:attachment":[{"href":"https:\/\/syri.tv\/index.php?rest_route=%2Fwp%2Fv2%2Fmedia&parent=3745"}],"wp:term":[{"taxonomy":"category","embeddable":true,"href":"https:\/\/syri.tv\/index.php?rest_route=%2Fwp%2Fv2%2Fcategories&post=3745"},{"taxonomy":"post_tag","embeddable":true,"href":"https:\/\/syri.tv\/index.php?rest_route=%2Fwp%2Fv2%2Ftags&post=3745"}],"curies":[{"name":"wp","href":"https:\/\/api.w.org\/{rel}","templated":true}]}}