{"id":3740,"date":"2023-06-10T10:28:50","date_gmt":"2023-06-10T10:28:50","guid":{"rendered":"https:\/\/syri.tv\/?p=3740"},"modified":"2023-06-10T11:37:04","modified_gmt":"2023-06-10T11:37:04","slug":"ku-jane-zerat-e-dy-shteteve-tona-shqiperi-e-kosove","status":"publish","type":"post","link":"https:\/\/syri.tv\/?p=3740","title":{"rendered":"Ku jan\u00eb z\u00ebrat e dy shteteve tona Shqip\u00ebri e Kosov\u00eb"},"content":{"rendered":"<div class=\"xdj266r x11i5rnm xat24cr x1mh8g0r x1vvkbs x126k92a\">\n<div dir=\"auto\">Ku jan\u00eb z\u00ebrat e dy shteteve tona, ku \u00ebsht\u00eb z\u00ebri i BE-s\u00eb dhe shteteve mike? Deri kur me u shtyp? Deri kur me jetu n\u00eb geto?<\/div>\n<div dir=\"auto\">Gjersa n\u00eb veriun e Dardanis\u00eb serb\u00ebt duan autonomi, edhe pse i kan\u00eb t\u00eb drejtat e garantuara nga presidenti Ahtisaari, n\u00eb Lugin\u00ebn e Preshev\u00ebs, jo m\u00eb shum\u00eb se 100 km nga ato toka shqiptare, po pengohet edhe t\u00eb flas\u00ebsh shqip.<\/div>\n<div dir=\"auto\">Po b\u00ebhen gati 24 or\u00eb, q\u00eb kur u mor\u00ebn n\u00eb biseda informative dhe pastaj u liruan nga policia apo policia sekrete BIA dy personalitete t\u00eb Krahin\u00ebs s\u00eb Moll\u00ebs s\u00eb Kuqe, njer\u00ebz t\u00eb artit, drejtori i OJQ \u201cColosseum, aktori i shum\u00eb projekteve, z. Gani Veseli dhe drejtori i sht\u00ebpis\u00eb se Kultur\u00ebs n\u00eb Bujanoc, z.Jetmir Ismaili.<\/div>\n<\/div>\n<div class=\"x11i5rnm xat24cr x1mh8g0r x1vvkbs xtlvy1s x126k92a\">\n<div dir=\"auto\">Nuk po lejohet t\u00eb mbahet premiera e dy filmave nga \u201cColosseum\u201c, projekte t\u00eb cilat i ka mbeshtetur K\u00ebshilli Komb\u00ebtar Shqiptar p\u00ebrmes financimit t\u00eb Qeveris\u00eb s\u00eb Republik\u00ebs s\u00eb Kosov\u00ebs.<\/div>\n<div dir=\"auto\">Ku jan\u00eb edhe disa anal\u2026 e gaze (p)\u2026, q\u00eb nuk i japin hap\u00ebsir\u00eb k\u00ebtij trishtimi?<\/div>\n<div dir=\"auto\">Shkruan ne profilin e tij, Doktori i shkencave politike, Dashnim Hebibi<\/div>\n<div dir=\"auto\"><\/div>\n<div dir=\"auto\"><img loading=\"lazy\" loading=\"lazy\" decoding=\"async\" class=\"alignnone wp-image-3742\" src=\"https:\/\/syri.tv\/wp-content\/uploads\/2023\/06\/DH.png\" alt=\"\" width=\"411\" height=\"355\" srcset=\"https:\/\/syri.tv\/wp-content\/uploads\/2023\/06\/DH.png 508w, https:\/\/syri.tv\/wp-content\/uploads\/2023\/06\/DH-300x259.png 300w\" sizes=\"auto, (max-width: 411px) 100vw, 411px\" \/><\/div>\n<\/div>\n","protected":false},"excerpt":{"rendered":"<p>Ku jan\u00eb z\u00ebrat e dy shteteve tona, ku \u00ebsht\u00eb z\u00ebri i BE-s\u00eb dhe shteteve mike? Deri kur me u shtyp? Deri kur me jetu n\u00eb geto? Gjersa n\u00eb veriun e Dardanis\u00eb serb\u00ebt duan autonomi, edhe pse i kan\u00eb t\u00eb drejtat e garantuara nga presidenti Ahtisaari, n\u00eb Lugin\u00ebn e Preshev\u00ebs, jo m\u00eb shum\u00eb se 100 km [&hellip;]<\/p>\n","protected":false},"author":1,"featured_media":3741,"comment_status":"closed","ping_status":"closed","sticky":false,"template":"","format":"standard","meta":{"footnotes":""},"categories":[9],"tags":[],"class_list":{"0":"post-3740","1":"post","2":"type-post","3":"status-publish","4":"format-standard","5":"has-post-thumbnail","7":"category-vendi"},"_links":{"self":[{"href":"https:\/\/syri.tv\/index.php?rest_route=\/wp\/v2\/posts\/3740","targetHints":{"allow":["GET"]}}],"collection":[{"href":"https:\/\/syri.tv\/index.php?rest_route=\/wp\/v2\/posts"}],"about":[{"href":"https:\/\/syri.tv\/index.php?rest_route=\/wp\/v2\/types\/post"}],"author":[{"embeddable":true,"href":"https:\/\/syri.tv\/index.php?rest_route=\/wp\/v2\/users\/1"}],"replies":[{"embeddable":true,"href":"https:\/\/syri.tv\/index.php?rest_route=%2Fwp%2Fv2%2Fcomments&post=3740"}],"version-history":[{"count":3,"href":"https:\/\/syri.tv\/index.php?rest_route=\/wp\/v2\/posts\/3740\/revisions"}],"predecessor-version":[{"id":3748,"href":"https:\/\/syri.tv\/index.php?rest_route=\/wp\/v2\/posts\/3740\/revisions\/3748"}],"wp:featuredmedia":[{"embeddable":true,"href":"https:\/\/syri.tv\/index.php?rest_route=\/wp\/v2\/media\/3741"}],"wp:attachment":[{"href":"https:\/\/syri.tv\/index.php?rest_route=%2Fwp%2Fv2%2Fmedia&parent=3740"}],"wp:term":[{"taxonomy":"category","embeddable":true,"href":"https:\/\/syri.tv\/index.php?rest_route=%2Fwp%2Fv2%2Fcategories&post=3740"},{"taxonomy":"post_tag","embeddable":true,"href":"https:\/\/syri.tv\/index.php?rest_route=%2Fwp%2Fv2%2Ftags&post=3740"}],"curies":[{"name":"wp","href":"https:\/\/api.w.org\/{rel}","templated":true}]}}