{"id":3712,"date":"2023-06-05T06:55:33","date_gmt":"2023-06-05T06:55:33","guid":{"rendered":"https:\/\/syri.tv\/?p=3712"},"modified":"2023-06-05T06:55:33","modified_gmt":"2023-06-05T06:55:33","slug":"kurti-per-bbc-jam-i-gatshem-ti-degjoj-propozimet-per-zgjedhjet-ne-veri-pasi-te-vendoset-ligji-atje","status":"publish","type":"post","link":"https:\/\/syri.tv\/?p=3712","title":{"rendered":"Kurti p\u00ebr BBC: Jam i gatsh\u00ebm t\u2019i d\u00ebgjoj propozimet p\u00ebr zgjedhjet n\u00eb Veri pasi t\u00eb vendoset ligji atje"},"content":{"rendered":"<p><strong>Kryeministri i Kosov\u00ebs, Albin Kurti ka folur p\u00ebr programin e m\u00ebngjesit n\u00eb median angleze \u201cBBC\u201d n\u00eb lidhje me situat\u00ebn n\u00eb veri t\u00eb vendit. Ai ngriti pyetjen duke th\u00ebn\u00eb se n\u00ebse nuk do jen\u00eb kryetar\u00ebt e zgjedhur, at\u00ebher\u00eb kush tjet\u00ebr duhet t\u00eb jet\u00eb n\u00eb ato nd\u00ebrtesa.<\/strong><\/p>\n<p>\u201cN\u00ebse k\u00ebto nd\u00ebrtesa nuk jan\u00eb p\u00ebr kryetar\u00ebt p\u00ebr k\u00ebnd duhet t\u00eb sh\u00ebrbejn\u00eb at\u00ebher\u00eb. Kryetar\u00ebt jan\u00eb n\u00eb zyrat e tyre, dhe kjo \u00ebsht\u00eb si duhet t\u00eb jet\u00eb dhe t\u00eb q\u00ebndroj\u201d, ka th\u00ebn\u00eb Kurti p\u00ebr \u201cBBC\u201d.<\/p>\n<p>Lidhur me k\u00ebrkes\u00ebn p\u00ebr largimin e Policis\u00eb s\u00eb Kosov\u00ebs nga nd\u00ebrtesat komunale, ka th\u00ebn\u00eb kjo pik\u00eb mund t\u00eb rishikohet, por fillimisht k\u00ebrkoi q\u00eb bandat e dhunshme t\u00eb kthehen n\u00eb Serbi ose t\u00eb shkojn\u00eb n\u00eb burg.<\/p>\n<p>\u201cNe mund t\u00eb rishikojm\u00eb largimin e Policis\u00eb s\u00eb Kosov\u00ebs nga k\u00ebto nd\u00ebrtesa, por s\u00eb pari bandat e dhunshme kriminale t\u00eb cilat kan\u00eb sulmuar dhe plagosur gazetar\u00ebt, policin\u00eb ton\u00eb dhe ushtar\u00ebt e NATO-s, duhet\u00a0 t\u00eb kthehen n\u00eb Serbi ose n\u00eb burg\u201d, u shpreh Kurti.<\/p>\n<p>Kurti shtoi se ai nuk mund t\u00eb b\u00ebj\u00eb kompromise p\u00ebr \u201cRepublik\u00ebn demokratike\u201d.<\/p>\n<p>\u201cNuk mund t\u00eb b\u00ebj\u00eb kompromise p\u00ebr Republik\u00ebn demokratike, duke qen\u00eb kryeministri i vendit m\u00eb demokratik n\u00eb Ballkanin Per\u00ebndimor, me policin\u00eb m\u00eb profesionale e cila \u00ebsht\u00eb e orientuar nga per\u00ebndimi\u201d, tha ai.<\/p>\n<p>I pyetur rreth mund\u00ebsis\u00eb p\u00ebr mbajtjen e zgjedhjeve t\u00eb reja t\u00eb parakohshme, Kurti u shpreh se \u00ebsht\u00eb i gatsh\u00ebm t\u00eb d\u00ebgjoj\u00eb propozimet p\u00ebr zgjedhje t\u00eb parakohshme, por pasi t\u00eb vendoset sundimi i ligjit n\u00eb vend.<\/p>\n<p>Lidhur me situat\u00ebn n\u00eb veri, dhe deklaratat e ashpra nga SHBA-t\u00eb dhe BE-ja, Kurti theksoi se Shtetet e Bashkuara dhe Bashkimi Evropian jan\u00eb aleat\u00eb t\u00eb pakontestuesh\u00ebm t\u00eb Kosov\u00ebs.<\/p>\n<p>\u201cNe i konsiderojm\u00eb SHBA-t\u00eb, BE-n\u00eb, Britanin\u00eb e Madhe, aleat\u00eb dhe miq t\u00eb pakontestuesh\u00ebm, dhe u jemi shum\u00eb mir\u00ebnjoh\u00ebs p\u00ebr lirin\u00eb dhe pavar\u00ebsin\u00eb ton\u00eb dhe p\u00ebr zhvillimin e demokracis\u00eb. Gjithsesi ne nuk mund tua dor\u00ebzojm\u00eb Republik\u00ebn ton\u00eb, policis\u00eb fashiste e cila paguhet nga autokrat\u00ebt n\u00eb Beograd, i cili dikur ka qen\u00eb minist\u00ebr i propagand\u00ebs s\u00eb Milloshevi\u00e7it\u201d, tha Kurti. \/politiko.al\/<\/p>\n","protected":false},"excerpt":{"rendered":"<p>Kryeministri i Kosov\u00ebs, Albin Kurti ka folur p\u00ebr programin e m\u00ebngjesit n\u00eb median angleze \u201cBBC\u201d n\u00eb lidhje me situat\u00ebn n\u00eb veri t\u00eb vendit. Ai ngriti pyetjen duke th\u00ebn\u00eb se n\u00ebse nuk do jen\u00eb kryetar\u00ebt e zgjedhur, at\u00ebher\u00eb kush tjet\u00ebr duhet t\u00eb jet\u00eb n\u00eb ato nd\u00ebrtesa. \u201cN\u00ebse k\u00ebto nd\u00ebrtesa nuk jan\u00eb p\u00ebr kryetar\u00ebt p\u00ebr k\u00ebnd duhet [&hellip;]<\/p>\n","protected":false},"author":1,"featured_media":3713,"comment_status":"closed","ping_status":"closed","sticky":false,"template":"","format":"standard","meta":{"footnotes":""},"categories":[9],"tags":[],"class_list":{"0":"post-3712","1":"post","2":"type-post","3":"status-publish","4":"format-standard","5":"has-post-thumbnail","7":"category-vendi"},"_links":{"self":[{"href":"https:\/\/syri.tv\/index.php?rest_route=\/wp\/v2\/posts\/3712","targetHints":{"allow":["GET"]}}],"collection":[{"href":"https:\/\/syri.tv\/index.php?rest_route=\/wp\/v2\/posts"}],"about":[{"href":"https:\/\/syri.tv\/index.php?rest_route=\/wp\/v2\/types\/post"}],"author":[{"embeddable":true,"href":"https:\/\/syri.tv\/index.php?rest_route=\/wp\/v2\/users\/1"}],"replies":[{"embeddable":true,"href":"https:\/\/syri.tv\/index.php?rest_route=%2Fwp%2Fv2%2Fcomments&post=3712"}],"version-history":[{"count":1,"href":"https:\/\/syri.tv\/index.php?rest_route=\/wp\/v2\/posts\/3712\/revisions"}],"predecessor-version":[{"id":3714,"href":"https:\/\/syri.tv\/index.php?rest_route=\/wp\/v2\/posts\/3712\/revisions\/3714"}],"wp:featuredmedia":[{"embeddable":true,"href":"https:\/\/syri.tv\/index.php?rest_route=\/wp\/v2\/media\/3713"}],"wp:attachment":[{"href":"https:\/\/syri.tv\/index.php?rest_route=%2Fwp%2Fv2%2Fmedia&parent=3712"}],"wp:term":[{"taxonomy":"category","embeddable":true,"href":"https:\/\/syri.tv\/index.php?rest_route=%2Fwp%2Fv2%2Fcategories&post=3712"},{"taxonomy":"post_tag","embeddable":true,"href":"https:\/\/syri.tv\/index.php?rest_route=%2Fwp%2Fv2%2Ftags&post=3712"}],"curies":[{"name":"wp","href":"https:\/\/api.w.org\/{rel}","templated":true}]}}