{"id":3652,"date":"2023-06-01T16:52:56","date_gmt":"2023-06-01T16:52:56","guid":{"rendered":"https:\/\/syri.tv\/?p=3652"},"modified":"2023-06-01T16:52:56","modified_gmt":"2023-06-01T16:52:56","slug":"kurti-iu-kunderpergjigjet-deklaratave-te-nato-s-dhe-kfor-it-ne-lidhje-me-dhunen-ne-kosove","status":"publish","type":"post","link":"https:\/\/syri.tv\/?p=3652","title":{"rendered":"&#171;Kurti iu kund\u00ebrp\u00ebrgjigjet deklaratave t\u00eb NATO-s dhe KFOR-it n\u00eb lidhje me dhun\u00ebn n\u00eb Kosov\u00eb&#187;"},"content":{"rendered":"<p>Admirali i NATO-s, Stuart B. Munsch e Komandanti i KFOR-it n\u00eb Kosov\u00eb kan\u00eb b\u00ebr\u00eb thirrje q\u00eb t\u00eb gjitha pal\u00ebt t\u00eb marrin p\u00ebrgjegj\u00ebsi p\u00ebr at\u00eb \u00e7far\u00eb ka ndodhur t\u00eb h\u00ebn\u00ebn e 29 majit para objektit t\u00eb Komun\u00ebs s\u00eb Zve\u00e7anit. Munsch ka th\u00ebn\u00eb se p\u00ebrgjegj\u00ebsi duhet t\u00eb marrin sidomos ata q\u00eb kan\u00eb krijuar kushtet p\u00ebr dhun\u00eb n\u00eb k\u00ebt\u00eb dit\u00eb. Thirrje t\u00eb nj\u00ebjt\u00eb ka pasur edhe komandanti i KFOR-it. Ndaj k\u00ebsaj thirrje ka reaguar kreu i Qeveris\u00eb s\u00eb Kosov\u00ebs, Albin Kurti, i cili n\u00eb nj\u00eb konferenc\u00eb p\u00ebr media ka th\u00ebn\u00eb se s\u2019mund t\u00eb marrin p\u00ebrgjegj\u00ebsi ata q\u00eb po punojn\u00eb e q\u00eb po marrin pjes\u00eb n\u00eb zgjedhje demokratike. Sipas kreut t\u00eb ekzekutivit, p\u00ebrgjegj\u00ebsi duhet t\u00eb marrin ata q\u00eb kan\u00eb braktisur objektet, q\u00eb kan\u00eb bojkotuar zgjedhjet e q\u00eb po kryejn\u00eb dhun\u00eb.<\/p>\n<p>Vendimi p\u00ebr t\u00eb \u00e7uar kryetar\u00ebt e komunave veriore me p\u00ebrcjellje t\u00eb rrept\u00eb policore n\u00eb objektet komunale, veprim ky kund\u00ebr k\u00ebshill\u00ebs nd\u00ebrkomb\u00ebtare, ka vendosur Kosov\u00ebn n\u00eb nj\u00eb pozicion t\u00eb v\u00ebshtir\u00eb n\u00eb raport me aleat\u00ebt.<\/p>\n<p>Kan\u00eb qen\u00eb Shtetet e Bashkuara t\u00eb Amerik\u00ebs q\u00eb m\u00eb 26 maj kan\u00eb reaguar t\u00eb parat, duke th\u00ebn\u00eb se d\u00ebnojn\u00eb veprimet e Kosov\u00ebs q\u00eb me dhun\u00eb t\u00eb futen n\u00eb objektet te komunave dhe kan\u00eb k\u00ebrkuara masa t\u00eb menj\u00ebhershme p\u00ebr de-eskalim t\u00eb situat\u00ebs.<\/p>\n<p>Rikthimi i tensioneve me dat\u00ebn 29 dhe plagosja e 30 ushtar\u00ebve t\u00eb KFOR-it ka rritur edhe m\u00eb shum\u00eb shqet\u00ebsimet nd\u00ebrkomb\u00ebtare. NATO ka miratuar d\u00ebrgimin e 700 trupave shtes\u00eb n\u00eb Kosov\u00eb nd\u00ebrkoh\u00eb q\u00eb kan\u00eb aktivizuar edhe nj\u00eb batalion tjet\u00ebr t\u00eb cilin e kan\u00eb vendosur n\u00eb gatishm\u00ebri t\u00eb lart\u00eb.<\/p>\n<p>K\u00ebt\u00eb e ka konfirmuar dje Admirali i NATO-s\u00eb, Stuart B. Munsch, i cili ka ardhur p\u00ebr nj\u00eb vizit\u00eb n\u00eb Kosov\u00eb pas tensionimit t\u00eb gjendjes. Munsch p\u00ebrve\u00e7 tjerash ka b\u00ebr\u00eb thirrje p\u00ebr t\u00eb gjitha pal\u00ebt q\u00eb t\u00eb p\u00ebrmbahen nga vendimet dhe veprimet e m\u00ebtejshme t\u00eb pap\u00ebrgjegjshme dhe n\u00eb vend t\u00eb k\u00ebsaj t\u00eb angazhohen p\u00ebr negociata politike.<\/p>\n<p>\u201cT\u00eb gjitha pal\u00ebve, p\u00ebrfshir\u00eb ato q\u00eb vendos\u00ebn kushtet p\u00ebr dhun\u00ebn m\u00eb 29 maj, t\u00eb p\u00ebrmbahen nga vendimet dhe veprimet e m\u00ebtejshme t\u00eb pap\u00ebrgjegjshme dhe n\u00eb vend t\u00eb k\u00ebsaj t\u00eb angazhohen n\u00eb negociata diplomatike n\u00eb mir\u00ebbesim p\u00ebr t\u00eb p\u00ebrmir\u00ebsuar marr\u00ebdh\u00ebniet, brenda korniz\u00ebn e dialogut t\u00eb leht\u00ebsuar nga BE-ja.\u201d, ka th\u00ebn\u00eb Munsch dje.<\/p>\n<p>Edhe komandanti i KFOR_it Angelo Michele Ristuccia, ka b\u00ebr\u00eb thirrje q\u00eb t\u00eb dyja pal\u00ebt duhet t\u00eb marrin p\u00ebrgjegj\u00ebsin\u00eb p\u00ebr situat\u00ebn e krijuar.<\/p>\n<p>\u201cP\u00ebr t\u00eb shmangur p\u00ebrleshjet nd\u00ebrmjet pal\u00ebve dhe p\u00ebr t\u00eb minimizuar rrezikun e pas p\u00ebrshkall\u00ebzimit, paqeruajt\u00ebsit e KFOR-it parandaluan k\u00ebrc\u00ebnimet ndaj jet\u00ebs s\u00eb serb\u00ebve dhe shqiptar\u00ebve t\u00eb Kosov\u00ebs. T\u00eb dyja pal\u00ebt duhet t\u00eb marrin p\u00ebrgjegj\u00ebsin\u00eb e plot\u00eb p\u00ebr at\u00eb q\u00eb ndodhi dhe t\u00eb parandalojn\u00eb \u00e7do p\u00ebrshkall\u00ebzim t\u00eb m\u00ebtejsh\u00ebm, n\u00eb vend q\u00eb t\u00eb fshihen pas narrativave t\u00eb rreme.\u201d, ka deklaruar ai.<\/p>\n<p>Ndaj k\u00ebtyre deklaratave t\u00eb dy ushtarak\u00ebve t\u00eb NATO-s e KFOR-it ka reaguar sot kryeministri i Kosov\u00ebs, Albin Kurti, duke th\u00ebn\u00eb se s\u2019mund t\u00eb mbajn\u00eb p\u00ebrgjegj\u00ebsi ata t\u00eb cil\u00ebt po punojn\u00eb dhe po marrin pjes\u00eb n\u00eb zgjedhje n\u00eb m\u00ebnyr\u00eb demokratike.<\/p>\n<p>Kurti thot\u00eb se p\u00ebrgjegj\u00ebsi p\u00ebr situat\u00ebn duhet t\u00eb marrin ata q\u00eb kan\u00eb braktisur zgjedhjet e objektet komunale dhe ata t\u00eb cil\u00ebt po i bojkotojn\u00eb zgjedhjet e po kryejn\u00eb dhun\u00eb.<\/p>\n<p>\u201cKur kan\u00eb hyr\u00eb k\u00ebta kryetrar\u00eb n\u00eb zyre, ato zyre kan\u00eb qen\u00eb t\u00eb zbrazura. P\u00ebrve\u00e7 q\u00eb braktisen zgjedhjet dhe nd\u00ebrtesat, mbajn\u00eb p\u00ebrgjegj\u00ebsi p\u00ebr gjendjen e krijuar, jo ne q\u00eb duam t\u00eb punojm\u00eb dhe marrim pjes\u00eb n\u00eb zgjedhje. S\u2019mund t\u00eb ken\u00eb p\u00ebrgjegj\u00ebsi ata q\u00eb marrin pjes\u00eb n\u00eb m\u00ebnyr\u00eb demokratike, por ata t\u00eb cil\u00ebt bojkotojn\u00eb dhe kryejn\u00eb dhun\u00eb\u201d, ka th\u00ebn\u00eb Kurti.<\/p>\n","protected":false},"excerpt":{"rendered":"<p>Admirali i NATO-s, Stuart B. Munsch e Komandanti i KFOR-it n\u00eb Kosov\u00eb kan\u00eb b\u00ebr\u00eb thirrje q\u00eb t\u00eb gjitha pal\u00ebt t\u00eb marrin p\u00ebrgjegj\u00ebsi p\u00ebr at\u00eb \u00e7far\u00eb ka ndodhur t\u00eb h\u00ebn\u00ebn e 29 majit para objektit t\u00eb Komun\u00ebs s\u00eb Zve\u00e7anit. Munsch ka th\u00ebn\u00eb se p\u00ebrgjegj\u00ebsi duhet t\u00eb marrin sidomos ata q\u00eb kan\u00eb krijuar kushtet p\u00ebr dhun\u00eb n\u00eb [&hellip;]<\/p>\n","protected":false},"author":7,"featured_media":0,"comment_status":"closed","ping_status":"closed","sticky":false,"template":"","format":"standard","meta":{"footnotes":""},"categories":[9],"tags":[],"class_list":{"0":"post-3652","1":"post","2":"type-post","3":"status-publish","4":"format-standard","6":"category-vendi"},"_links":{"self":[{"href":"https:\/\/syri.tv\/index.php?rest_route=\/wp\/v2\/posts\/3652","targetHints":{"allow":["GET"]}}],"collection":[{"href":"https:\/\/syri.tv\/index.php?rest_route=\/wp\/v2\/posts"}],"about":[{"href":"https:\/\/syri.tv\/index.php?rest_route=\/wp\/v2\/types\/post"}],"author":[{"embeddable":true,"href":"https:\/\/syri.tv\/index.php?rest_route=\/wp\/v2\/users\/7"}],"replies":[{"embeddable":true,"href":"https:\/\/syri.tv\/index.php?rest_route=%2Fwp%2Fv2%2Fcomments&post=3652"}],"version-history":[{"count":1,"href":"https:\/\/syri.tv\/index.php?rest_route=\/wp\/v2\/posts\/3652\/revisions"}],"predecessor-version":[{"id":3656,"href":"https:\/\/syri.tv\/index.php?rest_route=\/wp\/v2\/posts\/3652\/revisions\/3656"}],"wp:attachment":[{"href":"https:\/\/syri.tv\/index.php?rest_route=%2Fwp%2Fv2%2Fmedia&parent=3652"}],"wp:term":[{"taxonomy":"category","embeddable":true,"href":"https:\/\/syri.tv\/index.php?rest_route=%2Fwp%2Fv2%2Fcategories&post=3652"},{"taxonomy":"post_tag","embeddable":true,"href":"https:\/\/syri.tv\/index.php?rest_route=%2Fwp%2Fv2%2Ftags&post=3652"}],"curies":[{"name":"wp","href":"https:\/\/api.w.org\/{rel}","templated":true}]}}