{"id":3512,"date":"2023-05-23T09:50:44","date_gmt":"2023-05-23T09:50:44","guid":{"rendered":"https:\/\/syri.tv\/?p=3512"},"modified":"2023-05-23T09:57:06","modified_gmt":"2023-05-23T09:57:06","slug":"luiz-ejlli-ne-zvicer-nje-shans-per-diasporen-ta-shijoje-kengetarin-sensacional-nga-shqiperia","status":"publish","type":"post","link":"https:\/\/syri.tv\/?p=3512","title":{"rendered":"&#171;Luiz Ejlli n\u00eb Zvic\u00ebr: nj\u00eb shans p\u00ebr Diaspor\u00ebn ta shijoj\u00eb k\u00ebng\u00ebtarin sensacional nga Shqip\u00ebria&#187;"},"content":{"rendered":"<p>Luiz Ejlli ka qen\u00eb sensacioni m\u00eb i madh i \u201cBig Brother VIP Albania 2\u201d, por edhe i krejt formateve t\u00eb k\u00ebtij emisioni t\u00eb mbajtur ndonj\u00ebher\u00eb n\u00eb trojet shqiptare.<\/p>\n<p><img loading=\"lazy\" loading=\"lazy\" decoding=\"async\" class=\"alignnone wp-image-3515\" src=\"https:\/\/syri.tv\/wp-content\/uploads\/2023\/05\/336523540_719781162959446_8867204088608037261_n-300x229.png\" alt=\"\" width=\"600\" height=\"458\" srcset=\"https:\/\/syri.tv\/wp-content\/uploads\/2023\/05\/336523540_719781162959446_8867204088608037261_n-300x229.png 300w, https:\/\/syri.tv\/wp-content\/uploads\/2023\/05\/336523540_719781162959446_8867204088608037261_n.png 640w\" sizes=\"auto, (max-width: 600px) 100vw, 600px\" \/><\/p>\n<p>K\u00ebng\u00ebtari shkodran ua mori zemrat krejt shqiptar\u00ebve me loj\u00ebn e tij, me strategjin\u00eb, me men\u00e7urin\u00eb dhe me batutat e shakat\u00eb q\u00eb i b\u00ebri brenda sht\u00ebpis\u00eb m\u00eb t\u00eb famshme t\u00eb Shqip\u00ebris\u00eb.<\/p>\n<p>E pasi e fitoi me plot merit\u00eb \u201cBig Brother VIP Albania 2\u201d, n\u00eb drejtim t\u00eb fituesit t\u00eb Festivalit Komb\u00ebtar t\u00eb Shqip\u00ebris\u00eb dhe pjes\u00ebmarr\u00ebsit t\u00eb dikursh\u00ebm n\u00eb Evrovizion, v\u00ebrshuan ofertat p\u00ebr t\u00eb mbajtur koncerte t\u00eb ndryshme.<\/p>\n<p>Nj\u00eb gj\u00eb t\u00eb till\u00eb fillimisht e b\u00ebri n\u00eb Shqip\u00ebri, nd\u00ebrsa m\u00eb pas vazhdoi edhe n\u00eb Kosov\u00eb, p\u00ebrkat\u00ebsisht n\u00eb Gjakov\u00eb dhe n\u00eb Ferizaj.<\/p>\n<p><img loading=\"lazy\" loading=\"lazy\" decoding=\"async\" class=\"alignnone wp-image-3516\" src=\"https:\/\/syri.tv\/wp-content\/uploads\/2023\/05\/346104096_955816672288892_373321622914686579_n-300x290.jpg\" alt=\"\" width=\"599\" height=\"579\" srcset=\"https:\/\/syri.tv\/wp-content\/uploads\/2023\/05\/346104096_955816672288892_373321622914686579_n-300x290.jpg 300w, https:\/\/syri.tv\/wp-content\/uploads\/2023\/05\/346104096_955816672288892_373321622914686579_n-1024x989.jpg 1024w, https:\/\/syri.tv\/wp-content\/uploads\/2023\/05\/346104096_955816672288892_373321622914686579_n-768x742.jpg 768w, https:\/\/syri.tv\/wp-content\/uploads\/2023\/05\/346104096_955816672288892_373321622914686579_n-860x831.jpg 860w, https:\/\/syri.tv\/wp-content\/uploads\/2023\/05\/346104096_955816672288892_373321622914686579_n.jpg 1242w\" sizes=\"auto, (max-width: 599px) 100vw, 599px\" \/><\/p>\n<p>Nd\u00ebrkaq, pas trojeve shqiptare, \u00ebsht\u00eb koha p\u00ebr diaspor\u00ebn, ku k\u00ebng\u00ebtar\u00ebt shqiptar\u00eb jan\u00eb aq shum\u00eb t\u00eb dashur dhe t\u00eb k\u00ebrkuar.<\/p>\n<p>Shtrohet pyetja: kur do ta shohim Luizin n\u00eb Zvic\u00ebr!?<\/p>\n<p>Diskotekat shqiptare n\u00eb shtetin helvetik i kan\u00eb sjell\u00eb k\u00ebng\u00ebtar\u00ebt m\u00eb t\u00eb famsh\u00ebm shqiptar\u00eb nd\u00ebr vite, nd\u00ebrsa tash publiku me t\u00eb drejt\u00eb po e k\u00ebrkon edhe sensacionin Luiz Ejlli.<\/p>\n<p>Pra, do t\u00eb ishte nj\u00eb mund\u00ebsi ideale q\u00eb edhe diaspora ta shoh\u00eb nga af\u00ebr duke performuar k\u00ebng\u00ebtarin e famsh\u00ebm shkodran.<\/p>\n<p>Mbetet t\u00eb shihet n\u00ebse ndonj\u00ebra prej diskotekave m\u00eb t\u00eb njohura shqiptare n\u00eb Zvic\u00ebr do ta realizoj\u00eb \u00ebndrr\u00ebn e shum\u00eb t\u00eb rinjve p\u00ebr ta par\u00eb \u201clive\u201d Luiz Ejllin.<\/p>\n<p><img loading=\"lazy\" loading=\"lazy\" decoding=\"async\" class=\"alignnone wp-image-3513\" src=\"https:\/\/syri.tv\/wp-content\/uploads\/2023\/05\/346103922_628437379164681_9020387174210807575_n-300x148.png\" alt=\"\" width=\"594\" height=\"293\" srcset=\"https:\/\/syri.tv\/wp-content\/uploads\/2023\/05\/346103922_628437379164681_9020387174210807575_n-300x148.png 300w, https:\/\/syri.tv\/wp-content\/uploads\/2023\/05\/346103922_628437379164681_9020387174210807575_n-768x378.png 768w, https:\/\/syri.tv\/wp-content\/uploads\/2023\/05\/346103922_628437379164681_9020387174210807575_n.png 783w\" sizes=\"auto, (max-width: 594px) 100vw, 594px\" \/><\/p>\n<p>Me siguri, si krejt k\u00ebng\u00ebtar\u00ebt tjer\u00eb t\u00eb Kosov\u00ebs, t\u00eb Shqip\u00ebris\u00eb dhe krejt trojeve shqipatare, edhe vet\u00eb k\u00ebng\u00ebtari do t\u00eb performonte me k\u00ebnaq\u00ebsi n\u00eb Zvic\u00ebr p\u00ebr diaspor\u00ebn, n\u00ebse e merr nj\u00eb ofert\u00eb t\u00eb k\u00ebnaqshme&#8230;<\/p>\n","protected":false},"excerpt":{"rendered":"<p>Luiz Ejlli ka qen\u00eb sensacioni m\u00eb i madh i \u201cBig Brother VIP Albania 2\u201d, por edhe i krejt formateve t\u00eb k\u00ebtij emisioni t\u00eb mbajtur ndonj\u00ebher\u00eb n\u00eb trojet shqiptare. K\u00ebng\u00ebtari shkodran ua mori zemrat krejt shqiptar\u00ebve me loj\u00ebn e tij, me strategjin\u00eb, me men\u00e7urin\u00eb dhe me batutat e shakat\u00eb q\u00eb i b\u00ebri brenda sht\u00ebpis\u00eb m\u00eb t\u00eb [&hellip;]<\/p>\n","protected":false},"author":7,"featured_media":3514,"comment_status":"closed","ping_status":"closed","sticky":false,"template":"","format":"standard","meta":{"footnotes":""},"categories":[109,2],"tags":[],"class_list":{"0":"post-3512","1":"post","2":"type-post","3":"status-publish","4":"format-standard","5":"has-post-thumbnail","7":"category-showbiz","8":"category-zvicer"},"_links":{"self":[{"href":"https:\/\/syri.tv\/index.php?rest_route=\/wp\/v2\/posts\/3512","targetHints":{"allow":["GET"]}}],"collection":[{"href":"https:\/\/syri.tv\/index.php?rest_route=\/wp\/v2\/posts"}],"about":[{"href":"https:\/\/syri.tv\/index.php?rest_route=\/wp\/v2\/types\/post"}],"author":[{"embeddable":true,"href":"https:\/\/syri.tv\/index.php?rest_route=\/wp\/v2\/users\/7"}],"replies":[{"embeddable":true,"href":"https:\/\/syri.tv\/index.php?rest_route=%2Fwp%2Fv2%2Fcomments&post=3512"}],"version-history":[{"count":2,"href":"https:\/\/syri.tv\/index.php?rest_route=\/wp\/v2\/posts\/3512\/revisions"}],"predecessor-version":[{"id":3518,"href":"https:\/\/syri.tv\/index.php?rest_route=\/wp\/v2\/posts\/3512\/revisions\/3518"}],"wp:featuredmedia":[{"embeddable":true,"href":"https:\/\/syri.tv\/index.php?rest_route=\/wp\/v2\/media\/3514"}],"wp:attachment":[{"href":"https:\/\/syri.tv\/index.php?rest_route=%2Fwp%2Fv2%2Fmedia&parent=3512"}],"wp:term":[{"taxonomy":"category","embeddable":true,"href":"https:\/\/syri.tv\/index.php?rest_route=%2Fwp%2Fv2%2Fcategories&post=3512"},{"taxonomy":"post_tag","embeddable":true,"href":"https:\/\/syri.tv\/index.php?rest_route=%2Fwp%2Fv2%2Ftags&post=3512"}],"curies":[{"name":"wp","href":"https:\/\/api.w.org\/{rel}","templated":true}]}}