{"id":3496,"date":"2023-05-22T20:25:24","date_gmt":"2023-05-22T20:25:24","guid":{"rendered":"https:\/\/syri.tv\/?p=3496"},"modified":"2023-05-22T20:26:30","modified_gmt":"2023-05-22T20:26:30","slug":"aty-kah-sillen-paret-aty-po-sillen-edhe-lideret-e-partive-kosovare-pse-lideret-nuk-vizitojne-mergimtaret-ne-rumani-por-ne-zvicer","status":"publish","type":"post","link":"https:\/\/syri.tv\/?p=3496","title":{"rendered":"Aty kah sillen paret, aty po sillen edhe lideret e partive kosovare. Pse lider\u00ebt nuk vizitojn\u00eb m\u00ebrgimtar\u00ebt n\u00eb Rumani, por n\u00eb Zvic\u00ebr?!"},"content":{"rendered":"<p>Me shtimin\u00a0 e krizave te partive politike ne Kosov\u00eb, po shtohen\u00a0 edhe vizitat e liederve te tyre ne Zvicer. Nuk kalon jave pa ndonje vizite te lidereve kosovare ne Zvicer, dhe per cudi pse bash n\u00eb Zvicer?,<\/p>\n<p>Nje mergimitar nga Drencia ne Gjeneve i tha gazet\u00ebs zvicerane ne shqip Le Canton27.ch se \u00ab\u00a0ky izaret i shpesht i lider\u00ebve partiak nga Kosova flet per dicka. Ata sjane aq budallenje, kane marre ere per dicka. Aty kah sillen paret, normal aty sillen edhe lideret e partive kosovare.\u00a0\u00bb<\/p>\n<p>\u00ab\u00a0Pse lideret nuk vizitojn\u00eb merigmtaret ne Rumani, por n\u00eb Zvic\u00ebr?!..\u00a0\u00bb ka shtuar ai duke qeshur<\/p>\n<p>Jo vetem kaq ne keto tubime ne Zvicer shpehshere abuzohet me fotot e lidereve qofshin te vdekur apo te gjall\u00eb e ata ne burgjet e Hag\u00ebs (me Rugoven, Thacin, et\u2026)<\/p>\n<p>Te p\u00ebrkujotjme se lideret kosovare (sidomos ata nga radhet e LDK-s\u00eb dhe PDK-s\u00eb) qe humben zgjedhjet fiasko te cilet per disa decenie mblodhen miliona franga dhe kishin injoruar diasporen dhe po ata serish kane kan dalur ne terren, ne gjah\u2026ne Zvicer thuajse nuk ju mjaftuan vjelja e mergimitareve qe 35 vite me radhe me 3% e me \u00ab\u00a0vendlindja ju therret\u00a0\u00bb i kishin rjepur mergimtaret e shkrete tuj punu tere diten ne temperatura te larta duke shtruar asfallte, ne hekurudha apo ne baushtelle, tere diten e\u00a0naten ne bore e shi?!<\/p>\n<p>Disa lidere po mendijne si VV e Albinit qe hasi ne perkrahje masive. Po ama Albinit njehere i ka shkrep, ju ka qel \u00abhavaja\u00bb dhe dihet pse fitoi mu per shkak deshtimeve te ketyre dy partive binjake te shortume per dy decenie rresht!<\/p>\n<p>P\u00ebr fund, nese vertete keto vizita te shpeshta te lidereve kosovare ne Zvicer jane atdhetare apo patriotikem, ata duhet te vizitojne edhe mergimtaret tjere, diapsoren tjeter ku numri i tyre eshte edhe me i madh pers shembull ata ne Turqi (2-3 milion\u00eb apo 5 milion\u00eb, sa t\u00eb thuash, nuk gabon) apo ne Rumani, Bullgari, Ukraine, Slloveni, Itali (Kalabri e Kozenca). Po fatkeqesisht k\u00ebto vende te fundit qe permendem nuk jane shqiptaret te pasur si Zvicra, jane te varfuar dhe nuk kane para te japin, megjithse as keta ne Zvicer nuk kane me, sepse ndihen te mashtruar dhe zhgenjyer, sepse parja e tyre nu keqperodre dhe kuk po shifet..ne fakt po shifen por me shume xhipa, ne kodra, ne villa (Brezovice) se sa ne rrafsh, ndertimin dhe zhvillimin e vendit!<\/p>\n<p>Mergimtaret jane lodhur me duke dhjene..Jep e jep, por situata nuk pon dryshon asgje as ne Kosove e as jashta saj, as ne Preshev\u00eb (Lugina nuk merre me fjale e premtime, po e marr e po marr e ajo ende ne Serbi) ose ne favor te diaspores shqipatre, ku ende nuk kane perfaqesuesin e tyre ne Parlamentin\u00a0 e Koov\u00ebs, siq kane diaspora tjera ne bote. Dhe krejt normale, nuk ka me para nga Zvicra as diaspora, dhe lideret vijne kot sllene pshtillen ( si p..ne tirqi) bredhin lart\u00a0 e poshte banhoveve te Zvicres.<\/p>\n","protected":false},"excerpt":{"rendered":"<p>Me shtimin\u00a0 e krizave te partive politike ne Kosov\u00eb, po shtohen\u00a0 edhe vizitat e liederve te tyre ne Zvicer. Nuk kalon jave pa ndonje vizite te lidereve kosovare ne Zvicer, dhe per cudi pse bash n\u00eb Zvicer?, Nje mergimitar nga Drencia ne Gjeneve i tha gazet\u00ebs zvicerane ne shqip Le Canton27.ch se \u00ab\u00a0ky izaret i [&hellip;]<\/p>\n","protected":false},"author":1,"featured_media":3497,"comment_status":"closed","ping_status":"closed","sticky":false,"template":"","format":"standard","meta":{"footnotes":""},"categories":[9],"tags":[],"class_list":{"0":"post-3496","1":"post","2":"type-post","3":"status-publish","4":"format-standard","5":"has-post-thumbnail","7":"category-vendi"},"_links":{"self":[{"href":"https:\/\/syri.tv\/index.php?rest_route=\/wp\/v2\/posts\/3496","targetHints":{"allow":["GET"]}}],"collection":[{"href":"https:\/\/syri.tv\/index.php?rest_route=\/wp\/v2\/posts"}],"about":[{"href":"https:\/\/syri.tv\/index.php?rest_route=\/wp\/v2\/types\/post"}],"author":[{"embeddable":true,"href":"https:\/\/syri.tv\/index.php?rest_route=\/wp\/v2\/users\/1"}],"replies":[{"embeddable":true,"href":"https:\/\/syri.tv\/index.php?rest_route=%2Fwp%2Fv2%2Fcomments&post=3496"}],"version-history":[{"count":2,"href":"https:\/\/syri.tv\/index.php?rest_route=\/wp\/v2\/posts\/3496\/revisions"}],"predecessor-version":[{"id":3500,"href":"https:\/\/syri.tv\/index.php?rest_route=\/wp\/v2\/posts\/3496\/revisions\/3500"}],"wp:featuredmedia":[{"embeddable":true,"href":"https:\/\/syri.tv\/index.php?rest_route=\/wp\/v2\/media\/3497"}],"wp:attachment":[{"href":"https:\/\/syri.tv\/index.php?rest_route=%2Fwp%2Fv2%2Fmedia&parent=3496"}],"wp:term":[{"taxonomy":"category","embeddable":true,"href":"https:\/\/syri.tv\/index.php?rest_route=%2Fwp%2Fv2%2Fcategories&post=3496"},{"taxonomy":"post_tag","embeddable":true,"href":"https:\/\/syri.tv\/index.php?rest_route=%2Fwp%2Fv2%2Ftags&post=3496"}],"curies":[{"name":"wp","href":"https:\/\/api.w.org\/{rel}","templated":true}]}}