{"id":3465,"date":"2023-05-22T08:43:04","date_gmt":"2023-05-22T08:43:04","guid":{"rendered":"https:\/\/syri.tv\/?p=3465"},"modified":"2023-05-22T08:43:04","modified_gmt":"2023-05-22T08:43:04","slug":"investitore-nga-zvicra-me-ambasadorin-kelly-ne-gjakove-jane-te-interesuar-ne-permisimin-e-infrastruktures-se-qytetit","status":"publish","type":"post","link":"https:\/\/syri.tv\/?p=3465","title":{"rendered":"Investitor\u00eb nga Zvicra me ambasadorin Kelly ne Gjakov\u00eb. Jane te interesuar ne permisimin e infrastruktures se qytetit"},"content":{"rendered":"<div class=\"td_block_wrap tdb_single_content tdi_71_b9b td-pb-border-top td_block_template_1 td-post-content tagdiv-type\" data-td-block-uid=\"tdi_71_b9b\">\n<div class=\"tdb-block-inner td-fix-index\">\n<p><em>Kryeministrit i Kosoves Albin Kurti dhe ambasadori zviceran Thomas Kolly ne Gjakov\u00eb te shoqruar nga biznesmen dhe investitor nga Zvicra\u00a0<\/em><\/p>\n<p>Berne, 20 maj -Qeveria e Zvicr\u00ebs \u00ebsht\u00eb b\u00ebr\u00eb investitori kryesor edhe n\u00eb komun\u00ebn e Gjakov\u00ebs, sidomos n\u00eb investimet n\u00eb sistemin e furnizimit me uj\u00eb dhe n\u00eb trajtimin e uj\u00ebrave t\u00eb zeza. Gjate kesaj jave Kryeministri i vendit z. Albin Kurti bashke me ambasadorin e Zvic\u00ebr\u00ebs z.Thomas Kolly, dhe ambasadori i Gjermanis\u00eb n\u00eb Prishtin\u00eb dhe disa investitor nga Zvicra mor\u00ebm pjes\u00eb n\u00eb inagurimin e Impiantit p\u00ebr Trajtimin e Uj\u00ebrave t\u00eb Ndotura n\u00eb Gjakov\u00eb.<\/p>\n<p><img loading=\"lazy\" loading=\"lazy\" decoding=\"async\" class=\"wp-image-26327 alignleft td-animation-stack-type0-2\" src=\"https:\/\/lecanton27.ch\/wp-content\/uploads\/2023\/05\/suisseeekos-300x200.jpg\" sizes=\"auto, (max-width: 485px) 100vw, 485px\" srcset=\"https:\/\/lecanton27.ch\/wp-content\/uploads\/2023\/05\/suisseeekos-300x200.jpg 300w, https:\/\/lecanton27.ch\/wp-content\/uploads\/2023\/05\/suisseeekos-768x513.jpg 768w, https:\/\/lecanton27.ch\/wp-content\/uploads\/2023\/05\/suisseeekos-150x100.jpg 150w, https:\/\/lecanton27.ch\/wp-content\/uploads\/2023\/05\/suisseeekos-696x465.jpg 696w, https:\/\/lecanton27.ch\/wp-content\/uploads\/2023\/05\/suisseeekos.jpg 960w\" alt=\"\" width=\"485\" height=\"323\" \/>Implementuar p\u00ebrmes Bank\u00ebs p\u00ebr Zhvillim (KfW) dhe Konfederat\u00ebs Zviceran\u00eb p\u00ebrmes Sekretariatit Shtet\u00ebror p\u00ebr \u00c7\u00ebshtje Ekonomike (SECO), si dhe nga kontributi vetanak i Komun\u00ebs s\u00eb Gjakov\u00ebs.<\/p>\n<p>Ne kete takim mori pjese edhe\u00a0ministri i ambientit dhe infrstruktur\u00ebs Liburn Aliu, kryetari i Gjakoves Ardian Gjini si\u00a0dhe Fjolla Lasku drejtoresha e Impiantit n\u00eb Gjakov\u00eb e Ilmi Cakolli veprimtar i njohur ne Zvicer.<\/p>\n<p>Nga takimi i hersh\u00ebm n\u00eb Kryeministri me z. Laj\u00e7ak, drejt n\u00eb Gjakov\u00eb, p\u00ebr t\u00eb p\u00ebruruar impiantin e tret\u00eb t\u00eb uj\u00ebrave t\u00eb ndotura, n\u00eb dy vitet t\u00eb fundit.<\/p>\n<p>Impianti i ri n\u00eb Gjakov\u00eb, vjen pas atyre n\u00eb Prizren dhe Pej\u00eb, e po i paraprin\u00eb atyre n\u00eb Gjilan, Mitrovic\u00eb, Ferizaj dhe Prishtin\u00eb. S\u00eb bashku me institucione nd\u00ebrkomb\u00ebtare partnere, po synojm\u00eb q\u00eb brenda pes\u00eb viteve t\u00eb ardhshme, t\u00eb gjitha shtat\u00eb kryeqendrat t\u00eb ken\u00eb impiantet e tyre, nd\u00ebrkoh\u00eb q\u00eb p\u00ebr vet\u00ebm dy vite kemi siguruar mbi 100 milion\u00eb euro grante p\u00ebr trajtimin e uj\u00ebrave t\u00eb zeza dhe menaxhimin e mbeturinave.<\/p>\n<p>Nga gjithsej 16.8 milion\u00eb euro sa ka kushtuar ky projekt kaq i r\u00ebnd\u00ebsish\u00ebm, 6 milion\u00eb euro kan\u00eb qen\u00eb kontribut i Bank\u00ebs Zhvillimore gjermane (KfW), 7.6 milion\u00eb nga Qeveria zvicerane dhe 3.2 milion\u00eb tjera i ka shtuar Komuna e Gjakov\u00ebs.<\/p>\n<p>N\u00ebn shoq\u00ebrimin e pun\u00ebtor\u00ebve t\u00eb KRU Gjakov\u00ebs, q\u00eb k\u00ebt\u00eb vit sh\u00ebnon 40-vjetorin e saj, pata k\u00ebnaq\u00ebsin\u00eb q\u00eb t\u00eb shoh nga af\u00ebr hap\u00ebsirat e reja, teknologjin\u00eb e impiantit dhe procesin e pun\u00ebs, nga ndarja mekanike tek ajo biologjike e deri te trajtimi me rreze ultraviolet, p\u00ebr ta d\u00ebshmuar me sy transformimin e ujit t\u00eb ndotur n\u00eb at\u00eb t\u00eb past\u00ebr q\u00eb kthehet n\u00eb lumin Erenik.<\/p>\n<p><strong>Zvicra deri tash ka ndare mbi 600 milion\u00eb CHF p\u00ebr demokracine, integrimin dhe zhvillimin e Kosov\u00ebs<\/strong><\/p>\n<p><img loading=\"lazy\" loading=\"lazy\" decoding=\"async\" class=\"wp-image-26326 alignright td-animation-stack-type0-2\" src=\"https:\/\/lecanton27.ch\/wp-content\/uploads\/2023\/05\/suissschhcc-300x203.jpg\" sizes=\"auto, (max-width: 518px) 100vw, 518px\" srcset=\"https:\/\/lecanton27.ch\/wp-content\/uploads\/2023\/05\/suissschhcc-300x203.jpg 300w, https:\/\/lecanton27.ch\/wp-content\/uploads\/2023\/05\/suissschhcc-1024x694.jpg 1024w, https:\/\/lecanton27.ch\/wp-content\/uploads\/2023\/05\/suissschhcc-768x521.jpg 768w, https:\/\/lecanton27.ch\/wp-content\/uploads\/2023\/05\/suissschhcc-150x102.jpg 150w, https:\/\/lecanton27.ch\/wp-content\/uploads\/2023\/05\/suissschhcc-696x472.jpg 696w, https:\/\/lecanton27.ch\/wp-content\/uploads\/2023\/05\/suissschhcc-1068x724.jpg 1068w, https:\/\/lecanton27.ch\/wp-content\/uploads\/2023\/05\/suissschhcc.jpg 1170w\" alt=\"\" width=\"518\" height=\"350\" \/>Zvicra ka ndar\u00eb 86 milion\u00eb euro p\u00ebr Kosov\u00ebn me q\u00ebllim t\u00eb mb\u00ebshtetjes s\u00eb projekteve t\u00eb ekonomis\u00eb dhe zhvillimit t\u00eb demokracis\u00eb dhe kapaciteteve ujore. K\u00ebt\u00eb e kan\u00eb b\u00ebr\u00eb t\u00eb ditur ambasadori zvicran, Thomas Kolly.<\/p>\n<p>Mesohet se ky program i bashk\u00ebpunimit zviceran me Kosov\u00ebn eshte i parapare te realizohet p\u00ebr vitet 2022-2025 me investime prej 86 milion euro n\u00eb fushat e \u201cQeverisjes demokratike dhe paqes\u201d, \u201czhvillimit ekonomik t\u00eb q\u00ebndruesh\u00ebm\u201d dhe \u201cfush\u00ebn klimatike dhe ujin\u201d.<\/p>\n<p>Ne intervisten e fundit p\u00ebr gazeten zvicerane Le Canton27.ch ambasadori zviceran Prishtine z. Thomas Kolly, ka th\u00ebne se \u201cZvicra sot eshte investitori i dyt\u00eb m\u00eb i madh n\u00eb Kosov\u00eb \u2013 me m\u00eb shum\u00eb se 480 milion\u00eb euro. Zvicra ka ofruar ndihm\u00eb thelb\u00ebsore p\u00ebr Kosov\u00ebn q\u00eb nga viti 1998. Ajo deri m\u00eb tani ka ofruar m\u00eb shum\u00eb se 500 milion\u00eb CHF p\u00ebr Kosov\u00ebn dhe mbetet partneri i tret\u00eb bilateral i zhvillimit t\u00eb Kosov\u00ebs. Ne jemi t\u00eb bindur se ndihma zvicerane n\u00eb m\u00ebnyr\u00eb efektive mb\u00ebshtet\u00eb ambiciet e Kosov\u00ebs p\u00ebr t\u00eb vazhduar n\u00eb rrug\u00ebtimin drejt integrimit evropian dhe kontribuon n\u00eb p\u00ebrmir\u00ebsimin e jet\u00ebs s\u00eb qytetar\u00ebve kosovar\u00eb..\u201d<img loading=\"lazy\" loading=\"lazy\" decoding=\"async\" class=\"alignnone wp-image-26325 td-animation-stack-type0-2\" src=\"https:\/\/lecanton27.ch\/wp-content\/uploads\/2023\/05\/ujiiich-300x201.jpg\" sizes=\"auto, (max-width: 825px) 100vw, 825px\" srcset=\"https:\/\/lecanton27.ch\/wp-content\/uploads\/2023\/05\/ujiiich-300x201.jpg 300w, https:\/\/lecanton27.ch\/wp-content\/uploads\/2023\/05\/ujiiich-150x100.jpg 150w, https:\/\/lecanton27.ch\/wp-content\/uploads\/2023\/05\/ujiiich-1068x714.jpg 1068w\" alt=\"\" width=\"825\" height=\"553\" \/><\/p>\n<\/div>\n<\/div>\n<div class=\"vc_row_inner tdi_73_2cb  vc_row vc_inner wpb_row td-pb-row\">\n<div class=\"vc_column_inner tdi_75_6ab  wpb_column vc_column_container tdc-inner-column td-pb-span4 td-is-sticky\">\n<div class=\"vc_column-inner\">\n<div class=\"wpb_wrapper\">\n<div class=\"clearfix\"><\/div>\n<div class=\"clearfix\"><\/div>\n<\/div>\n<\/div>\n<\/div>\n<div class=\"vc_column_inner tdi_77_66b  wpb_column vc_column_container tdc-inner-column td-pb-span8\">\n<div class=\"vc_column-inner\">\n<div class=\"wpb_wrapper\">\n<div class=\"clearfix\"><\/div>\n<div class=\"td_block_wrap tdb_single_post_share tdi_78_66b td-pb-border-top td_block_template_1\" data-td-block-uid=\"tdi_78_66b\">\n<div id=\"tdi_78_66b\" class=\"td-post-sharing tdb-block td-ps-bg td-ps-notext td-post-sharing-style1 \">\n<div class=\"td-post-sharing-visible\">\n<div class=\"td-social-sharing-button td-social-sharing-button-js td-social-handler td-social-share-text\">\n<div class=\"td-social-but-icon\"><\/div>\n<\/div>\n<\/div>\n<\/div>\n<\/div>\n<\/div>\n<\/div>\n<\/div>\n<\/div>\n","protected":false},"excerpt":{"rendered":"<p>Kryeministrit i Kosoves Albin Kurti dhe ambasadori zviceran Thomas Kolly ne Gjakov\u00eb te shoqruar nga biznesmen dhe investitor nga Zvicra\u00a0 Berne, 20 maj -Qeveria e Zvicr\u00ebs \u00ebsht\u00eb b\u00ebr\u00eb investitori kryesor edhe n\u00eb komun\u00ebn e Gjakov\u00ebs, sidomos n\u00eb investimet n\u00eb sistemin e furnizimit me uj\u00eb dhe n\u00eb trajtimin e uj\u00ebrave t\u00eb zeza. Gjate kesaj jave Kryeministri [&hellip;]<\/p>\n","protected":false},"author":1,"featured_media":3466,"comment_status":"closed","ping_status":"closed","sticky":false,"template":"","format":"standard","meta":{"footnotes":""},"categories":[9],"tags":[],"class_list":{"0":"post-3465","1":"post","2":"type-post","3":"status-publish","4":"format-standard","5":"has-post-thumbnail","7":"category-vendi"},"_links":{"self":[{"href":"https:\/\/syri.tv\/index.php?rest_route=\/wp\/v2\/posts\/3465","targetHints":{"allow":["GET"]}}],"collection":[{"href":"https:\/\/syri.tv\/index.php?rest_route=\/wp\/v2\/posts"}],"about":[{"href":"https:\/\/syri.tv\/index.php?rest_route=\/wp\/v2\/types\/post"}],"author":[{"embeddable":true,"href":"https:\/\/syri.tv\/index.php?rest_route=\/wp\/v2\/users\/1"}],"replies":[{"embeddable":true,"href":"https:\/\/syri.tv\/index.php?rest_route=%2Fwp%2Fv2%2Fcomments&post=3465"}],"version-history":[{"count":1,"href":"https:\/\/syri.tv\/index.php?rest_route=\/wp\/v2\/posts\/3465\/revisions"}],"predecessor-version":[{"id":3467,"href":"https:\/\/syri.tv\/index.php?rest_route=\/wp\/v2\/posts\/3465\/revisions\/3467"}],"wp:featuredmedia":[{"embeddable":true,"href":"https:\/\/syri.tv\/index.php?rest_route=\/wp\/v2\/media\/3466"}],"wp:attachment":[{"href":"https:\/\/syri.tv\/index.php?rest_route=%2Fwp%2Fv2%2Fmedia&parent=3465"}],"wp:term":[{"taxonomy":"category","embeddable":true,"href":"https:\/\/syri.tv\/index.php?rest_route=%2Fwp%2Fv2%2Fcategories&post=3465"},{"taxonomy":"post_tag","embeddable":true,"href":"https:\/\/syri.tv\/index.php?rest_route=%2Fwp%2Fv2%2Ftags&post=3465"}],"curies":[{"name":"wp","href":"https:\/\/api.w.org\/{rel}","templated":true}]}}