{"id":3434,"date":"2023-05-20T11:17:52","date_gmt":"2023-05-20T11:17:52","guid":{"rendered":"https:\/\/syri.tv\/?p=3434"},"modified":"2023-05-20T11:17:52","modified_gmt":"2023-05-20T11:17:52","slug":"dokufest-shfaq-11filma-te-te-rinjeve-kosovar-ne-gjeneve-te-zvicres","status":"publish","type":"post","link":"https:\/\/syri.tv\/?p=3434","title":{"rendered":"DokuFest shfaq 11filma t\u00eb t\u00eb rinj\u00ebve Kosovar n\u00eb Gjenev\u00eb te Zvicr\u00ebs"},"content":{"rendered":"<div class=\"page\" data-page-number=\"1\" data-loaded=\"true\">\n<div class=\"textLayer\">M\u00eb 26 maj, Eroll Bilibani &amp; Malbora Krajku, do t\u00eb udh\u00ebtojn\u00eb n\u00eb Gjenev\u00eb t\u00eb Zvicr\u00ebs p\u00ebr t\u00eb prezantuar tre programe me 11filma t\u00eb prodhuar nga DokuFest, nga programi edukativ DokuLab, q\u00eb p\u00ebr 12 vite me rradh\u00eb nxit krijimtarin\u00ebefilmave dokumentar\u00eb kreativ, duke fuqizuar mendjet e reja p\u00ebr t\u00eb p\u00ebrqafuar rolin e tyre si katalizator\u00eb p\u00ebr ndryshime shoq\u00ebrore.P\u00ebrfaq\u00ebsuesit e DokuFest do t\u00eb prezantojn\u00eb programin medy ish-nx\u00ebn\u00ebse t\u00eb shkollave tona t\u00eb filmit, Dafina Daka dhe Lyra Pozhegu.<\/div>\n<div><\/div>\n<div class=\"textLayer\">Programet jan\u00eb sjell\u00eb n\u00eb bashk\u00ebpunim me \u2018Universit\u00e9 Populaire Albanaise\u2019 dhe do t\u00eb shfaqen n\u00eb &#8218;Les Cin\u00e9mas du Gr\u00fctli&#8216;. &#8218;Uversit\u00e9 Populaire Albanaise&#8216; ose &#8218;Universiteti Popullor Shqiptar&#8216; \u00ebsht\u00eb nj\u00eb shoqat\u00eb jofitimprur\u00ebse q\u00eb punon p\u00ebr t\u00eb mb\u00ebshtetur migrant\u00ebt drejt integrimit m\u00eb t\u00eb mir\u00eb n\u00eb Zvic\u00ebr, n\u00eb kuad\u00ebr t\u00eb pun\u00ebs s\u00eb &#8218;Universiteti i Kulturave t\u00eb Gjenev\u00ebs'(UPA).<\/div>\n<div><\/div>\n<div class=\"textLayer\">Filmat trajtojn\u00eb tema t\u00eb ndryshme shoq\u00ebrore si pabarazia, varf\u00ebria, fuqizimi i vajzave, dhuna dhe ngacmimet, tregime nga margjinat e Kosov\u00ebs, ambient etj.<\/div>\n<div><\/div>\n<div class=\"textLayer\">Programi 1:<\/div>\n<div class=\"textLayer\">Arti i Personales (The Art of Personal)-programi 33 minuta<\/div>\n<div><\/div>\n<div class=\"textLayer\">Shtojzovalle-12 min<\/div>\n<div class=\"textLayer\">Regjia: Flutura Balaj<\/div>\n<div class=\"textLayer\">Krijesa magjike e mitologjis\u00eb shqiptare q\u00eb zot\u00ebrojn\u00eb fuqi t\u00eb mbinatyrshme dhe bukuri t\u00eb jasht\u00ebzakonshme. T\u00eb gjendur shpesh n\u00eb pyll duke k\u00ebnduar dhe k\u00ebrcyer, Shtojzovalle m\u00eb n\u00eb fund kapen nga syt\u00eb e njer\u00ebzve. Pas shekujsh t\u00eb jetuari rreth nesh, ata na ftojn\u00eb n\u00eb realitetet e tyre mistike. Duke na l\u00ebn\u00eb t\u00eb takojm\u00eb superfuqit\u00eb e tyre, bot\u00ebn e tyre t\u00eb bukur dhe d\u00ebshir\u00ebn p\u00ebr muzik\u00eb, k\u00ebto Shtojzovalle na ndihmojn\u00eb t\u00eb reflektojm\u00eb mbi mund\u00ebsit\u00eb e humbura q\u00eb kemi pasur p\u00ebr t\u00eb par\u00eb dhe vler\u00ebsuar \u00e7do Shtojzovalle n\u00eb jet\u00ebn reale.<\/div>\n<div><\/div>\n<div class=\"textLayer\">Pa p\u00ebrkufizim-6 min<\/div>\n<div class=\"textLayer\">Regjia: Era Skivjani<\/div>\n<div class=\"textLayer\">Rr\u00ebfimet e disa personazheve p\u00ebr paragjykimet dhe diskriminimin n\u00eb shoq\u00ebrin\u00eb ton\u00eb.<\/div>\n<div><\/div>\n<div class=\"textLayer\">Laetitia -9 min<\/div>\n<div class=\"textLayer\">Regjia: Laureta Pa\u00e7arizi<\/div>\n<div class=\"textLayer\">Laetitia \u00ebsht\u00eb nj\u00eb grua franceze q\u00eb i p\u00eblqen gjith\u00e7ka n\u00eb jet\u00eb. Ajo jeton n\u00eb Prizren t\u00eb Kosov\u00ebs me bashk\u00ebshortin e saj kosovar dhe dy f\u00ebmij\u00ebt e tyre. Kur ajo \u00ebsht\u00eb 41, ajo s\u00ebmuret p\u00ebrfundimisht dhe e di se do t\u00eb vdes\u00eb n\u00eb nj\u00eb koh\u00eb t\u00eb shkurt\u00ebr. Q\u00eb nga ky moment, forca, dashuria dhe besimi i saj fillojn\u00eb t\u00eb rriten n\u00eb m\u00ebnyr\u00eb t\u00eb mahnitshme.<\/div>\n<div><\/div>\n<div class=\"textLayer\">Shpresa-9min<\/div>\n<div class=\"textLayer\">Regjia: Lyra Pozhegu<\/div>\n<div class=\"textLayer\">Ajo quhet Shpresa, q\u00eb do t\u00eb thot\u00eb \u201cshpres\u00eb\u201d. Shpresa tregon p\u00ebr shpres\u00ebn gjat\u00eb koh\u00ebs s\u00eb luft\u00ebs, derisa ajo shp\u00ebton t\u00eb dy v\u00ebllez\u00ebrit e saj nga kampet e armikut.<\/p>\n<div class=\"endOfContent\"><\/div>\n<\/div>\n<\/div>\n<div class=\"page\" data-page-number=\"2\" data-loaded=\"true\">\n<div class=\"textLayer\">Pas programit t\u00eb par\u00eb do te diskutohet rreth tem\u00ebs s\u00eb \u00e7\u00ebshtjeve gjinore, pozicionin e gruas n\u00eb shoq\u00ebri, rolet e paracaktuara nga shoq\u00ebria dhe fush\u00ebn e mund\u00ebsive dhe stereotipizimin. Ne panel marrin pjes\u00eb Bessa Myftiu, noveliste zvicerane dhe shqiptare, pedagoge n\u00eb Universitetine Edukimit n\u00eb Lozan\u00eb; Agi Foldhazi, asistent n\u00eb departamentin e sociologjis\u00eb n\u00eb Universitetin e Gjenev\u00ebs, studimi gjinor, diskriminimi, President i Aspasie; Saranda Ademi, p\u00ebrkthyese komunitare p\u00ebr p\u00ebrkthimet e dhun\u00ebs n\u00eb familje, dhe regjisoret Dafina Daka dhe Lyra Pozhegu.<\/div>\n<div><\/div>\n<div class=\"textLayer\">Programi 2<\/div>\n<div class=\"textLayer\">Perceptimet e identitetit (Perception of Identity) -program 28 minuta<\/div>\n<div><\/div>\n<div class=\"textLayer\">In Rainbows (N\u00eb Ylber)-7 min<\/div>\n<div class=\"textLayer\">Regjia: Vlera AziziIn Rainbows \u00ebsht\u00eb nj\u00eb dokumentar i shkurt\u00ebr q\u00eb fokusohet n\u00eb drag queens q\u00eb jetojn\u00eb n\u00eb Kosov\u00eb dhe luft\u00ebn kund\u00ebr intoleranc\u00ebs e vendosur n\u00eb nj\u00eb kryeqytet. Ne ndjekim dy mbret\u00ebresha t\u00eb famshme n\u00eb p\u00ebrpjekjen e tyre p\u00ebr t\u00eb p\u00ebrqafuar personalitetin e tyre t\u00eb shk\u00eblqyer gjat\u00eb gjith\u00eb koh\u00ebs duke u p\u00ebrgatitur p\u00ebr performanc\u00ebn e tyre t\u00eb radh\u00ebs. Duke prekur gjithashtu \u00e7\u00ebshtjet e homofobis\u00eb dhe prejardhjes socio-ekonomike, dokumentari paraqet biseda midis mbret\u00ebreshave t\u00eb njohura t\u00eb t\u00ebrheqjes Agatha Bones dhe Diva.<\/div>\n<div><\/div>\n<div class=\"textLayer\">Man (Burri)\u201312min<\/div>\n<div class=\"textLayer\">Regjia: Dafina Daka<\/div>\n<div class=\"textLayer\">Koncepti i k\u00ebtij dokumentari \u00ebsht\u00eb t\u00eb rris\u00eb nd\u00ebrgjegj\u00ebsimin ndaj maskulinitetit toksik, i cili prek shum\u00eb t\u00eb rinjt\u00eb n\u00eb Kosov\u00eb dhe n\u00eb shumic\u00ebn e rasteve \u00e7on n\u00eb pasoja emocionale si depresioni, agresioni, vet\u00ebvler\u00ebsimi i ul\u00ebt, demotivimi, konfuzioni n\u00eb vendimmarrje sidomos n\u00eb zgjedhjen e karrier\u00ebs.<\/div>\n<div><\/div>\n<div class=\"textLayer\">Without Brother (Pa v\u00eblla) \u20139 min<\/div>\n<div class=\"textLayer\">Regjia: Alba Demiri, Genta Sefa<\/div>\n<div class=\"textLayer\">Kat\u00ebr gra, nj\u00eb histori. E th\u00ebn\u00eb n\u00eb mbar\u00eb Kosov\u00ebn. Barra e t\u00eb qenit vajz\u00eb, n\u00eb familjet pa djem. Plot ankth, paragjykime dhe guxim. Pa vlla! Nj\u00eb film q\u00eb kap\u00ebrcen stereotipet gjinore.<\/div>\n<div><\/div>\n<div class=\"textLayer\">Edhe ky program do t\u00eb pasohet me nj\u00eb diskutim mbi perceptimet e identitetit. Kjo tem\u00eb do t\u00eb identifikoj\u00eb perceptimet individuale dhe kolektive t\u00eb identitetit seksual, kuptimin e p\u00ebrkat\u00ebsis\u00eb si n\u00eb Kosov\u00eb ashtu edhe n\u00eb Zvic\u00ebr, ligjin e heshtjes dhe kultur\u00ebn e frik\u00ebs, diskriminimit dhe evolucionin e mentaliteteve. Ekipit t\u00eb DokuFest n\u00eb k\u00ebt\u00eb diskutim do t\u2019i bashkangjiten edhe Bekim Ballkanika artist i traum\u00ebs q\u00eb v\u00eb n\u00eb pik\u00ebpyetje vendin e diaspor\u00ebs, n\u00eb ve\u00e7anti shqipfol\u00ebsve, n\u00eb shoq\u00ebrin\u00eb zvicerane. K\u00ebshtu sfidon sot n\u00eb artin e tij \u00e7\u00ebshtjet e gjinis\u00eb dhe zakoneve st\u00ebrgjyshore, t\u00eb gjitha n\u00eb m\u00ebnyr\u00eb teatrale, aktante, humoristike dhe lozonjare.<\/p>\n<div class=\"endOfContent\"><\/div>\n<\/div>\n<\/div>\n<div class=\"page\" data-page-number=\"3\" data-loaded=\"true\">\n<div class=\"textLayer\">Programi 3<\/div>\n<div class=\"textLayer\">Tregime t\u00eb thjeshta nga nj\u00eb rajon kompleks(Simple stories from a complex region)-program 33 minuta<\/div>\n<div><\/div>\n<div class=\"textLayer\">Smoke (Tymi) -9 min<\/div>\n<div class=\"textLayer\">Regjia: Gorana Jovanoviq<\/div>\n<div class=\"textLayer\">Nj\u00eb sht\u00ebpi u dogj gjasht\u00ebmb\u00ebdhjet\u00eb vjet m\u00eb par\u00eb, por tymi mbetet.<\/div>\n<div class=\"textLayer\">Flutter (Val\u00ebvitje) -10 min<\/div>\n<div class=\"textLayer\">Regjia: Norika Sefa<\/div>\n<div class=\"textLayer\">Nj\u00eb sht\u00ebpi u dogj gjasht\u00ebmb\u00ebdhjet\u00eb vjet m\u00eb par\u00eb, por tymi mbetet.<\/div>\n<div><\/div>\n<div class=\"textLayer\">\u201cNaser\u201d -6 min<\/div>\n<div class=\"textLayer\">Regjia: Biljana Dulovic, Mateja Raickovic, Yllka Haxhikadrija<\/div>\n<div class=\"textLayer\">Rutina e peshkatarit zbuloi pjes\u00ebt e fshehura t\u00eb k\u00ebsaj pune dhe shum\u00eb nga betejat e saj.<\/div>\n<div><\/div>\n<div class=\"textLayer\">The Spring In Summer (Pranvera n\u00eb Ver\u00eb) -8 minuta<\/div>\n<div class=\"textLayer\">Regjia: Mila Radonjikj, Vanja Ristic, Edin Alija \u2013Filmi kap njer\u00ebzit q\u00eb p\u00ebrdorin burimin e ujit, duke eksploruar lidhjet e njer\u00ebzve, dallimet, e p\u00ebrvojat e p\u00ebrbashk\u00ebta.<\/div>\n<div><\/div>\n<div class=\"textLayer\">Programi do t\u00eb p\u00ebrmbyllet me diskutimin e fundit rreth temave q\u00eb kan\u00eb t\u00eb b\u00ebjn\u00eb me pakicat dhe diskriminimin. Kjo tem\u00eb do t\u00eb synoj\u00eb t\u00eb kontekstualizoj\u00eb rolin e p\u00ebrkat\u00ebsis\u00eb etnike dhe vendin e saj n\u00eb shoq\u00ebri, midis njohjes dhe diskriminimit, stereotipeve dhe respektimit t\u00eb dallimeve. Eroll Bilibanit n\u00eb k\u00ebt\u00eb diskutim do t\u2019i bashkangjiten Iulia Hasdeu, bashk\u00ebpun\u00ebtore k\u00ebrkimore antropologe n\u00eb Universitetin e Pun\u00ebs Sociale, ka punuar n\u00eb artikulimin midis gjinis\u00eb dhe p\u00ebrkat\u00ebsis\u00eb etnike, ve\u00e7an\u00ebrisht n\u00eb grupet rome (n\u00eb Rumani, Bullgari, Belgjik\u00eb, Zvic\u00ebr) si dhe avokati G\u00ebzim Ilazi.<\/div>\n<div><\/div>\n<div class=\"textLayer\">Q\u00ebllimi i shqyrtimit dhe debateve n\u00eb Gjenev\u00eb \u00ebsht\u00eb t\u00eb p\u00ebrdit\u00ebsoj\u00eb njohurit\u00eb, t\u00eb rris\u00eb nd\u00ebrgjegj\u00ebsimin dhe t\u00eb nd\u00ebrgjegj\u00ebsoj\u00eb publikun e shumt\u00eb t\u00eb Gjenev\u00ebs p\u00ebr k\u00ebto \u00e7\u00ebshtje q\u00eb shpesh anashkalohen dhe\/ose p\u00ebrb\u00ebjn\u00eb tabu.<\/div>\n<div><\/div>\n<div class=\"textLayer\">Pavar\u00ebsisht realiteteve q\u00eb duken t\u00eb larg\u00ebta, filmat e DokuFest sh\u00ebrbejn\u00eb si nj\u00eb shtys\u00eb p\u00ebr t\u00eb zgjeruar debatin edhe p\u00ebr funksionimin dhe pasqyrimin e k\u00ebtyre fenomeneve n\u00eb Gjenev\u00eb dhe Zvic\u00ebr<\/div>\n<\/div>\n","protected":false},"excerpt":{"rendered":"<p>M\u00eb 26 maj, Eroll Bilibani &amp; Malbora Krajku, do t\u00eb udh\u00ebtojn\u00eb n\u00eb Gjenev\u00eb t\u00eb Zvicr\u00ebs p\u00ebr t\u00eb prezantuar tre programe me 11filma t\u00eb prodhuar nga DokuFest, nga programi edukativ DokuLab, q\u00eb p\u00ebr 12 vite me rradh\u00eb nxit krijimtarin\u00ebefilmave dokumentar\u00eb kreativ, duke fuqizuar mendjet e reja p\u00ebr t\u00eb p\u00ebrqafuar rolin e tyre si katalizator\u00eb p\u00ebr ndryshime [&hellip;]<\/p>\n","protected":false},"author":1,"featured_media":3435,"comment_status":"closed","ping_status":"closed","sticky":false,"template":"","format":"standard","meta":{"footnotes":""},"categories":[108],"tags":[],"class_list":{"0":"post-3434","1":"post","2":"type-post","3":"status-publish","4":"format-standard","5":"has-post-thumbnail","7":"category-kulture-2"},"_links":{"self":[{"href":"https:\/\/syri.tv\/index.php?rest_route=\/wp\/v2\/posts\/3434","targetHints":{"allow":["GET"]}}],"collection":[{"href":"https:\/\/syri.tv\/index.php?rest_route=\/wp\/v2\/posts"}],"about":[{"href":"https:\/\/syri.tv\/index.php?rest_route=\/wp\/v2\/types\/post"}],"author":[{"embeddable":true,"href":"https:\/\/syri.tv\/index.php?rest_route=\/wp\/v2\/users\/1"}],"replies":[{"embeddable":true,"href":"https:\/\/syri.tv\/index.php?rest_route=%2Fwp%2Fv2%2Fcomments&post=3434"}],"version-history":[{"count":1,"href":"https:\/\/syri.tv\/index.php?rest_route=\/wp\/v2\/posts\/3434\/revisions"}],"predecessor-version":[{"id":3436,"href":"https:\/\/syri.tv\/index.php?rest_route=\/wp\/v2\/posts\/3434\/revisions\/3436"}],"wp:featuredmedia":[{"embeddable":true,"href":"https:\/\/syri.tv\/index.php?rest_route=\/wp\/v2\/media\/3435"}],"wp:attachment":[{"href":"https:\/\/syri.tv\/index.php?rest_route=%2Fwp%2Fv2%2Fmedia&parent=3434"}],"wp:term":[{"taxonomy":"category","embeddable":true,"href":"https:\/\/syri.tv\/index.php?rest_route=%2Fwp%2Fv2%2Fcategories&post=3434"},{"taxonomy":"post_tag","embeddable":true,"href":"https:\/\/syri.tv\/index.php?rest_route=%2Fwp%2Fv2%2Ftags&post=3434"}],"curies":[{"name":"wp","href":"https:\/\/api.w.org\/{rel}","templated":true}]}}