{"id":3419,"date":"2023-05-17T21:35:59","date_gmt":"2023-05-17T21:35:59","guid":{"rendered":"https:\/\/syri.tv\/?p=3419"},"modified":"2023-05-21T16:20:09","modified_gmt":"2023-05-21T16:20:09","slug":"moral-pozhegu-historia-e-suksesit-ne-gazetarine-sportive-ne-kosove","status":"publish","type":"post","link":"https:\/\/syri.tv\/?p=3419","title":{"rendered":"Moral Pozhegu, historia e suksesit n\u00eb gazetarin\u00eb sportive n\u00eb Kosov\u00eb"},"content":{"rendered":"<p>Sporti kosovar \u00ebsht\u00eb p\u00ebrballur me v\u00ebshtir\u00ebsi t\u00eb m\u00ebdha n\u00eb vitet e para t\u00eb pasluft\u00ebs.<\/p>\n<p>N\u00eb nj\u00eb izolim t\u00eb thell\u00eb, sportist\u00ebt kishin nevoj\u00eb p\u00ebr p\u00ebrkrahje q\u00eb t\u00eb ngritej z\u00ebri i tyre.<\/p>\n<p>Dhe, e vetmja mund\u00ebsi p\u00ebr ta q\u00eb ta shfaqnin pak\u00ebnaq\u00ebsin\u00eb dhe zhg\u00ebnjimin p\u00ebr diskriminimin q\u00eb po u b\u00ebhej ishte q\u00eb nj\u00eb gj\u00eb t\u00eb till\u00eb ta b\u00ebnin p\u00ebrmes mediave.<\/p>\n<p>Moral Pozhegu \u00ebsht\u00eb nj\u00ebri prej gazetar\u00ebve m\u00eb aktiv\u00eb dhe m\u00eb me p\u00ebrvoj\u00eb n\u00eb sportin e pasluft\u00ebs.<\/p>\n<p>Prej m\u00eb shum\u00eb se 22 vjet\u00ebsh, gazetari gjakovar e ushtron profesionin e gazetarit sportiv, duke p\u00ebrcjell\u00eb breza e breza sportist\u00ebsh, por duke e provuar edhe koh\u00ebn e izolimit t\u00eb sportit kosovar e deri tek pranimi n\u00eb instancat m\u00eb t\u00eb larta nd\u00ebrkomb\u00ebtare, p\u00ebr t\u00eb vazhduar m\u00eb pas me sukseset e sportist\u00ebve dhe t\u00eb klubeve q\u00eb kan\u00eb nisur t\u00eb marrin hov.<\/p>\n<p><img loading=\"lazy\" loading=\"lazy\" decoding=\"async\" class=\"alignnone size-full wp-image-3424\" src=\"https:\/\/syri.tv\/wp-content\/uploads\/2023\/05\/Herunterladen.png\" alt=\"\" width=\"604\" height=\"429\" srcset=\"https:\/\/syri.tv\/wp-content\/uploads\/2023\/05\/Herunterladen.png 604w, https:\/\/syri.tv\/wp-content\/uploads\/2023\/05\/Herunterladen-300x213.png 300w\" sizes=\"auto, (max-width: 604px) 100vw, 604px\" \/><\/p>\n<p>Por, si nisi gjith\u00e7ka zot\u00ebri Pozhegu? Ai na tregon n\u00eb pika t\u00eb shkurtra.<\/p>\n<p>\u201cFillimisht, faleminderit p\u00ebr interesimin, televizioni Syri. Un\u00eb kam pasur gjithmon\u00eb respekt dhe dashuri p\u00ebr diaspor\u00ebn. Pa ju, sporti kosovar nuk do t\u00eb mund\u00eb t\u00eb zhvillohej dhe t\u00eb p\u00ebrparonte, pra do t\u00eb ishte i mang\u00ebt. Prandaj, faleminderit p\u00ebr gjith\u00e7ka q\u00eb keni b\u00ebr\u00eb p\u00ebr sportin n\u00eb Kosov\u00eb, me ndihm\u00ebn dhe mb\u00ebshtetjen e pashoqe n\u00eb t\u00eb gjitha aspektet\u201d, thot\u00eb n\u00eb fillim t\u00eb bised\u00ebs Pozhegu.<\/p>\n<p>\u201cSa i p\u00ebrket karrier\u00ebs, un\u00eb e kisha babin, Mensurin, gazetar, redaktor dhe lektor, por edhe v\u00ebllain, Realin, gazetar sportiv. Prandaj, \u00ebsht\u00eb disi si me gjene kjo pun\u00eb dhe nuk kisha si t\u00eb veproja ndryshe, m\u00eb p\u00eblqente puna q\u00eb e b\u00ebnin ata. Nisa gjith\u00e7ka n\u00eb vitin 2002 n\u00eb Radio Gjakova derisa isha n\u00eb vitin e kat\u00ebrt t\u00eb shkoll\u00ebs s\u00eb mesme. E kishim nj\u00eb emision sportiv me nj\u00eb shok klase. M\u00eb pas, n\u00eb vitin 2003 u ky\u00e7a si korrespodent prej Gjakov\u00ebs i gazet\u00ebs s\u00eb famshme sportive n\u00eb at\u00eb koh\u00eb, Kosova Sport. Tutje, u riktheva n\u00eb Prishtin\u00eb pas shtat\u00eb vjet\u00ebsh q\u00ebndrimi n\u00eb Gjakov\u00eb, p\u00ebr ta vazhduar karrier\u00ebn n\u00eb kryeqytet. N\u00eb vitet n\u00eb vijim punona shkurt n\u00eb Koh\u00ebn Ditore, p\u00ebr t\u00eb vazhduar m\u00eb pas n\u00eb \u2018Gazet\u00ebn Express\u2019, n\u00eb portalin \u2018Lajmi.net\u2019, n\u00eb gazet\u00ebn \u2018Sporti\u2019, n\u00eb gazet\u00ebn \u201cZ\u00ebri\u201d dhe prej aty u riktheva n\u00eb vitin 2019 prap\u00eb n\u00eb \u2018Express\u2019, nd\u00ebrsa jam i angazhuar koh\u00eb pas kohe edhe n\u00eb televizionin \u2018T7\u2019, pasi jemi nj\u00eb sht\u00ebpi. Ia kalojm\u00eb p\u00ebr mrekulli me koleg\u00ebt, Valonin, Aganin, Endritin, Albinin dhe Arb\u00ebrin\u00eb. Gjithashtu, koh\u00eb pas kohe kam punuar edhe n\u00eb disa projekte q\u00eb lidhen me gazetarin\u00eb\u201d, e tregon ky gazetar karrier\u00ebn e tij n\u00eb pika t\u00eb shkurtra.<\/p>\n<p><img loading=\"lazy\" loading=\"lazy\" decoding=\"async\" class=\"alignnone size-full wp-image-3420\" src=\"https:\/\/syri.tv\/wp-content\/uploads\/2023\/05\/3.png\" alt=\"\" width=\"665\" height=\"832\" srcset=\"https:\/\/syri.tv\/wp-content\/uploads\/2023\/05\/3.png 665w, https:\/\/syri.tv\/wp-content\/uploads\/2023\/05\/3-240x300.png 240w\" sizes=\"auto, (max-width: 665px) 100vw, 665px\" \/><\/p>\n<p>Pozhegut nd\u00ebrkoh\u00eb nuk i kan\u00eb munguar as sukseset n\u00eb pun\u00ebn e tij.<\/p>\n<p>Ai madje \u00ebsht\u00eb gazetari m\u00eb i suksessh\u00ebm n\u00eb histori t\u00eb gazetaris\u00eb sportive n\u00eb Kosov\u00eb pasi ka fituar \u00e7mime dhe mir\u00ebnjohje t\u00eb shumta.<\/p>\n<p>\u201cPo, gjat\u00eb karrier\u00ebs sime i kam b\u00ebr\u00eb mij\u00ebra shkrime, nj\u00eb pjes\u00eb e mir\u00eb e tyre autoriale, dhe qindra kronika televizive. Nd\u00ebrkoh\u00eb, jam zgjedhur kat\u00ebr her\u00eb gazetari sportiv, respektivisht e kam fituar \u00e7mimin \u2018Ali Shala\u2019, por kam marr\u00eb \u00e7mim edhe nga AGK-ja (Asociacioni i Gazetar\u00ebve t\u00eb Kosov\u00ebs), p\u00ebrmes disa hulumtimeve sportive q\u00eb i kam b\u00ebr\u00eb. Natyrisht, p\u00ebr k\u00ebto \u00e7mime merita ka edhe shoku im dhe kolegu, Valon Konushevci, me t\u00eb cilin punojm\u00eb s\u00eb bashku q\u00eb nga viti 2006\u201d, vazhdon ai.<\/p>\n<p>Pozhegu ka punuar n\u00eb disa etapa duke e provuar koh\u00ebn kur interneti ishte m\u00eb pak i zhvilluar, por edhe gazet\u00ebn e shtypur, e cila tash n\u00eb Kosov\u00eb i p\u00ebrket s\u00eb kaluar\u00ebs.<\/p>\n<p><img loading=\"lazy\" loading=\"lazy\" decoding=\"async\" class=\"alignnone size-full wp-image-3423\" src=\"https:\/\/syri.tv\/wp-content\/uploads\/2023\/05\/5.png\" alt=\"\" width=\"960\" height=\"639\" srcset=\"https:\/\/syri.tv\/wp-content\/uploads\/2023\/05\/5.png 960w, https:\/\/syri.tv\/wp-content\/uploads\/2023\/05\/5-300x200.png 300w, https:\/\/syri.tv\/wp-content\/uploads\/2023\/05\/5-768x511.png 768w, https:\/\/syri.tv\/wp-content\/uploads\/2023\/05\/5-330x220.png 330w, https:\/\/syri.tv\/wp-content\/uploads\/2023\/05\/5-420x280.png 420w, https:\/\/syri.tv\/wp-content\/uploads\/2023\/05\/5-615x410.png 615w, https:\/\/syri.tv\/wp-content\/uploads\/2023\/05\/5-860x572.png 860w\" sizes=\"auto, (max-width: 960px) 100vw, 960px\" \/><\/p>\n<p>Ai do t\u00eb ishte personi adekuat p\u00ebr t\u00eb na b\u00ebr\u00eb nj\u00eb dallim mes gazetaris\u00eb s\u00eb para 20 vjet\u00ebve me at\u00eb t\u00eb sotmen.<\/p>\n<p>\u201c\u00cbsht\u00eb shum\u00eb interesante, nj\u00eb dallim i madh dhe i paimagjinuesh\u00ebm p\u00ebr gjeneratat e reja sot. N\u00eb at\u00eb koh\u00eb interneti nuk ishte i avancuar si sot, hasnim n\u00eb v\u00ebshtir\u00ebsi p\u00ebr t\u00eb gjetur lajme dhe informacione. Na ka ndodhur q\u00eb ndeshjet t\u2019i d\u00ebgjojm\u00eb n\u00eb zyr\u00eb n\u00eb radio pasi s\u2019kishim as korrespodent\u00eb e as nuk transmetoheshin n\u00eb tv. P\u00ebr garat e koh\u00ebpaskohshme jasht\u00eb vendit na informonin p\u00ebrmes email-it drejtuesit e klubeve apo t\u00eb sportist\u00ebve. Ishin koh\u00ebra shum\u00eb t\u00eb v\u00ebshtira. E sot, me zhvillimin e teknologjis\u00eb, gjith\u00e7ka \u00ebsht\u00eb m\u00eb e leht\u00eb, lajmin mund ta \u2018kap\u00ebsh\u2019 kudo dhe leht\u00eb n\u00eb internet, mbi t\u00eb gjitha n\u00eb rrjetet sociale. N\u00eb gazet\u00eb ishte m\u00eb ndryshe, e ke pasur t\u00eb kufizuar hap\u00ebsir\u00ebn p\u00ebr shkrim, nd\u00ebrsa n\u00eb portal sot shkruan pa limit n\u00ebse do. Sot \u00ebsht\u00eb shum\u00eb m\u00eb e leht\u00eb, por fatkeq\u00ebsisht niveli i gazetaris\u00eb ka r\u00ebn\u00eb duksh\u00ebm pasi kualiteti i shkrimit nuk \u00ebsht\u00eb si m\u00eb par\u00eb, ka m\u00eb pak profesionaliz\u00ebm dhe m\u00eb pak seriozitet n\u00eb pun\u00eb\u201d, shprehet i shqet\u00ebsuar Pozhegu.<\/p>\n<p><img loading=\"lazy\" loading=\"lazy\" decoding=\"async\" class=\"alignnone size-full wp-image-3421\" src=\"https:\/\/syri.tv\/wp-content\/uploads\/2023\/05\/2.png\" alt=\"\" width=\"948\" height=\"832\" srcset=\"https:\/\/syri.tv\/wp-content\/uploads\/2023\/05\/2.png 948w, https:\/\/syri.tv\/wp-content\/uploads\/2023\/05\/2-300x263.png 300w, https:\/\/syri.tv\/wp-content\/uploads\/2023\/05\/2-768x674.png 768w, https:\/\/syri.tv\/wp-content\/uploads\/2023\/05\/2-860x755.png 860w\" sizes=\"auto, (max-width: 948px) 100vw, 948px\" \/><\/p>\n<p>Duke u kthyer prapa n\u00eb koh\u00eb, gazetari sportiv zbulon se n\u00eb vitet e para t\u00eb pasluft\u00ebs ishte marr\u00eb me futboll, por q\u00eb e kishte mbyllur karrier\u00ebn her\u00ebt p\u00ebr t\u2019ju p\u00ebrkushtuar profesionit q\u00eb aq shum\u00eb e do.<\/p>\n<p>\u201cPo, futbollin e kam dashur shum\u00eb q\u00eb nga f\u00ebmij\u00ebria, kur luanim me shok\u00eb, fillimisht n\u00eb Prishtin\u00eb, n\u00eb Bregun e Diellit, e m\u00eb pas n\u00eb Gjakov\u00eb ,n\u00eb Bllokun e Ri. Nd\u00ebrkoh\u00eb, u b\u00ebra pjes\u00eb e ekipit t\u00eb junior\u00ebve t\u00eb V\u00ebllaznimit, me t\u00eb cilin ishim shum\u00eb af\u00ebr t\u00eb shpalleshim kampion\u00eb t\u00eb Kosov\u00ebs n\u00eb sezonin 2002\/03. M\u00eb pas u riktheva n\u00eb Prishtin\u00eb p\u00ebr t\u00eb banuar dhe iu bashkova ekipit t\u00eb t\u00eb rinjve t\u00eb Kosov\u00ebs s\u00eb Prishtin\u00ebs, p\u00ebr ta mbyllur aty at\u00eb \u2018cop\u00eb\u2019 karriere. E lash sepse nuk pash perspektiv\u00eb, ishim t\u00eb izoluar totalisht dhe nuk kisha ndonj\u00eb potencial t\u00eb madh. Sidoqoft\u00eb, un\u00eb nuk u largova p\u00ebrfundimisht nga bota e futbollit dhe sportit pasi profesioni q\u00eb e kam zgjedhur ma mund\u00ebson t\u00eb jem pjes\u00eb e sportit pasi merrem \u00e7do dit\u00eb me t\u00eb, por tash nga kompjuteri&#8230;\u201d, vijoi gazetari i njohur kosovar.<\/p>\n<p><img loading=\"lazy\" loading=\"lazy\" decoding=\"async\" class=\"alignnone size-large wp-image-3425\" src=\"https:\/\/syri.tv\/wp-content\/uploads\/2023\/05\/Herunterladen-1-1024x590.png\" alt=\"\" width=\"1024\" height=\"590\" srcset=\"https:\/\/syri.tv\/wp-content\/uploads\/2023\/05\/Herunterladen-1-1024x590.png 1024w, https:\/\/syri.tv\/wp-content\/uploads\/2023\/05\/Herunterladen-1-300x173.png 300w, https:\/\/syri.tv\/wp-content\/uploads\/2023\/05\/Herunterladen-1-768x443.png 768w, https:\/\/syri.tv\/wp-content\/uploads\/2023\/05\/Herunterladen-1-860x496.png 860w, https:\/\/syri.tv\/wp-content\/uploads\/2023\/05\/Herunterladen-1.png 1433w\" sizes=\"auto, (max-width: 1024px) 100vw, 1024px\" \/><\/p>\n<p>Sa i p\u00ebrket familjes, Moral Pozhegu i ka dy motra, Alm\u00ebn dhe Donjet\u00ebn, dhe v\u00ebllain Reali, me prind\u00ebrit Mensurin dhe Vahiden.<\/p>\n<p>Ai \u00ebsht\u00eb i martuar me Burbuqen dhe i g\u00ebzon dy f\u00ebmij\u00eb, Lun\u00ebn dhe Lirin.<\/p>\n<p>Besim Laci &#8211; Gazetar i TV Syri Zvic\u00ebr<\/p>\n","protected":false},"excerpt":{"rendered":"<p>Sporti kosovar \u00ebsht\u00eb p\u00ebrballur me v\u00ebshtir\u00ebsi t\u00eb m\u00ebdha n\u00eb vitet e para t\u00eb pasluft\u00ebs. N\u00eb nj\u00eb izolim t\u00eb thell\u00eb, sportist\u00ebt kishin nevoj\u00eb p\u00ebr p\u00ebrkrahje q\u00eb t\u00eb ngritej z\u00ebri i tyre. Dhe, e vetmja mund\u00ebsi p\u00ebr ta q\u00eb ta shfaqnin pak\u00ebnaq\u00ebsin\u00eb dhe zhg\u00ebnjimin p\u00ebr diskriminimin q\u00eb po u b\u00ebhej ishte q\u00eb nj\u00eb gj\u00eb t\u00eb till\u00eb ta [&hellip;]<\/p>\n","protected":false},"author":1,"featured_media":3422,"comment_status":"closed","ping_status":"closed","sticky":false,"template":"","format":"standard","meta":{"footnotes":""},"categories":[106],"tags":[],"class_list":{"0":"post-3419","1":"post","2":"type-post","3":"status-publish","4":"format-standard","5":"has-post-thumbnail","7":"category-sport"},"_links":{"self":[{"href":"https:\/\/syri.tv\/index.php?rest_route=\/wp\/v2\/posts\/3419","targetHints":{"allow":["GET"]}}],"collection":[{"href":"https:\/\/syri.tv\/index.php?rest_route=\/wp\/v2\/posts"}],"about":[{"href":"https:\/\/syri.tv\/index.php?rest_route=\/wp\/v2\/types\/post"}],"author":[{"embeddable":true,"href":"https:\/\/syri.tv\/index.php?rest_route=\/wp\/v2\/users\/1"}],"replies":[{"embeddable":true,"href":"https:\/\/syri.tv\/index.php?rest_route=%2Fwp%2Fv2%2Fcomments&post=3419"}],"version-history":[{"count":2,"href":"https:\/\/syri.tv\/index.php?rest_route=\/wp\/v2\/posts\/3419\/revisions"}],"predecessor-version":[{"id":3433,"href":"https:\/\/syri.tv\/index.php?rest_route=\/wp\/v2\/posts\/3419\/revisions\/3433"}],"wp:featuredmedia":[{"embeddable":true,"href":"https:\/\/syri.tv\/index.php?rest_route=\/wp\/v2\/media\/3422"}],"wp:attachment":[{"href":"https:\/\/syri.tv\/index.php?rest_route=%2Fwp%2Fv2%2Fmedia&parent=3419"}],"wp:term":[{"taxonomy":"category","embeddable":true,"href":"https:\/\/syri.tv\/index.php?rest_route=%2Fwp%2Fv2%2Fcategories&post=3419"},{"taxonomy":"post_tag","embeddable":true,"href":"https:\/\/syri.tv\/index.php?rest_route=%2Fwp%2Fv2%2Ftags&post=3419"}],"curies":[{"name":"wp","href":"https:\/\/api.w.org\/{rel}","templated":true}]}}