{"id":3387,"date":"2023-05-16T11:23:38","date_gmt":"2023-05-16T11:23:38","guid":{"rendered":"https:\/\/syri.tv\/?p=3387"},"modified":"2023-05-16T11:23:38","modified_gmt":"2023-05-16T11:23:38","slug":"adil-maliqi-selektor-i-ri-i-kosoves-u-19","status":"publish","type":"post","link":"https:\/\/syri.tv\/?p=3387","title":{"rendered":"Adil Maliqi, selektor i ri i Kosov\u00ebs U-19"},"content":{"rendered":"<h2 class=\"single__title\">Adil Maliqi, selektor i ri i Kosov\u00ebs U-19<\/h2>\n<figure><img decoding=\"async\" src=\"https:\/\/www.gazetaexpress.com\/wp-content\/uploads\/2023\/05\/ADili1-600x360.jpg\" alt=\"\" \/><\/figure>\n<p>Adil Maliqi \u00ebsht\u00eb em\u00ebruar selektor i ri i Komb\u00ebtares U-19 t\u00eb Kosov\u00ebs.<\/p>\n<p>Ai n\u00eb k\u00ebt\u00eb pozit\u00eb do ta pasoj\u00eb trajnerin Ramiz Krasniqi, i cili tash e tutje do ta mbaj\u00eb pozit\u00ebn e koordinatorit n\u00eb U-19.<\/p>\n<p>Maliqi, i cili \u00ebsht\u00eb lindur dhe rritur n\u00eb Zvic\u00ebr, e ka t\u00eb p\u00ebrfunduar akademin\u00eb e futbollit \u201cGrasshopper Club Cyrih\u201d dhe at\u00eb t\u00eb \u201cFc Winterthur\u201d.<\/p>\n<p>Si futbollist, Maliqi ka qen\u00eb aktiv n\u00eb Lig\u00ebn e Par\u00eb t\u00eb Zvicr\u00ebs deri n\u00eb vitin 2012.<\/p>\n<p>Ai m\u00eb pas i ka drejtuar disa klube amatore n\u00eb Zvic\u00ebr dhe e ka nj\u00eb p\u00ebrvoj\u00eb 11-vje\u00e7are si trajner.<\/p>\n<p>Fillimisht ai u p\u00ebrzgjodh z\u00ebvend\u00ebs trajner n\u00eb futbollin profesionist tek U-15 n\u00eb akademin\u00eb e Winterturit, nd\u00ebrsa m\u00eb pas iu besua drejtimi i ekipit U-17 me \u00e7\u2018rast kjo grupmosh\u00eb n\u00ebn drejtimin e trajnerit Maliqi e sh\u00ebnoi suksesin m\u00eb t\u00eb madh ndonj\u00ebher\u00eb.<\/p>\n<p>N\u00eb karrier\u00ebn e tij si trajner ai i ka t\u00eb fituar dy tituj me skuadr\u00ebn \u201cSV Wyrenlos\u201d n\u00eb Lig\u00ebn e Tret\u00eb t\u00eb Zvicr\u00ebs.<\/p>\n<p>Trajneri Maliqi theksoi se pozita e p\u00ebrzgjedh\u00ebsit t\u00eb Komb\u00ebtares s\u00eb Kosov\u00ebs \u00ebsht\u00eb \u00ebnd\u00ebrr e kamotshme e tij, derisa p\u00ebrfaq\u00ebsimi i shtetit t\u00eb Kosov\u00ebs p\u00ebrb\u00ebn krenari p\u00ebr t\u00eb, nd\u00ebrsa premtoi se do t\u00eb punoj\u00eb me shum\u00eb p\u00ebrkushtim p\u00ebr suksesin e \u201cDardan\u00ebve\u201d t\u00eb rinj.<\/p>\n<p>Atij, mir\u00ebseardhje i uroi kreu i FFK-s\u00eb, Agim Ademi.<\/p>\n","protected":false},"excerpt":{"rendered":"<p>Adil Maliqi, selektor i ri i Kosov\u00ebs U-19 Adil Maliqi \u00ebsht\u00eb em\u00ebruar selektor i ri i Komb\u00ebtares U-19 t\u00eb Kosov\u00ebs. Ai n\u00eb k\u00ebt\u00eb pozit\u00eb do ta pasoj\u00eb trajnerin Ramiz Krasniqi, i cili tash e tutje do ta mbaj\u00eb pozit\u00ebn e koordinatorit n\u00eb U-19. Maliqi, i cili \u00ebsht\u00eb lindur dhe rritur n\u00eb Zvic\u00ebr, e ka t\u00eb [&hellip;]<\/p>\n","protected":false},"author":1,"featured_media":3388,"comment_status":"closed","ping_status":"closed","sticky":false,"template":"","format":"standard","meta":{"footnotes":""},"categories":[106],"tags":[],"class_list":{"0":"post-3387","1":"post","2":"type-post","3":"status-publish","4":"format-standard","5":"has-post-thumbnail","7":"category-sport"},"_links":{"self":[{"href":"https:\/\/syri.tv\/index.php?rest_route=\/wp\/v2\/posts\/3387","targetHints":{"allow":["GET"]}}],"collection":[{"href":"https:\/\/syri.tv\/index.php?rest_route=\/wp\/v2\/posts"}],"about":[{"href":"https:\/\/syri.tv\/index.php?rest_route=\/wp\/v2\/types\/post"}],"author":[{"embeddable":true,"href":"https:\/\/syri.tv\/index.php?rest_route=\/wp\/v2\/users\/1"}],"replies":[{"embeddable":true,"href":"https:\/\/syri.tv\/index.php?rest_route=%2Fwp%2Fv2%2Fcomments&post=3387"}],"version-history":[{"count":1,"href":"https:\/\/syri.tv\/index.php?rest_route=\/wp\/v2\/posts\/3387\/revisions"}],"predecessor-version":[{"id":3389,"href":"https:\/\/syri.tv\/index.php?rest_route=\/wp\/v2\/posts\/3387\/revisions\/3389"}],"wp:featuredmedia":[{"embeddable":true,"href":"https:\/\/syri.tv\/index.php?rest_route=\/wp\/v2\/media\/3388"}],"wp:attachment":[{"href":"https:\/\/syri.tv\/index.php?rest_route=%2Fwp%2Fv2%2Fmedia&parent=3387"}],"wp:term":[{"taxonomy":"category","embeddable":true,"href":"https:\/\/syri.tv\/index.php?rest_route=%2Fwp%2Fv2%2Fcategories&post=3387"},{"taxonomy":"post_tag","embeddable":true,"href":"https:\/\/syri.tv\/index.php?rest_route=%2Fwp%2Fv2%2Ftags&post=3387"}],"curies":[{"name":"wp","href":"https:\/\/api.w.org\/{rel}","templated":true}]}}