{"id":3384,"date":"2023-05-14T22:13:19","date_gmt":"2023-05-14T22:13:19","guid":{"rendered":"https:\/\/syri.tv\/?p=3384"},"modified":"2023-05-14T22:13:19","modified_gmt":"2023-05-14T22:13:19","slug":"historike-kjo-eshte-gruaja-e-pare-shqiptare-ministre-ne-zvicer","status":"publish","type":"post","link":"https:\/\/syri.tv\/?p=3384","title":{"rendered":"Historike: Kjo eshte gruaja e par\u00eb shqiptare ministre n\u00eb Zvic\u00ebr"},"content":{"rendered":"<p>Luzern, 14 maj -Pas tet\u00eb vitesh, PS do t\u00eb b\u00ebj\u00eb kthes\u00eb t\u00eb madhe n\u00eb qeverin\u00eb e Lucernit. Dhe p\u00ebr her\u00eb t\u00eb par\u00eb n\u00eb historin\u00eb e kantonit, tani ka dy gra n\u00eb organin prej pes\u00eb an\u00ebtar\u00ebsh, pas dy legjislaturave me nj\u00eb qeveri thjesht mashkujsh t\u00eb klas\u00ebs s\u00eb mesme.<\/p>\n<p>N\u00eb raundin e dyt\u00eb t\u00eb votimit m\u00eb 14 maj, ata q\u00eb kan\u00eb t\u00eb drejt\u00eb vote do t\u00eb plot\u00ebsojn\u00eb dy vendet e fundit vakante n\u00eb qeverin\u00eb e kantonit. Jan\u00eb zgjedhur Armin Hartmann (SVP) dhe Ylfete Fanaj (PS). Pjes\u00ebmarrja ishte 33.7 p\u00ebr qind. Qeveria e sapoformuar do t\u00eb marr\u00eb detyr\u00ebn m\u00eb 1 korrik.<\/p>\n<p>45-vje\u00e7arja nga Schlierbach ishte e g\u00ebzuar pa mas\u00eb.<\/p>\n<p>\u201c\u00cbsht\u00eb nj\u00eb moment i mrekulluesh\u00ebm p\u00ebr mua, mb\u00ebshtet\u00ebsit e mi, partin\u00eb time, zon\u00ebn time elektorale dhe komunitetin tim\u201d.<\/p>\n<p>Hartmann ia atribuon faktin se ajo ishte n\u00eb gjendje t\u00eb mbronte vendin e kolegut t\u00eb tij partiak n\u00eb largim, Paul Winiker, p\u00ebr disa arsye. \u201cAjo q\u00eb vlente ishte kompetenca, p\u00ebrvoja dhe rrjet\u00ebzimi im\u201d Ka 20 vite q\u00eb merret me politik\u00eb.<\/p>\n<p>Hartmann nuk e fshehu kurr\u00eb faktin se do t\u00eb donte t\u00eb merrte p\u00ebrsip\u00ebr Departamentin e Drejt\u00ebsis\u00eb dhe Siguris\u00eb.<\/p>\n<p>\u00ab\u00a0\u00c7\u00ebshtje t\u00eb r\u00ebnd\u00ebsishme q\u00eb un\u00eb do t\u00eb trajtoja do t\u00eb ishte dhuna nga tifoz\u00ebt rreth loj\u00ebrave t\u00eb futbollit dhe shtimi i forc\u00ebs policore t\u00eb Lucernit.\u00a0\u00bb<\/p>\n<p>Gruaja e par\u00eb me origjine nga Kosova n\u00eb nj\u00eb qeveri kantonale<\/p>\n<p>Nd\u00ebrkoh\u00eb, Ylfete Fanaj k\u00ebrkon t\u00eb b\u00ebj\u00eb fushat\u00eb p\u00ebr drejt\u00ebsi sociale dhe m\u00eb shum\u00eb dialog. 40-vje\u00e7arja e interpreton zgjedhjen e saj (\u201ct\u00eb pap\u00ebrshkrueshme t\u00eb bukur\u201d) si m\u00eb posht\u00eb: Qeveria duhet t\u00eb jet\u00eb po aq e larmishme sa popullsia e Lucernit. Parti t\u00eb ndryshme, gjini t\u00eb ndryshme, prejardhje t\u00eb ndryshme\u201d.<\/p>\n<p>Me ardhjen e Fanajt, e majta \u00ebsht\u00eb rikthyer n\u00eb qeveri pas tet\u00eb vitesh. Sipas qytetar\u00ebve t\u00eb Lucernit zgjedhja e Fanajt do t\u00eb reflektohet edhe n\u00eb Parlament.<\/p>\n<p>Zgjedhja e Ylfete Fanajt shoq\u00ebrohet me premier\u00eb: \u00cbsht\u00eb hera e par\u00eb q\u00eb nj\u00eb politikane me rr\u00ebnj\u00eb nga Kosova kalon n\u00eb qeveri zvicerane. Megjithat\u00eb, Fanaj thekson se komisioni tashm\u00eb p\u00ebrb\u00ebhet nga dy gra me prejardhje migrimi.<\/p>\n<p>Sepse: Michaela Tschuor, e sapo zgjedhur n\u00eb votimin e par\u00eb, vjen nga Gjermania.<\/p>\n<p>Le Canton27.ch<\/p>\n","protected":false},"excerpt":{"rendered":"<p>Luzern, 14 maj -Pas tet\u00eb vitesh, PS do t\u00eb b\u00ebj\u00eb kthes\u00eb t\u00eb madhe n\u00eb qeverin\u00eb e Lucernit. Dhe p\u00ebr her\u00eb t\u00eb par\u00eb n\u00eb historin\u00eb e kantonit, tani ka dy gra n\u00eb organin prej pes\u00eb an\u00ebtar\u00ebsh, pas dy legjislaturave me nj\u00eb qeveri thjesht mashkujsh t\u00eb klas\u00ebs s\u00eb mesme. N\u00eb raundin e dyt\u00eb t\u00eb votimit m\u00eb 14 [&hellip;]<\/p>\n","protected":false},"author":1,"featured_media":3385,"comment_status":"closed","ping_status":"closed","sticky":false,"template":"","format":"standard","meta":{"footnotes":""},"categories":[2],"tags":[],"class_list":{"0":"post-3384","1":"post","2":"type-post","3":"status-publish","4":"format-standard","5":"has-post-thumbnail","7":"category-zvicer"},"_links":{"self":[{"href":"https:\/\/syri.tv\/index.php?rest_route=\/wp\/v2\/posts\/3384","targetHints":{"allow":["GET"]}}],"collection":[{"href":"https:\/\/syri.tv\/index.php?rest_route=\/wp\/v2\/posts"}],"about":[{"href":"https:\/\/syri.tv\/index.php?rest_route=\/wp\/v2\/types\/post"}],"author":[{"embeddable":true,"href":"https:\/\/syri.tv\/index.php?rest_route=\/wp\/v2\/users\/1"}],"replies":[{"embeddable":true,"href":"https:\/\/syri.tv\/index.php?rest_route=%2Fwp%2Fv2%2Fcomments&post=3384"}],"version-history":[{"count":1,"href":"https:\/\/syri.tv\/index.php?rest_route=\/wp\/v2\/posts\/3384\/revisions"}],"predecessor-version":[{"id":3386,"href":"https:\/\/syri.tv\/index.php?rest_route=\/wp\/v2\/posts\/3384\/revisions\/3386"}],"wp:featuredmedia":[{"embeddable":true,"href":"https:\/\/syri.tv\/index.php?rest_route=\/wp\/v2\/media\/3385"}],"wp:attachment":[{"href":"https:\/\/syri.tv\/index.php?rest_route=%2Fwp%2Fv2%2Fmedia&parent=3384"}],"wp:term":[{"taxonomy":"category","embeddable":true,"href":"https:\/\/syri.tv\/index.php?rest_route=%2Fwp%2Fv2%2Fcategories&post=3384"},{"taxonomy":"post_tag","embeddable":true,"href":"https:\/\/syri.tv\/index.php?rest_route=%2Fwp%2Fv2%2Ftags&post=3384"}],"curies":[{"name":"wp","href":"https:\/\/api.w.org\/{rel}","templated":true}]}}