{"id":3379,"date":"2023-05-13T13:37:51","date_gmt":"2023-05-13T13:37:51","guid":{"rendered":"https:\/\/syri.tv\/?p=3379"},"modified":"2023-05-13T13:39:00","modified_gmt":"2023-05-13T13:39:00","slug":"qindra-shqiptare-nga-zvicra-ne-zgjedhjet-e-14-majit-tre-aeroplane-me-mergmitare-nga-gjeneva-u-nisen-drejt-tiranes-per-te-votuar","status":"publish","type":"post","link":"https:\/\/syri.tv\/?p=3379","title":{"rendered":"Qindra shqiptare nga Zvicra ne zgjedhjet e 14 majit. Tre aeroplan\u00eb me m\u00ebrgmitar\u00eb nga Gjeneva u nis\u00ebn drejt Tiran\u00ebs p\u00ebr t\u00eb votuar!"},"content":{"rendered":"<p>Diaspora shqiptare edhe pse larg vendlindjes gjtihnje syte i ka kah atdhu te cilet p\u00ebrpiqet te japin kontributin e tyre edhe en diatsance\u00a0 gejografike, jo vetem duke ndihmuar familjet e tyre me financa p\u00ebr shkak krizes ekonomike, papuneisse se madhe dhe varferise se madhe qe ka kapluar vendin e shqiponajve, por edhe duke qene pseje e proceseve zgjedhore ne Shqiperi ne cdo kater vite. Qe n\u00eb fillim do then se sipas Zyres Federale te Statistikve ne Zvicer sot jetojne dhe veprojne mbi 3 000 qytetare nga Shqiperia, prej te cileve me te drejte vote jane 2000 (dmth qe posedojne pasaporta shqiptare).<\/p>\n<p><strong>Shqiptaret e zhg\u00ebnjyer n\u00eb Zvicer: Edhe sivjet n\u00ebse nuk do kete ndryshim ne zgjedhjet e 14 majit ne Shqiperi, ne nuk do t\u00eb votojme m\u00eb!<\/strong><\/p>\n<p>Redakasia jone ak mesuar se qindra shqioptare nga diapora i kane emesyer ne kete jave Tiranes per te qene pjese e zgjdhjeve, per kryer obligimin qytetare, per tevotuar per te ardhmen e vendit. Vetem nga Zvicra javene fundit kane shkuatr tre aeroplan nga aeroporti Gjeneves drejt aerportit\u00a0 Nen\u00eb Tereza ne Tirane. Aeroplani i fundit ishte sot ne oret e mengjesit (08:50) dnga zvca drejt Tiran\u00ebs. Shume m\u00ebrgimtare tjere kane shkruar me here edhe me vetura dhe me autobus\u00eb nga Zvicra dhe vendet tjera te Evrop\u00ebs drejt Shqip\u00ebris\u00eb, meqe sheti ketyre shtetesve qe ju impunoi largimin, nuk ju ka mundesuar te votojne si Kosoves apo vendet tjera evipiane ne ambasada apo ne m\u00ebyre elektronike.<\/p>\n<p>N\u00eb nj\u00eb lidhje me zgjdhjet e nes\u00ebrme (14 majit) ne Shqiperi per gazten tone kane folur disa lidere dhe mergimtare ne Zvicer, p\u00ebr r\u00ebnd\u00ebsi q\u00eb ka diaspora shqiptare p\u00ebr t\u00eb votuar n\u00eb Shqip\u00ebri.<\/p>\n<p>\u00ab\u00a0Shqiperia ka nevoje p\u00ebr nj\u00eb bashk\u00ebpunim sa m\u00eb t\u00eb ngusht\u00eb n\u00eb t\u00eb gjitha format dhe aspektet me diaspor\u00ebn shqiptare. Pra ne e konsiderojm\u00eb diaspor\u00ebn nj\u00eb faktor madhor p\u00ebr nj\u00eb Shqip\u00ebri t\u00eb zhvilluar, p\u00ebr nj\u00eb Shqip\u00ebri me t\u00eb ardhme t\u00eb sigurt\u2026\u201d ka then\u00eb nj\u00ebri nga lideret shiptare per redaksine tone.<\/p>\n<p>Shume shqiptare nga diaspora sikur edhe keta ne Zvicer p\u00ebr shkak paperspektives ne Shqiperi kane leshuar vendin. Shume syresh te zhgenjye te cilet p\u00ebrgazeten zvicerane ne shqip Le Canton27.ch kane thene se keto deceniet e fjundit kane marre pjese e proceset zgjedhje ne cdo kater vite, por asgje nuk ka ndryshuar, p\u00ebrkundrazi, Shqiperia keq e me keq\u2026<\/p>\n<p><img loading=\"lazy\" loading=\"lazy\" decoding=\"async\" class=\"size-medium wp-image-26175 alignright td-animation-stack-type0-2\" src=\"https:\/\/lecanton27.ch\/wp-content\/uploads\/2023\/05\/ciciii-300x300.jpg\" sizes=\"auto, (max-width: 300px) 100vw, 300px\" srcset=\"https:\/\/lecanton27.ch\/wp-content\/uploads\/2023\/05\/ciciii-300x300.jpg 300w, https:\/\/lecanton27.ch\/wp-content\/uploads\/2023\/05\/ciciii-150x150.jpg 150w, https:\/\/lecanton27.ch\/wp-content\/uploads\/2023\/05\/ciciii.jpg 640w\" alt=\"\" width=\"300\" height=\"300\" \/>Lidhur me zgjedhjet vendore qe do mbahen nes\u00ebr ne Shqiperi zonjusha\u00a0<strong>Julia Cici<\/strong>\u00a0thote se \u00ab\u00a0nuk do marr pjese ne keto zgjedhje. Pamundesi familjare per shkak te angazhimeve dhe karrieres ne Zvicer. Do kisha interes qe te shtyhej perpara procesi i perfundimit te votimit elektronik per diasporen. Ne dijenine time, prej shume muajsh eshte bere gati edhe projekt ligji per votimin elektronik, por ende nuk ka perfunduar. Ndaj gjykoj si nevoje emergjente perfundimi i ketij procesi. E drejta e votes eshte nje e drejte themelore e njeriut e parashikuar edhe ne Kushtetuten e Republikes se Shqiperise ndaj besoj fort ne kete domososhmeri qe te ecim me hapa njesoj edhe si shume vende te BE.\u00a0\u00bb<\/p>\n<p>Shum\u00eb nga ne do t\u00eb udh\u00ebtojn\u00eb nga larg p\u00ebr t\u00eb votuar me date 14 prill duke qen\u00eb se premtimi i k\u00ebsaj qeverie p\u00ebr vot\u00ebn e emigrant\u00ebve nga vendbanimet nuk u mbajt, ashtu si shum\u00eb premtime t\u00eb tjera t\u00eb saj, thone terinjt nga Zvicra qe takuam sot ne aeroportin e Gjenev\u00ebs<\/p>\n<p><img loading=\"lazy\" loading=\"lazy\" decoding=\"async\" class=\"size-medium wp-image-26176 alignleft td-animation-stack-type0-2\" src=\"https:\/\/lecanton27.ch\/wp-content\/uploads\/2023\/05\/BUSHiiizz-300x300.jpg\" sizes=\"auto, (max-width: 300px) 100vw, 300px\" srcset=\"https:\/\/lecanton27.ch\/wp-content\/uploads\/2023\/05\/BUSHiiizz-300x300.jpg 300w, https:\/\/lecanton27.ch\/wp-content\/uploads\/2023\/05\/BUSHiiizz-150x150.jpg 150w, https:\/\/lecanton27.ch\/wp-content\/uploads\/2023\/05\/BUSHiiizz.jpg 440w\" alt=\"\" width=\"300\" height=\"300\" \/>Ndersa\u00a0<strong>Artur Bushi<\/strong>\u00a0nga thote se Ne duhet ne japim kontribut ekonomik pour kemi dhe te drejten e plote dhe per politiken<\/p>\n<p>Gjate vitit te fundit, ne kemi qen\u00eb prezent\u00eb dhe d\u00ebshmitar\u00eb t\u00eb drejtp\u00ebrdrejt\u00eb t\u00eb ngjarjeve politiko-shoq\u00ebrore n\u00eb atdhe, n\u00ebp\u00ebrmjet aktivizmit, mb\u00ebshtetjes s\u00eb kauzave qytetare dhe bashkimit t\u00eb z\u00ebrit ton\u00eb me at\u00eb t\u00eb bashkatdhetar\u00ebve tan\u00eb, n\u00eb p\u00ebrpjekjet e tyre t\u00eb p\u00ebrditshme drejt\u00eb k\u00ebrkes\u00ebs s\u00eb llogaris\u00eb dhe luft\u00ebs p\u00ebr drejt\u00ebsin\u00eb e munguar.<\/p>\n<p>N\u00eb prag t\u00eb k\u00ebtyre zgjedhjeve, qytetet tona ndodhen n\u00eb nj\u00eb udh\u00ebkryq t\u00eb rrezikshem dhe p\u00ebrcaktues p\u00ebr t\u00eb ardhmen e tyre p\u00ebr vitet n\u00eb vazhdim.<\/p>\n<p>Kemi k\u00ebrkuar vot\u00ebn e diaspor\u00ebs q\u00eb t\u00eb jet\u00eb e mundshme n\u00eb tri m\u00ebnyra: vot\u00ebn elektronike, n\u00eb ambasad\u00eb ose me post\u00eb, kemi marr\u00eb shembullin e Kosov\u00ebs dhe kemi k\u00ebrkuar p\u00ebrfaq\u00ebsim t\u00eb diaspor\u00ebs shqiptare<\/p>\n<p>Nje grupo i gte rinjve, stzudnete nga sqhiperi ne Zurich ajne shprehur se \u00ab\u00a0Me shqet\u00ebsim kemi v\u00ebn\u00eb re nj\u00eb p\u00ebrkeq\u00ebsim t\u00eb vazhduesh\u00ebm t\u00eb qeverisjes s\u00eb vendit dhe t\u00eb shum\u00eb treguesve t\u00eb tjer\u00eb t\u00eb funksionimit t\u00eb demokracis\u00eb n\u00eb Shqip\u00ebri. Mungesa e llogaridh\u00ebnies, p\u00ebrq\u00ebndrimi i t\u00eb gjitha pushteteve n\u00eb duart e nj\u00eb grushti njer\u00ebzish dhe niveli i papranuesh\u00ebm i abuzimit me t\u00eb drejtat e qytetar\u00ebve \u00ebsht\u00eb nj\u00eb kamban\u00eb alarmi p\u00ebr k\u00ebdo q\u00eb beson n\u00eb parimet demokratike t\u00eb funksionimit t\u00eb nj\u00eb shteti\u2026\u00a0\u00bb<\/p>\n<p>P\u00ebr k\u00ebt\u00eb arsye, sipas tyre, largimi me vot\u00eb i keq-qeverisjes aktuale n\u00ebp\u00ebrmjet zgjedhjeve te 14 majit, do t\u00eb ishte nj\u00eb ngjarje e mir\u00ebpritur, n\u00eb dobi t\u00eb vendit dhe mbi t\u00eb gjitha n\u00eb dobi t\u00eb demokracis\u00eb s\u00eb brisht\u00eb shqiptare. Edhe sivjet n\u00ebse nuk do kete ndryshim ne zgjedhjet e 14 majit ne Shqiperi, ne nuk do t\u00eb votojme m\u00eb!, kane then\u00eb mergimtaret tane ne Zvicer p\u00ebr gazeten zvicerane ne shqip Le Canton27.ch<\/p>\n<p><strong>Anteliana Cibuku Fregja: Ftoj te gjithe diasporen t\u00eb vije me Migjenin, Lasgushin, Nlin, Cajupin apo dhe me Swissair dhe EasyJet te votoje ne Shqiperine tone te bukur, per nje te ardhme me t\u00eb mire\u2026<\/strong><\/p>\n<p><img loading=\"lazy\" loading=\"lazy\" decoding=\"async\" class=\"size-medium wp-image-26174 alignright td-animation-stack-type0-2\" src=\"https:\/\/lecanton27.ch\/wp-content\/uploads\/2023\/05\/fregjaaa-297x300.jpg\" sizes=\"auto, (max-width: 297px) 100vw, 297px\" srcset=\"https:\/\/lecanton27.ch\/wp-content\/uploads\/2023\/05\/fregjaaa-297x300.jpg 297w, https:\/\/lecanton27.ch\/wp-content\/uploads\/2023\/05\/fregjaaa-1015x1024.jpg 1015w, https:\/\/lecanton27.ch\/wp-content\/uploads\/2023\/05\/fregjaaa-768x775.jpg 768w, https:\/\/lecanton27.ch\/wp-content\/uploads\/2023\/05\/fregjaaa-150x151.jpg 150w, https:\/\/lecanton27.ch\/wp-content\/uploads\/2023\/05\/fregjaaa-300x303.jpg 300w, https:\/\/lecanton27.ch\/wp-content\/uploads\/2023\/05\/fregjaaa-696x702.jpg 696w, https:\/\/lecanton27.ch\/wp-content\/uploads\/2023\/05\/fregjaaa-1068x1078.jpg 1068w, https:\/\/lecanton27.ch\/wp-content\/uploads\/2023\/05\/fregjaaa.jpg 1290w\" alt=\"\" width=\"297\" height=\"300\" \/>Pyetjes sone per zgjedhjet e neserme (14 maj) ne Shqiperi, nje inelektuale, farmaciste nga Tirana e cila qe prej vitesh jeton dhe vepron n\u00eb Gjenev\u00eb me dy f\u00ebmijet dhe bashkeoshortin e saj Klaudion, Anteliana Cibuku Fregja \u00ebshte p\u00ebrjggijur: \u00ab\u00a0I gjate deri ne lengim kjo politika e stergjatur apo e imponuar e tranzicionit politik ne Shqiperine tone . Je vend i bekuar nga zoti dhe plot potencial strategjik ne politika rajonale, me nje popull arsimdashes dhe rini plot grinte per tja dale. Duke mos i hequr asgje bashkombasve tone qe mundohen te ndertojne jeten brenda kufijve tone gjeografik, jo me pak por me shume mall dhe deshire per ta pare Shqiperi e gjithmone e me mire ka dhe diaspora, nje premtin i vonuar i deshiruar prej tyre dhe sidomos te rinjve per te qene pjese aktive ne vendimarrje politike te vendit me te drejten e votes.\u00a0\u00bb<\/p>\n<p>\u00ab\u00a0Nje te drejte hyjnore detyre qytetare qe sot edhe pse nuk mundemi ta bejme ne selite perkatese tonat diplomatike ne bote deshira per ndryshim 360 grade dhe te parit nga jashte te vendit te jep nje arsyetim kendveshtrim dhe plane me te kthjelleta si e duam atdheun tone si do duam ne te investojme bagazhin social dhe ekonomik tonin ne te \u2026Per ta shprehur kete detyrohemi akoma sot ne 2023 te marrim avionin per te kryer detyrimin. Te jetuarit jashte nuk na ben me pak shqipetare perkundrazi me te kthjellet dhe pa asnje ndikim te kutia e demokracise.Voto sot voto ndryshimin voto per kombiin. Ftoj te gjithe diasporen t\u00eb vije me Migjenin apo Lasgushin apo dhe EasyJet te votoje\u2026\u00a0\u00bb ka thene n\u00eb fund zonjusha Anteliana Cibuku Fregja<img loading=\"lazy\" loading=\"lazy\" decoding=\"async\" class=\"wp-image-26178 alignleft td-animation-stack-type0-2\" src=\"https:\/\/lecanton27.ch\/wp-content\/uploads\/2023\/05\/AlbTIRannn-2-1-300x221.png\" sizes=\"auto, (max-width: 1169px) 100vw, 1169px\" srcset=\"https:\/\/lecanton27.ch\/wp-content\/uploads\/2023\/05\/AlbTIRannn-2-1-300x221.png 300w, https:\/\/lecanton27.ch\/wp-content\/uploads\/2023\/05\/AlbTIRannn-2-1-768x565.png 768w, https:\/\/lecanton27.ch\/wp-content\/uploads\/2023\/05\/AlbTIRannn-2-1-150x110.png 150w, https:\/\/lecanton27.ch\/wp-content\/uploads\/2023\/05\/AlbTIRannn-2-1-696x512.png 696w, https:\/\/lecanton27.ch\/wp-content\/uploads\/2023\/05\/AlbTIRannn-2-1.png 951w\" alt=\"\" width=\"1169\" height=\"862\" \/><\/p>\n<p>&nbsp;<\/p>\n<p>&nbsp;<\/p>\n","protected":false},"excerpt":{"rendered":"<p>Diaspora shqiptare edhe pse larg vendlindjes gjtihnje syte i ka kah atdhu te cilet p\u00ebrpiqet te japin kontributin e tyre edhe en diatsance\u00a0 gejografike, jo vetem duke ndihmuar familjet e tyre me financa p\u00ebr shkak krizes ekonomike, papuneisse se madhe dhe varferise se madhe qe ka kapluar vendin e shqiponajve, por edhe duke qene pseje [&hellip;]<\/p>\n","protected":false},"author":1,"featured_media":3380,"comment_status":"closed","ping_status":"closed","sticky":false,"template":"","format":"standard","meta":{"footnotes":""},"categories":[2],"tags":[],"class_list":{"0":"post-3379","1":"post","2":"type-post","3":"status-publish","4":"format-standard","5":"has-post-thumbnail","7":"category-zvicer"},"_links":{"self":[{"href":"https:\/\/syri.tv\/index.php?rest_route=\/wp\/v2\/posts\/3379","targetHints":{"allow":["GET"]}}],"collection":[{"href":"https:\/\/syri.tv\/index.php?rest_route=\/wp\/v2\/posts"}],"about":[{"href":"https:\/\/syri.tv\/index.php?rest_route=\/wp\/v2\/types\/post"}],"author":[{"embeddable":true,"href":"https:\/\/syri.tv\/index.php?rest_route=\/wp\/v2\/users\/1"}],"replies":[{"embeddable":true,"href":"https:\/\/syri.tv\/index.php?rest_route=%2Fwp%2Fv2%2Fcomments&post=3379"}],"version-history":[{"count":3,"href":"https:\/\/syri.tv\/index.php?rest_route=\/wp\/v2\/posts\/3379\/revisions"}],"predecessor-version":[{"id":3383,"href":"https:\/\/syri.tv\/index.php?rest_route=\/wp\/v2\/posts\/3379\/revisions\/3383"}],"wp:featuredmedia":[{"embeddable":true,"href":"https:\/\/syri.tv\/index.php?rest_route=\/wp\/v2\/media\/3380"}],"wp:attachment":[{"href":"https:\/\/syri.tv\/index.php?rest_route=%2Fwp%2Fv2%2Fmedia&parent=3379"}],"wp:term":[{"taxonomy":"category","embeddable":true,"href":"https:\/\/syri.tv\/index.php?rest_route=%2Fwp%2Fv2%2Fcategories&post=3379"},{"taxonomy":"post_tag","embeddable":true,"href":"https:\/\/syri.tv\/index.php?rest_route=%2Fwp%2Fv2%2Ftags&post=3379"}],"curies":[{"name":"wp","href":"https:\/\/api.w.org\/{rel}","templated":true}]}}