{"id":3361,"date":"2023-05-13T11:51:34","date_gmt":"2023-05-13T11:51:34","guid":{"rendered":"https:\/\/syri.tv\/?p=3361"},"modified":"2023-05-13T12:00:14","modified_gmt":"2023-05-13T12:00:14","slug":"the-armed-man-vjen-ne-maihof-te-luzernit-me-ide-te-paqes-mes-njerezve-dhe-te-gershetimi-i-kultures-dhe-religjionit","status":"publish","type":"post","link":"https:\/\/syri.tv\/?p=3361","title":{"rendered":"\u201cThe Armed Man\u201d vjen n\u00eb MaiHof t\u00eb Luzernit me ide t\u00eb paqes mes njer\u00ebzve dhe t\u00eb g\u00ebrshetimi i kultur\u00ebs dhe religjionit"},"content":{"rendered":"<p>Zvicra \u00ebsht\u00eb nj\u00eb vend shembull p\u00ebr toleranc\u00ebn fetare dhe p\u00ebr g\u00ebrshetimin e kulturave dhe kombeve t\u00eb ndryshme.<\/p>\n<p>E komuniteti shqiptar \u00ebsht\u00eb integruar mjaft mir\u00eb n\u00eb shtetin \u201cHelvetik\u201d, nd\u00ebrsa vend ka z\u00ebn\u00eb edhe feja islame, si fe e paqes, krahas feve t\u00eb tjera n\u00eb vend.<\/p>\n<p>E paqja mes feve dhe mes njer\u00ebzve dhe shmangia ndaj luft\u00ebs \u00ebsht\u00eb edhe ideja e fundit e organizator\u00ebve t\u00eb \u201cThe Armed Man: A Mass for Peace\u201d, t\u00eb cil\u00ebt e sjellin n\u00eb MaiHof t\u00eb Luzernit k\u00ebt\u00eb vep\u00ebr muzikore e krijuar n\u00eb vitin 2000 nga kompozitori britanik, Karl Jenkins.<\/p>\n<p>Kjo vep\u00ebr e simbolizon nj\u00eb veprim ndaj luft\u00ebs, nd\u00ebrsa realizohet nga kori i Universitetit t\u00eb Pedagogjis\u00eb s\u00eb Luzernit, e shoq\u00ebruar nga orkestra Santa Maria.<\/p>\n<p>N\u00eb k\u00ebt\u00eb vep\u00ebr, Jenkins kombinon element\u00ebt tradicionale t\u00eb muzik\u00ebs mesjetare evropiane me ritmet dhe melodia t\u00eb traditave muzikore t\u00eb Azis\u00eb dhe Lindjes s\u00eb Mesme.<\/p>\n<p><img loading=\"lazy\" loading=\"lazy\" decoding=\"async\" class=\"alignnone size-large wp-image-3363\" src=\"https:\/\/syri.tv\/wp-content\/uploads\/2023\/05\/2-1024x768.jpg\" alt=\"\" width=\"1024\" height=\"768\" srcset=\"https:\/\/syri.tv\/wp-content\/uploads\/2023\/05\/2-1024x768.jpg 1024w, https:\/\/syri.tv\/wp-content\/uploads\/2023\/05\/2-300x225.jpg 300w, https:\/\/syri.tv\/wp-content\/uploads\/2023\/05\/2-768x576.jpg 768w, https:\/\/syri.tv\/wp-content\/uploads\/2023\/05\/2-1536x1152.jpg 1536w, https:\/\/syri.tv\/wp-content\/uploads\/2023\/05\/2-2048x1536.jpg 2048w, https:\/\/syri.tv\/wp-content\/uploads\/2023\/05\/2-860x645.jpg 860w\" sizes=\"auto, (max-width: 1024px) 100vw, 1024px\" \/><\/p>\n<p><strong>\u201cThe Armed Man\u201d, himn i paqes dhe i shmangies s\u00eb luftrave<\/strong><\/p>\n<p>\u201cThe Armed Man\u201d u kompozua n\u00eb em\u00ebr t\u00eb fest\u00ebs s\u00eb mij\u00ebvje\u00e7arit p\u00ebr muzeun \u201cRoyal Armouries\u201d dhe u dedikohet viktimave t\u00eb luft\u00ebs n\u00eb Kosov\u00eb (1998\/1999).<\/p>\n<p>Ky himn th\u00ebrret p\u00ebr paqe mes njer\u00ebzve dhe fjal\u00ebt e tij jan\u00eb nj\u00eb lloj thirrje n\u00eb p\u00ebrkrahjen e bindjeve t\u00eb ndryshme fetare dhe kulturore.<\/p>\n<p>N\u00eb fund t\u00eb mesazhit t\u00eb \u201cThe Armend Man\u201d, vepra l\u00eb nj\u00eb mesazh t\u00eb thjesht\u00eb, por t\u00eb fuqish\u00ebm \u2013 \u00abMe\u00ebn Cyffro, Hedd\u00ebch\u00bb &#8211; \u00abN\u00eb turbullir\u00eb, paqe\u00bb.<\/p>\n<p>Kjo \u00ebsht\u00eb nj\u00eb thirrje e qart\u00eb dhe e ndjeshme p\u00ebr ne q\u00eb ta k\u00ebrkojm\u00eb nj\u00eb bot\u00eb t\u00eb marr\u00ebdh\u00ebnieve t\u00eb ndryshme dhe paqeje, dhe p\u00ebr ta gjetur udh\u00ebn ton\u00eb drejt nj\u00eb shoq\u00ebrie m\u00eb t\u00eb fort\u00eb dhe m\u00eb harmonike.<\/p>\n<p>P\u00ebrve\u00e7 pjes\u00ebve t\u00eb mesh\u00ebs, p\u00ebrfshihen fragmente nga burime fetare dhe historike t\u00eb tjera, si thirrja islame p\u00ebr lutjet (Ezani), Bibla (Psalmet dhe Libri i P\u00ebrt\u00ebritjes s\u00eb Gjonit), dhe Mahabharata.<\/p>\n<p><img loading=\"lazy\" loading=\"lazy\" decoding=\"async\" class=\"alignnone size-large wp-image-3374\" src=\"https:\/\/syri.tv\/wp-content\/uploads\/2023\/05\/IMG-20230507-WA0004-1024x576.jpg\" alt=\"\" width=\"1024\" height=\"576\" srcset=\"https:\/\/syri.tv\/wp-content\/uploads\/2023\/05\/IMG-20230507-WA0004-1024x576.jpg 1024w, https:\/\/syri.tv\/wp-content\/uploads\/2023\/05\/IMG-20230507-WA0004-300x169.jpg 300w, https:\/\/syri.tv\/wp-content\/uploads\/2023\/05\/IMG-20230507-WA0004-768x432.jpg 768w, https:\/\/syri.tv\/wp-content\/uploads\/2023\/05\/IMG-20230507-WA0004-1536x864.jpg 1536w, https:\/\/syri.tv\/wp-content\/uploads\/2023\/05\/IMG-20230507-WA0004-860x484.jpg 860w, https:\/\/syri.tv\/wp-content\/uploads\/2023\/05\/IMG-20230507-WA0004.jpg 1600w\" sizes=\"auto, (max-width: 1024px) 100vw, 1024px\" \/><\/p>\n<p>P\u00ebrfshirja e Ezanit, nj\u00eb element i r\u00ebnd\u00ebsish\u00ebm n\u00eb fen\u00eb islame, n\u00eb vepr\u00ebn e Jenkins sh\u00ebrben si nj\u00eb pjes\u00eb e marr\u00ebdh\u00ebnies midis kulturave, duke sjell\u00eb nj\u00eb ndjesi t\u00eb pjekuris\u00eb dhe s\u00eb bashku me t\u00eb nj\u00eb ndjesi tejet unikale t\u00eb frym\u00ebsorit universal.<\/p>\n<p>Me shum\u00eb element\u00eb muzikore nga kultura t\u00eb ndryshme, n\u00eb \u00abThe Armend Man\u00bb kompozitori p\u00ebrpiqet t\u2019i bashkoj\u00eb fuqish\u00ebm muzikat dhe lyricsat n\u00eb nj\u00eb form\u00eb unike.<\/p>\n<p>\u201cThe Armed Man\u201d nd\u00ebr t\u00eb tjera tregon p\u00ebr rrezikun e rritjes s\u00eb luft\u00ebs, me momente reflektimi dhe mendimi.<\/p>\n<p>E shfaq frik\u00ebn q\u00eb sjell lufta dhe p\u00ebrfundon me shpres\u00ebn p\u00ebr paqe n\u00eb nj\u00eb koh\u00eb tjet\u00ebr, kur \u201cdhimbja, mundi dhe vdekja mund t\u00eb shuhen\u201d.<\/p>\n<p>Situata bot\u00ebrore e tanishme b\u00ebn q\u00eb vepra t\u00eb kthehet aktuale ndaj situat\u00ebs aktuale.<\/p>\n<p><img loading=\"lazy\" loading=\"lazy\" decoding=\"async\" class=\"alignnone size-large wp-image-3365\" src=\"https:\/\/syri.tv\/wp-content\/uploads\/2023\/05\/IMG-20230507-WA0011-1024x576.jpg\" alt=\"\" width=\"1024\" height=\"576\" srcset=\"https:\/\/syri.tv\/wp-content\/uploads\/2023\/05\/IMG-20230507-WA0011-1024x576.jpg 1024w, https:\/\/syri.tv\/wp-content\/uploads\/2023\/05\/IMG-20230507-WA0011-300x169.jpg 300w, https:\/\/syri.tv\/wp-content\/uploads\/2023\/05\/IMG-20230507-WA0011-768x432.jpg 768w, https:\/\/syri.tv\/wp-content\/uploads\/2023\/05\/IMG-20230507-WA0011-1536x864.jpg 1536w, https:\/\/syri.tv\/wp-content\/uploads\/2023\/05\/IMG-20230507-WA0011-860x484.jpg 860w, https:\/\/syri.tv\/wp-content\/uploads\/2023\/05\/IMG-20230507-WA0011.jpg 1600w\" sizes=\"auto, (max-width: 1024px) 100vw, 1024px\" \/><\/p>\n<p><strong>Kori i Shkoll\u00ebs s\u00eb Lart\u00eb Pedagogjike, shembull i pun\u00ebs dhe p\u00ebrkushtimit<\/strong><\/p>\n<p>Duhet cekur se kori i Shkoll\u00ebs s\u00eb Lart\u00eb t\u00eb Pedagogjis\u00eb, nj\u00eb her\u00eb n\u00eb vit e prezanton nj\u00eb projekt t\u00eb madh.<\/p>\n<p>\u201cCarmina Burana\u201d e Carl Orff-it, e prezantuar n\u00eb vitin 2015, ishte e para e k\u00ebtij lloji.<\/p>\n<p>Kori i SHLP-s\u00eb p\u00ebrb\u00ebhet nga rreth 150 student\u00eb nga t\u00eb gjitha deg\u00ebt e studimit, si dhe nga shum\u00eb vullnetar\u00eb.<\/p>\n<p>Student\u00ebt praktikojn\u00eb v\u00ebshtir\u00ebsit\u00eb e k\u00ebtyre k\u00ebng\u00ebve gjat\u00eb dy semestreve.<\/p>\n<p>Kori \u00ebsht\u00eb obligator n\u00eb t\u00eb gjith\u00eb deg\u00ebt e studimit t\u00eb muzik\u00ebs.<\/p>\n<p>Synimi \u00ebsht\u00eb ta nxis\u00eb d\u00ebshir\u00ebn tek student\u00ebt p\u00ebr ta realizuar nj\u00eb projekt t\u00eb till\u00eb me nx\u00ebn\u00ebset e tyre. P\u00ebr ta, muzika \u00ebsht\u00eb gj\u00ebja q\u00eb i ndan bashk\u00eb.<\/p>\n<p><img loading=\"lazy\" loading=\"lazy\" decoding=\"async\" class=\"alignnone size-large wp-image-3366\" src=\"https:\/\/syri.tv\/wp-content\/uploads\/2023\/05\/4a-1024x576.jpg\" alt=\"\" width=\"1024\" height=\"576\" srcset=\"https:\/\/syri.tv\/wp-content\/uploads\/2023\/05\/4a-1024x576.jpg 1024w, https:\/\/syri.tv\/wp-content\/uploads\/2023\/05\/4a-300x169.jpg 300w, https:\/\/syri.tv\/wp-content\/uploads\/2023\/05\/4a-768x432.jpg 768w, https:\/\/syri.tv\/wp-content\/uploads\/2023\/05\/4a-1536x864.jpg 1536w, https:\/\/syri.tv\/wp-content\/uploads\/2023\/05\/4a-860x484.jpg 860w, https:\/\/syri.tv\/wp-content\/uploads\/2023\/05\/4a.jpg 1600w\" sizes=\"auto, (max-width: 1024px) 100vw, 1024px\" \/><\/p>\n<p><strong>Fadil Asani, n\u00eb projektin \u201cThe Armed Man\u201d<\/strong><\/p>\n<p>E merita p\u00ebr realizimin e k\u00ebtij projekti ka edhe Fadil Asani, i cili punon si udh\u00ebheq\u00ebs i ekipit n\u00eb kujdesin e sh\u00ebndetit n\u00eb Luzern.<\/p>\n<p>Ai u rrit n\u00eb Maqedonin\u00eb e Veriut, nd\u00ebrsa prej vitit 1993 \u00ebsht\u00eb zhvendosur n\u00eb Zvic\u00ebr.<\/p>\n<p>Muzika e ka nj\u00eb vend t\u00eb r\u00ebnd\u00ebsish\u00ebm n\u00eb jet\u00ebn e tij, nd\u00ebrsa ai e kryen thirrjen e ezanit n\u00eb \u201cThe Armed Man\u201d.<\/p>\n<p>Ezani \u00ebsht\u00eb nj\u00eb njoftim publik p\u00ebr hyrjen e koh\u00ebs s\u00eb lutjes, nd\u00ebrsa ai nuk duhet t\u00eb k\u00ebndohet, por duhet t\u00eb lexohet me pesh\u00eb dhe tingull, dhe t\u00eb ndihet me zem\u00ebr e me shpirt.<\/p>\n<p>Thirrja e lutjes Ezani b\u00ebhet ngadal\u00eb, n\u00eb nj\u00eb m\u00ebnyr\u00eb t\u00eb qart\u00eb, me z\u00eb t\u00eb lart\u00eb dhe me dinjitet.<\/p>\n<p>Fadil Asani deri m\u00eb tani ka marr\u00eb pjes\u00eb n\u00eb tre projekte t\u00eb \u201cThe Armed Man\u201d t\u00eb Karl Jenkins, n\u00eb Luzern dhe n\u00ebn drejtimin e dirigjentit Stucki Rolf n\u00eb vitin 2011, n\u00eb Escholzmatt \/ LU n\u00eb vitin 2013 n\u00ebn drejtimin e dirigjentit Duss-Engel David, dhe n\u00eb vitin 2014 me Reiner Held n\u00eb Aarau.<\/p>\n<p>Besim Laci &#8211; TV Syri Zvic\u00ebr<\/p>\n<div style=\"width: 1170px;\" class=\"wp-video\"><video class=\"wp-video-shortcode\" id=\"video-3361-1\" width=\"1170\" height=\"658\" preload=\"metadata\" controls=\"controls\"><source type=\"video\/mp4\" src=\"https:\/\/syri.tv\/wp-content\/uploads\/2023\/05\/Video-1.mp4?_=1\" \/><a href=\"https:\/\/syri.tv\/wp-content\/uploads\/2023\/05\/Video-1.mp4\">https:\/\/syri.tv\/wp-content\/uploads\/2023\/05\/Video-1.mp4<\/a><\/video><\/div>\n","protected":false},"excerpt":{"rendered":"<p>Zvicra \u00ebsht\u00eb nj\u00eb vend shembull p\u00ebr toleranc\u00ebn fetare dhe p\u00ebr g\u00ebrshetimin e kulturave dhe kombeve t\u00eb ndryshme. E komuniteti shqiptar \u00ebsht\u00eb integruar mjaft mir\u00eb n\u00eb shtetin \u201cHelvetik\u201d, nd\u00ebrsa vend ka z\u00ebn\u00eb edhe feja islame, si fe e paqes, krahas feve t\u00eb tjera n\u00eb vend. E paqja mes feve dhe mes njer\u00ebzve dhe shmangia ndaj luft\u00ebs [&hellip;]<\/p>\n","protected":false},"author":1,"featured_media":3362,"comment_status":"closed","ping_status":"closed","sticky":false,"template":"","format":"standard","meta":{"footnotes":""},"categories":[108],"tags":[],"class_list":{"0":"post-3361","1":"post","2":"type-post","3":"status-publish","4":"format-standard","5":"has-post-thumbnail","7":"category-kulture-2"},"_links":{"self":[{"href":"https:\/\/syri.tv\/index.php?rest_route=\/wp\/v2\/posts\/3361","targetHints":{"allow":["GET"]}}],"collection":[{"href":"https:\/\/syri.tv\/index.php?rest_route=\/wp\/v2\/posts"}],"about":[{"href":"https:\/\/syri.tv\/index.php?rest_route=\/wp\/v2\/types\/post"}],"author":[{"embeddable":true,"href":"https:\/\/syri.tv\/index.php?rest_route=\/wp\/v2\/users\/1"}],"replies":[{"embeddable":true,"href":"https:\/\/syri.tv\/index.php?rest_route=%2Fwp%2Fv2%2Fcomments&post=3361"}],"version-history":[{"count":4,"href":"https:\/\/syri.tv\/index.php?rest_route=\/wp\/v2\/posts\/3361\/revisions"}],"predecessor-version":[{"id":3378,"href":"https:\/\/syri.tv\/index.php?rest_route=\/wp\/v2\/posts\/3361\/revisions\/3378"}],"wp:featuredmedia":[{"embeddable":true,"href":"https:\/\/syri.tv\/index.php?rest_route=\/wp\/v2\/media\/3362"}],"wp:attachment":[{"href":"https:\/\/syri.tv\/index.php?rest_route=%2Fwp%2Fv2%2Fmedia&parent=3361"}],"wp:term":[{"taxonomy":"category","embeddable":true,"href":"https:\/\/syri.tv\/index.php?rest_route=%2Fwp%2Fv2%2Fcategories&post=3361"},{"taxonomy":"post_tag","embeddable":true,"href":"https:\/\/syri.tv\/index.php?rest_route=%2Fwp%2Fv2%2Ftags&post=3361"}],"curies":[{"name":"wp","href":"https:\/\/api.w.org\/{rel}","templated":true}]}}