{"id":3345,"date":"2023-05-08T21:52:24","date_gmt":"2023-05-08T21:52:24","guid":{"rendered":"https:\/\/syri.tv\/?p=3345"},"modified":"2023-05-08T21:52:24","modified_gmt":"2023-05-08T21:52:24","slug":"interpol-po-mban-konferencen-e-50-te-rajonale-ne-oher-ne-zemer-te-trafikanteve-te-droges-ballkanin-e-konsideruar-si-poligon-i-preferuar-i-mafias","status":"publish","type":"post","link":"https:\/\/syri.tv\/?p=3345","title":{"rendered":"Interpol po mban Konferenc\u00ebn e 50-t\u00eb rajonale n\u00eb Oh\u00ebr, n\u00eb zem\u00ebr t\u00eb trafikant\u00ebve t\u00eb drog\u00ebs, ballkanin e konsideruar si poligon i preferuar i mafias"},"content":{"rendered":"<p><em>\u201cGjat\u00eb pes\u00eb viteve t\u00eb fundit, trafikimi dhe konsumi i [drog\u00ebs] jan\u00eb rritur me nj\u00eb renditje t\u00eb p\u00ebrmasave, me Evrop\u00ebn nj\u00eb nga tregjet kryesore t\u00eb tranzitit dhe destinacionit. Ne vazhdojm\u00eb t\u00eb shohim konfiskim rekord n\u00eb kufijt\u00eb dhe portet evropiane, dhe nj\u00eb rritje korresponduese t\u00eb krimit t\u00eb dhunsh\u00ebm, korrupsionit dhe pastrimit t\u00eb parave n\u00eb shkall\u00eb t\u00eb paprecedent\u00eb, tha Sekretari i P\u00ebrgjithsh\u00ebm i INTERPOL-it, J\u00fcrgen Stock.<\/em><\/p>\n<p>Oh\u00ebr \/ Interpol, 8 maj (Nefail Maliqi)\u00a0 -Shpesh here n\u00eb raportit jo vetme te Interpolit por edhe te OKB-s\u00eb anrtidorgoe ehste then se sqhiria , Serbia dhe Maqedonia jane poligone, qofte te trafikut te droges tranzit apo edhe prodhues\u00a0 te droges (kanabis). Cka si duket qyteti i Maqedionise Veriore sivjet nuk eshte zgjedhur rastesisht p\u00ebr te zhvilluar konferenc\u00ebn e 50-t\u00eb Rajonale Evropiane t\u00eb INTERPOL-it qe dop te zgjasin tre dite (8-19 maj). Shefat e policis\u00eb, ministrat dhe delegat\u00ebt jan\u00eb mbledhur sot p\u00ebr t\u00eb diskutuar k\u00ebrc\u00ebnimet e zakonshme t\u00eb krimit nga trafiku i drog\u00ebs deri te krimi kibernetik. Qysh ne diten e apre te kesaj konfrence u tha se Trafikimi i drog\u00ebs, krimi i organizuar eshte n\u00eb rritje me \u00ab nj\u00eb renditje t\u00eb p\u00ebrmasave \u00bb ne ballkan e m\u00eb gjer\u00eb.<\/p>\n<p><strong>Evropa: Trafikimi i drog\u00ebs, krimi i organizuar n\u00eb rritje me \u00ab\u00a0nj\u00eb renditje t\u00eb p\u00ebrmasave\u00a0\u00bb (<em>Europe: Drug trafficking, organized crime increasing by \u201can order of magnitude\u201d<\/em>)<\/strong><\/p>\n<p><img loading=\"lazy\" loading=\"lazy\" decoding=\"async\" class=\"wp-image-26051 alignright td-animation-stack-type0-2\" src=\"https:\/\/lecanton27.ch\/wp-content\/uploads\/2023\/05\/interpolll-1-300x198.jpeg\" sizes=\"auto, (max-width: 536px) 100vw, 536px\" srcset=\"https:\/\/lecanton27.ch\/wp-content\/uploads\/2023\/05\/interpolll-1-300x198.jpeg 300w, https:\/\/lecanton27.ch\/wp-content\/uploads\/2023\/05\/interpolll-1-768x507.jpeg 768w, https:\/\/lecanton27.ch\/wp-content\/uploads\/2023\/05\/interpolll-1-150x99.jpeg 150w, https:\/\/lecanton27.ch\/wp-content\/uploads\/2023\/05\/interpolll-1-696x459.jpeg 696w, https:\/\/lecanton27.ch\/wp-content\/uploads\/2023\/05\/interpolll-1.jpeg 1024w\" alt=\"\" width=\"536\" height=\"354\" \/>Forcimi i bashk\u00ebpunimit nd\u00ebrkomb\u00ebtar policor p\u00ebr t\u00eb kund\u00ebrshtuar k\u00ebrc\u00ebnimin e p\u00ebrshkall\u00ebzuar me shpejt\u00ebsi t\u00eb paraqitur nga rrjetet e krimit t\u00eb organizuar ishte fokusi kryesor i Konferenc\u00ebs s\u00eb 50-t\u00eb Rajonale Evropiane t\u00eb INTERPOL-it.<\/p>\n<p>Konferenca tre-ditore (8-10 maj) mbledh s\u00eb bashku m\u00eb shum\u00eb se 140 pjes\u00ebmarr\u00ebs nga 53 vende n\u00eb Evrop\u00eb dhe m\u00eb gjer\u00eb p\u00ebr t\u00eb diskutuar \u00e7\u00ebshtjet m\u00eb urgjente t\u00eb krimit me t\u00eb cilat p\u00ebrballet rajoni.<\/p>\n<p>Konferenca zhvillohet n\u00eb Oh\u00ebr, Maqedonia e Veriut, e cila vet\u00eb sh\u00ebnon 30 vjet si vend an\u00ebtar i INTERPOL-it k\u00ebt\u00eb vit.<\/p>\n<p>\u201cK\u00ebto 30 vitet e fundit, p\u00ebrmes an\u00ebtar\u00ebsimit ton\u00eb n\u00eb organizat\u00ebn m\u00eb t\u00eb madhe policore n\u00eb bot\u00eb, kan\u00eb d\u00ebshmuar p\u00ebrkushtimin dhe vullnetin ton\u00eb p\u00ebr t\u2019u angazhuar n\u00eb bashk\u00ebpunim global policor\u201d, tha Oliver Spasovski, Minist\u00ebr i Brendsh\u00ebm i Republik\u00ebs s\u00eb Maqedonis\u00eb s\u00eb Veriut, n\u00eb fjal\u00ebn gjat\u00eb konferenc\u00ebs. ceremonin\u00eb e hapjes.<\/p>\n<p>\u201cMe vendosjen e sistemit global t\u00eb komunikimit INTERPOL I-24\/7, vendi yn\u00eb ishte nd\u00ebr t\u00eb par\u00ebt q\u00eb u lidh me k\u00ebt\u00eb familje globale policore, p\u00ebr t\u00eb shk\u00ebmbyer informacione nd\u00ebrmjet an\u00ebtar\u00ebve dhe Sekretariatit t\u00eb P\u00ebrgjithsh\u00ebm, si dhe akses direkt n\u00eb bazat e t\u00eb dh\u00ebnave kriminale globale. shtoi ministri.<\/p>\n<p><strong>Shkall\u00eb e papar\u00eb<\/strong><\/p>\n<p>T\u00eb ushqyer nga nivelet historike t\u00eb trafikut t\u00eb drog\u00ebs, grupet e krimit t\u00eb organizuar po p\u00ebrb\u00ebjn\u00eb gjithnj\u00eb e m\u00eb shum\u00eb nj\u00eb k\u00ebrc\u00ebnim t\u00eb drejtp\u00ebrdrejt\u00eb p\u00ebr autoritetin shtet\u00ebror n\u00eb shum\u00eb vende dhe ka prova q\u00eb nivelet e dhun\u00ebs n\u00eb lidhje me k\u00ebto rrjete kriminale po rriten gjithashtu.<\/p>\n<p>\u201cKrimi i organizuar \u00ebsht\u00eb nj\u00eb shqet\u00ebsim kryesor\u201d, tha presidenti i INTERPOL-it, Ahmed Naser al-Raisi n\u00eb ceremonin\u00eb e hapjes s\u00eb konferenc\u00ebs. \u201cK\u00ebto krime transnacionale jo vet\u00ebm q\u00eb k\u00ebrc\u00ebnojn\u00eb sigurin\u00eb dhe sigurin\u00eb e rajonit, por gjithashtu kan\u00eb nj\u00eb efekt p\u00ebrhap\u00ebs n\u00eb pjes\u00ebn tjet\u00ebr t\u00eb bot\u00ebs\u201d.<\/p>\n<p>Muajin e kaluar, INTERPOL njoftoi operacionet e tij m\u00eb t\u00eb m\u00ebdha t\u00eb trafikut t\u00eb arm\u00ebve t\u00eb zjarrit, ku u arrestuan m\u00eb shum\u00eb se 14,000 t\u00eb dyshuar n\u00eb t\u00eb gjith\u00eb Amerik\u00ebn Qendrore dhe Jugore dhe u sekuestruan nj\u00eb sasi t\u00eb paprecedent\u00eb 5.7 miliard\u00eb dollar\u00eb narkotik\u00eb t\u00eb paligjsh\u00ebm.<\/p>\n<p>\u201cGjat\u00eb pes\u00eb viteve t\u00eb fundit, trafikimi dhe konsumi i [drog\u00ebs] jan\u00eb rritur me nj\u00eb renditje t\u00eb p\u00ebrmasave, me Evrop\u00ebn nj\u00eb nga tregjet kryesore t\u00eb tranzitit dhe destinacionit,\u201d tha Sekretari i P\u00ebrgjithsh\u00ebm i INTERPOL-it, J\u00fcrgen Stock.<\/p>\n<p>\u201cNe vazhdojm\u00eb t\u00eb shohim konfiskime rekord n\u00eb kufijt\u00eb dhe portet evropiane, dhe nj\u00eb rritje korresponduese t\u00eb krimit t\u00eb dhunsh\u00ebm, korrupsionit dhe pastrimit t\u00eb parave n\u00eb shkall\u00eb t\u00eb paprecedent\u00eb\u201d, shtoi Sekretari i P\u00ebrgjithsh\u00ebm Stock.<\/p>\n<p>Shkalla globale e shum\u00eb rrjeteve t\u00eb krimit t\u00eb organizuar, q\u00eb shpesh p\u00ebrfshin kontinente t\u00eb shumta, ka n\u00ebnvizuar se bashk\u00ebpunimi nd\u00ebrkomb\u00ebtar p\u00ebrmes INTERPOL-it \u00ebsht\u00eb shpesh mjeti i vet\u00ebm p\u00ebr policin\u00eb n\u00eb Evrop\u00eb dhe rajone t\u00eb tjera p\u00ebr t\u00eb sjell\u00eb t\u00eb arratisurit para drejt\u00ebsis\u00eb ose p\u00ebr t\u00eb mbledhur informacione t\u00eb r\u00ebnd\u00ebsishme.<\/p>\n<p><strong>Peizazhi evropian i krimit<\/strong><\/p>\n<p>P\u00ebrtej trafikut t\u00eb drog\u00ebs, rezultatet e raportit t\u00eb INTERPOL-it p\u00ebr Trendin Global t\u00eb Krimit 2022, i cili anketoi policin\u00eb n\u00eb t\u00eb gjith\u00eb an\u00ebtar\u00ebsimin e 195 vendeve t\u00eb Organizat\u00ebs, tregojn\u00eb se pastrimi i parave dhe krimet kibernetike ose t\u00eb aktivizuara nga kibernetik\u00ebt jan\u00eb gjithashtu n\u00eb krye t\u00eb list\u00ebs s\u00eb shqet\u00ebsimeve t\u00eb zbatimit t\u00eb ligjit evropian.<\/p>\n<p>Pastrimi i parave renditet i dyti n\u00eb mesin e tendencave t\u00eb krimit q\u00eb m\u00eb s\u00eb shpeshti tregohet nga vendet an\u00ebtare n\u00eb rajon si nj\u00eb k\u00ebrc\u00ebnim \u2018i lart\u00eb\u2019 ose \u2018shum\u00eb i lart\u00eb\u2019, me mashtrimin financiar q\u00eb renditet gjithashtu shum\u00eb lart.<\/p>\n<p>Raporti v\u00eb n\u00eb dukje se p\u00ebrdorimi i mjeteve n\u00eb internet nga kriminel\u00ebt p\u00ebr t\u00eb kryer skema t\u00eb mashtrimit financiar \u00ebsht\u00eb zgjeruar gjithashtu me shpejt\u00ebsi vitet e fundit, ve\u00e7an\u00ebrisht q\u00eb nga pandemia COVID-19.<\/p>\n<p>Ve\u00e7an\u00ebrisht shqet\u00ebsuese, 76 p\u00ebrqind e t\u00eb anketuarve policor\u00eb nga Evropa presin q\u00eb shfryt\u00ebzimi dhe abuzimi seksual i f\u00ebmij\u00ebve n\u00eb internet t\u00eb rritet ose t\u00eb rritet ndjesh\u00ebm n\u00eb tre deri n\u00eb pes\u00eb vitet e ardhshme.<\/p>\n<p>Raporti v\u00eb n\u00eb dukje se k\u00ebrkesa p\u00ebr abuzim me transmetimin e drejtp\u00ebrdrejt\u00eb \u00ebsht\u00eb rritur n\u00eb m\u00ebnyr\u00eb t\u00eb vazhdueshme vitet e fundit, me gjas\u00eb duke u intensifikuar gjat\u00eb pandemis\u00eb. Nd\u00ebrsa abuzimi i f\u00ebmij\u00ebve n\u00eb distanc\u00eb t\u00eb drejtp\u00ebrdrejt\u00eb ndodh m\u00eb shpesh n\u00eb Azin\u00eb Juglindore, raste n\u00eb Bashkimin Evropian jan\u00eb zbuluar koh\u00ebt e fundit.<\/p>\n<p><strong>Mbajja e Evrop\u00ebs t\u00eb sigurt<\/strong><\/p>\n<p>E themeluar n\u00eb zem\u00ebr t\u00eb Evrop\u00ebs \u2013 n\u00eb Vjen\u00eb \u2013 gjat\u00eb periudh\u00ebs nd\u00ebrmjet luft\u00ebrave t\u00eb rajonit 100 vjet m\u00eb par\u00eb, historia e INTERPOL-it \u00ebsht\u00eb e nd\u00ebrthurur ngusht\u00eb me at\u00eb t\u00eb Evrop\u00ebs.<\/p>\n<p>I krijuar n\u00eb nj\u00eb kontekst t\u00eb viteve 1920 t\u00eb trazirave gjeopolitike dhe shqet\u00ebsimeve t\u00eb krimit nd\u00ebrkomb\u00ebtar n\u00eb rritje, p\u00ebrfaq\u00ebsuesit themelues t\u00eb Organizat\u00ebs ran\u00eb dakord se vet\u00ebm p\u00ebrmes bashk\u00ebpunimit policia mund t\u00eb luftonte k\u00ebrc\u00ebnimet e krimit transnacional \u2013 nj\u00eb q\u00ebllim i p\u00ebrbashk\u00ebt i p\u00ebrbashk\u00ebt gjat\u00eb periudhave t\u00eb tensioneve politike ose ekonomike.<\/p>\n<p>M\u00eb von\u00eb, n\u00eb nj\u00eb nga kapitujt m\u00eb t\u00eb err\u00ebt t\u00eb Organizat\u00ebs, nazist\u00ebt mor\u00ebn kontrollin e Komisionit Nd\u00ebrkomb\u00ebtar t\u00eb Policis\u00eb Kriminale \u2013 si\u00e7 quhej at\u00ebher\u00eb INTERPOL \u2013 pasi rr\u00ebzuan Presidentin e tij. N\u00eb vitin 1946, Belgjika udh\u00ebhoqi rind\u00ebrtimin e INTERPOL-it n\u00eb epok\u00ebn e re t\u00eb pasluft\u00ebs.<\/p>\n<p>Sot, vendet an\u00ebtare evropiane mbeten lider\u00eb global\u00eb n\u00eb p\u00ebrdorimin dhe kontributin e tyre n\u00eb aft\u00ebsit\u00eb e INTERPOL-it \u2013 dhe ky aktivitet po rritet me shpejt\u00ebsi. N\u00eb lidhje me bazat e t\u00eb dh\u00ebnave t\u00eb INTERPOL-it, vendet an\u00ebtare evropiane kontribuojn\u00eb.<\/p>\n<p>Le Canton27.ch<\/p>\n","protected":false},"excerpt":{"rendered":"<p>\u201cGjat\u00eb pes\u00eb viteve t\u00eb fundit, trafikimi dhe konsumi i [drog\u00ebs] jan\u00eb rritur me nj\u00eb renditje t\u00eb p\u00ebrmasave, me Evrop\u00ebn nj\u00eb nga tregjet kryesore t\u00eb tranzitit dhe destinacionit. Ne vazhdojm\u00eb t\u00eb shohim konfiskim rekord n\u00eb kufijt\u00eb dhe portet evropiane, dhe nj\u00eb rritje korresponduese t\u00eb krimit t\u00eb dhunsh\u00ebm, korrupsionit dhe pastrimit t\u00eb parave n\u00eb shkall\u00eb t\u00eb paprecedent\u00eb, [&hellip;]<\/p>\n","protected":false},"author":1,"featured_media":3346,"comment_status":"closed","ping_status":"closed","sticky":false,"template":"","format":"standard","meta":{"footnotes":""},"categories":[105],"tags":[],"class_list":{"0":"post-3345","1":"post","2":"type-post","3":"status-publish","4":"format-standard","5":"has-post-thumbnail","7":"category-europa"},"_links":{"self":[{"href":"https:\/\/syri.tv\/index.php?rest_route=\/wp\/v2\/posts\/3345","targetHints":{"allow":["GET"]}}],"collection":[{"href":"https:\/\/syri.tv\/index.php?rest_route=\/wp\/v2\/posts"}],"about":[{"href":"https:\/\/syri.tv\/index.php?rest_route=\/wp\/v2\/types\/post"}],"author":[{"embeddable":true,"href":"https:\/\/syri.tv\/index.php?rest_route=\/wp\/v2\/users\/1"}],"replies":[{"embeddable":true,"href":"https:\/\/syri.tv\/index.php?rest_route=%2Fwp%2Fv2%2Fcomments&post=3345"}],"version-history":[{"count":1,"href":"https:\/\/syri.tv\/index.php?rest_route=\/wp\/v2\/posts\/3345\/revisions"}],"predecessor-version":[{"id":3347,"href":"https:\/\/syri.tv\/index.php?rest_route=\/wp\/v2\/posts\/3345\/revisions\/3347"}],"wp:featuredmedia":[{"embeddable":true,"href":"https:\/\/syri.tv\/index.php?rest_route=\/wp\/v2\/media\/3346"}],"wp:attachment":[{"href":"https:\/\/syri.tv\/index.php?rest_route=%2Fwp%2Fv2%2Fmedia&parent=3345"}],"wp:term":[{"taxonomy":"category","embeddable":true,"href":"https:\/\/syri.tv\/index.php?rest_route=%2Fwp%2Fv2%2Fcategories&post=3345"},{"taxonomy":"post_tag","embeddable":true,"href":"https:\/\/syri.tv\/index.php?rest_route=%2Fwp%2Fv2%2Ftags&post=3345"}],"curies":[{"name":"wp","href":"https:\/\/api.w.org\/{rel}","templated":true}]}}