{"id":3330,"date":"2023-05-01T06:59:53","date_gmt":"2023-05-01T06:59:53","guid":{"rendered":"https:\/\/syri.tv\/?p=3330"},"modified":"2023-05-01T06:59:53","modified_gmt":"2023-05-01T06:59:53","slug":"manovra-lux23-armata-zvicerane-tregon-muskujt-terroristeve-dhe-armiqeve-te-paqes-nga-sot-deri-me-9-maj-ere-lufte-ne-zvicer-si-dikur-ne-kosove-dhe-tash-ne-ukraine-ku-do-marrin-pjese-4","status":"publish","type":"post","link":"https:\/\/syri.tv\/?p=3330","title":{"rendered":"Manovra \u00ab LUX23 \u00bb \/ Armata zvicerane tregon muskujt terrorist\u00ebve dhe armiq\u00ebve t\u00eb paqes. Nga sot deri m\u00eb 9 maj er\u00eb lufte n\u00eb Zvicer si dikur n\u00eb Kosov\u00eb dhe tash n\u00eb Ukraine, ku do marrin pjes\u00eb 4000 ushtar\u00eb te armatosur deri n\u00eb dh\u00ebmb\u00eb me qindra tanke dhe avion luftarak"},"content":{"rendered":"<div class=\"td_block_wrap tdb_single_content tdi_71_7ad td-pb-border-top td_block_template_1 td-post-content tagdiv-type\" data-td-block-uid=\"tdi_71_7ad\">\n<div class=\"tdb-block-inner td-fix-index\">\n<p>Bern\u00eb, 1 maj -Nga sot deri me 9 maj qytetaret zvicrane do ta ndiejn eren e barutit dhe tymit t\u00eb tankeve (si dkur ne Koov\u00eb dhe sot ne Ukraine)\u00a0 gjate manovarave ushtarake t\u00eb armates zvicerane e armatosur deri ne dhembe, t\u00eb cilet do jene ne gjendje gatishmerie per lufte per dhjete dite rresht. Me kete rast Zvicra do te tregoj muskujt terroristeve, armiqve te paqes..ku do te marrin pjese mbi 4000 ushtare, shkruan gazeta zvicerane ne shqip Le Canton27, te cilat sterivtije gazetari i saj po i ndjek drejtpersedrejti.<\/p>\n<p><strong>Armata zvicerane mban nj\u00eb st\u00ebrvitje mbrojt\u00ebse jan\u00eb mobilizuar mbi 4000 ushtar\u00eb n\u00eb Gjenev\u00ebs, Vaud, Neuch\u00e2tel dhe Bern\u00eb<\/strong><\/p>\n<p><img loading=\"lazy\" loading=\"lazy\" decoding=\"async\" class=\"wp-image-25817 alignleft td-animation-stack-type0-2\" src=\"https:\/\/lecanton27.ch\/wp-content\/uploads\/2023\/05\/arme1.jpg\" sizes=\"auto, (max-width: 590px) 100vw, 590px\" srcset=\"https:\/\/lecanton27.ch\/wp-content\/uploads\/2023\/05\/arme1.jpg 258w, https:\/\/lecanton27.ch\/wp-content\/uploads\/2023\/05\/arme1-150x112.jpg 150w\" alt=\"\" width=\"590\" height=\"439\" \/><\/p>\n<p>Nga data 1 deri m\u00eb 9 maj, Zvicra fr\u00ebngjisht-fol\u00ebse do t\u00eb ket\u00eb ngjyr\u00eb gri-jeshile me k\u00ebt\u00eb ushtrim n\u00eb shkall\u00eb t\u00eb gjer\u00eb t\u00eb quajtur \u00ab\u00a0LUX 23\u00a0\u00bb.. Nj\u00eb st\u00ebrvitje ushtarake n\u00eb shkall\u00eb t\u00eb gjer\u00eb do t\u00eb zhvillohet k\u00ebt\u00eb jav\u00eb n\u00eb kantonet e Gjenev\u00ebs, Vaud, Neuch\u00e2tel dhe Bern\u00eb, tha ushtria zvicerane. Rreth 4000 ushtar\u00eb dhe profesionist\u00eb t\u00eb milicis\u00eb do t\u00eb marrin pjes\u00eb n\u00eb k\u00ebt\u00eb operacion.<\/p>\n<p>P\u00ebr keto strevije te medha ushtarke shkrujane edhe mediat vendore me tituj si: \u00ab\u00a0Manovrime te medha ushtarake\u00a0\u00bb (<em>Grandes\u00a0man\u0153uvres militaires<\/em>) apo Zvicra Roamnde e transformuar ne nje zone lufte\u00a0\u00bb (<em>La Suisse est transform\u00e9e en zone de guerre<\/em>).<\/p>\n<p>Operacioni do t\u00eb zhvillohet sipas skenarit t\u00eb m\u00ebposht\u00ebm: milicit\u00eb e armatosura separatiste nga nj\u00eb rajon imagjinar i Evrop\u00ebs k\u00ebrc\u00ebnojn\u00eb Zvicr\u00ebn. P\u00ebrball\u00eb rrezikut t\u00eb p\u00ebrmbytjeve dhe sulmeve ndaj infrastruktur\u00ebs kritike, ushtria \u00ebsht\u00eb e mobilizuar n\u00eb t\u00eb gjith\u00eb vendin.<\/p>\n<p>LUX 23 do t\u00eb shfaq\u00eb Divizionin Territorial 1 t\u00eb Ushtris\u00eb Zvicerane, e cila bashkon Zvicr\u00ebn fr\u00ebngjisht-fol\u00ebse dhe kantonin e Bern\u00ebs. St\u00ebrvitja synon ve\u00e7an\u00ebrisht t\u00eb trajnoj\u00eb bashk\u00ebpunimin me partner\u00ebt e Rrjetit t\u00eb Siguris\u00eb Komb\u00ebtare si dhe mbik\u00ebqyrjen e kufijve dhe infrastrukturave kritike, si n\u00eb rastin konkret aeroporti i Gjenev\u00ebs ose rafineria e Cressier (NE).<\/p>\n<p><strong>Buxheti i ushtris\u00eb zvicerane duhet t\u00eb rritet nga 5 n\u00eb 7 miliard\u00eb deri n\u00eb vitin 2030<\/strong><\/p>\n<p><img loading=\"lazy\" loading=\"lazy\" decoding=\"async\" class=\"wp-image-25819 alignright td-animation-stack-type0-2\" src=\"https:\/\/lecanton27.ch\/wp-content\/uploads\/2023\/05\/armeeech-300x174.png\" sizes=\"auto, (max-width: 569px) 100vw, 569px\" srcset=\"https:\/\/lecanton27.ch\/wp-content\/uploads\/2023\/05\/armeeech-300x174.png 300w, https:\/\/lecanton27.ch\/wp-content\/uploads\/2023\/05\/armeeech-768x445.png 768w, https:\/\/lecanton27.ch\/wp-content\/uploads\/2023\/05\/armeeech-150x87.png 150w, https:\/\/lecanton27.ch\/wp-content\/uploads\/2023\/05\/armeeech-696x403.png 696w, https:\/\/lecanton27.ch\/wp-content\/uploads\/2023\/05\/armeeech.png 963w\" alt=\"\" width=\"569\" height=\"330\" \/>Sipas Regjistrimit t\u00eb Ushtris\u00eb 2022, armata zvicerane aktualisht numeron 151,299 personel, ku rreth 150,000 jane ushtar\u00ebt te armatosur.. Rreth 4,000 personel ushtarak dhe 23 trupa trupash po marrin pjes\u00eb n\u00eb LUX 23.<\/p>\n<p>P\u00ebr ushtar\u00ebt e p\u00ebrfshir\u00eb do t\u00eb b\u00ebhet fjal\u00eb edhe p\u00ebr st\u00ebrvitjen e \u201cluft\u00ebs kund\u00ebr k\u00ebrc\u00ebnimeve terroriste dhe paraushtarake\u201d, vijon ushtria n\u00eb komunikat\u00ebn e saj p\u00ebr shtyp. Ajo d\u00ebshiron ve\u00e7an\u00ebrisht t\u00eb testoj\u00eb nj\u00eb kategori t\u00eb re t\u00eb forcave t\u00eb nd\u00ebrhyrjes, t\u00eb ashtuquajturat forca t\u00eb lehta. K\u00ebto n\u00eb t\u00eb ardhmen duhet t\u00eb jen\u00eb n\u00eb gjendje t\u00eb mb\u00ebshtesin shpejt autoritetet civile n\u00eb detyrat e tyre t\u00eb mbrojtjes.<\/p>\n<p>Ato do t\u00eb p\u00ebrforcohen me element\u00eb k\u00ebrkimi, sinjalesh, mbrojtje ajrore, inxhinierike dhe shp\u00ebtimi. P\u00ebrve\u00e7 k\u00ebsaj, do t\u00eb jen\u00eb pjes\u00ebtar\u00eb t\u00eb komand\u00ebs s\u00eb forcave speciale, Zyra Federale e Doganave dhe Siguris\u00eb Kufitare (OFDF), forcat e policis\u00eb dhe ushtria franceze.<\/p>\n<p>Ky ushtrim do t\u00eb gjeneroj\u00eb l\u00ebvizje t\u00eb formacioneve t\u00eb motorizuara, fluturime me helikopter\u00eb, si dhe l\u00ebvizje n\u00eb liqenin e Gjenev\u00ebs dhe Neuch\u00e2tel. Nd\u00ebrprerjet megjithat\u00eb do t\u00eb reduktohen n\u00eb nj\u00eb minimum t\u00eb rrept\u00eb, siguron ushtria zvicerane. Ai specifikon se nj\u00eb linj\u00eb telefonike (0800 780 001) \u00ebsht\u00eb e hapur p\u00ebr popullat\u00ebn, p\u00ebrve\u00e7 informacionit tashm\u00eb t\u00eb disponuesh\u00ebm n\u00eb internet.<\/p>\n<p>N\u00eb faqen e saj t\u00eb internetit, ushtria zvicerane shpjegon se niveli i k\u00ebrc\u00ebnimit p\u00ebr vendin \u00ebsht\u00eb \u00ab\u00a0i ul\u00ebt, por jo inekzistent\u00a0\u00bb. Prandaj, sipas saj, \u00ebsht\u00eb e r\u00ebnd\u00ebsishme q\u00eb \u00ab\u00a0t\u00eb st\u00ebrvitemi rregullisht p\u00ebr t\u00eb mbajtur nj\u00eb nivel t\u00eb lart\u00eb kompetence, p\u00ebrfshir\u00eb mbrojtjen kund\u00ebr sulmeve t\u00eb armatosura\u00a0\u00bb.<\/p>\n<p>Ajo shton se LUX 23 \u00ebsht\u00eb planifikuar prej disa vitesh dhe nuk \u00ebsht\u00eb nj\u00eb p\u00ebrgjigje e drejtp\u00ebrdrejt\u00eb ndaj luft\u00ebs n\u00eb Ukrain\u00eb. \u00ab\u00a0Zhvillimet n\u00eb situat\u00ebn e siguris\u00eb n\u00eb Evrop\u00eb thjesht konfirmojn\u00eb r\u00ebnd\u00ebsin\u00eb e k\u00ebtij ushtrimi,\u00a0\u00bb v\u00ebren ajo.<\/p>\n<p>Shefi i ushtris\u00eb zvicerane Thomas S\u00fcssli ka b\u00ebr\u00eb thirrje p\u00ebr rritje t\u00eb bashk\u00ebpunimit me NATO-n, tha ai t\u00eb enjten. N\u00eb ve\u00e7anti, ai d\u00ebshiron q\u00eb trupat tok\u00ebsore t\u00eb jen\u00eb n\u00eb gjendje t\u00eb st\u00ebrviten me aleanc\u00ebn ushtarake, si forcat ajrore dhe forcat speciale.<\/p>\n<p>K\u00ebshilltarja Federale Viola Amherd u takua me Sekretarin e P\u00ebrgjithsh\u00ebm t\u00eb NATO-s, Jens Stoltenberg t\u00eb m\u00ebrkur\u00ebn n\u00eb Bruksel, i cili i k\u00ebrkoi Konfederat\u00ebs t\u00eb veproj\u00eb p\u00ebr \u00e7\u00ebshtjen e rieksportit t\u00eb pajisjeve ushtarake. Viola Amherd prezantoi d\u00ebshirat e saj konkrete p\u00ebr t\u00eb forcuar bashk\u00ebpunimin me aleanc\u00ebn e mbrojtjes.<\/p>\n<p><iframe loading=\"lazy\" title=\"Swiss Armed Forces 2021 -  &quot;The Peacekeeper&quot;\" src=\"https:\/\/www.youtube.com\/embed\/U_3AE1_Z4cw?feature=oembed\" width=\"100%\" height=\"392\" frameborder=\"0\" allowfullscreen=\"allowfullscreen\" data-mce-fragment=\"1\"><\/iframe><\/p>\n<p><img loading=\"lazy\" loading=\"lazy\" decoding=\"async\" class=\"alignnone wp-image-25820 td-animation-stack-type0-2\" src=\"https:\/\/lecanton27.ch\/wp-content\/uploads\/2023\/05\/armeswisss-300x225.jpg\" sizes=\"auto, (max-width: 1003px) 100vw, 1003px\" srcset=\"https:\/\/lecanton27.ch\/wp-content\/uploads\/2023\/05\/armeswisss-300x225.jpg 300w, https:\/\/lecanton27.ch\/wp-content\/uploads\/2023\/05\/armeswisss-1024x768.jpg 1024w, https:\/\/lecanton27.ch\/wp-content\/uploads\/2023\/05\/armeswisss-768x576.jpg 768w, https:\/\/lecanton27.ch\/wp-content\/uploads\/2023\/05\/armeswisss-150x113.jpg 150w, https:\/\/lecanton27.ch\/wp-content\/uploads\/2023\/05\/armeswisss-696x522.jpg 696w, https:\/\/lecanton27.ch\/wp-content\/uploads\/2023\/05\/armeswisss-1068x801.jpg 1068w, https:\/\/lecanton27.ch\/wp-content\/uploads\/2023\/05\/armeswisss.jpg 1080w\" alt=\"\" width=\"1003\" height=\"752\" \/><\/p>\n<\/div>\n<\/div>\n<div class=\"vc_row_inner tdi_73_e2d  vc_row vc_inner wpb_row td-pb-row\">\n<div class=\"vc_column_inner tdi_75_f32  wpb_column vc_column_container tdc-inner-column td-pb-span4 td-is-sticky\">\n<div class=\"vc_column-inner\">\n<div class=\"wpb_wrapper\">\n<div class=\"clearfix\"><\/div>\n<div class=\"clearfix\"><\/div>\n<\/div>\n<\/div>\n<\/div>\n<div class=\"vc_column_inner tdi_77_44d  wpb_column vc_column_container tdc-inner-column td-pb-span8\">\n<div class=\"vc_column-inner\">\n<div class=\"wpb_wrapper\">\n<div class=\"clearfix\"><\/div>\n<div class=\"td_block_wrap tdb_single_post_share tdi_78_52e td-pb-border-top td_block_template_1\" data-td-block-uid=\"tdi_78_52e\">\n<div id=\"tdi_78_52e\" class=\"td-post-sharing tdb-block td-ps-bg td-ps-notext td-post-sharing-style1 \">\n<div class=\"td-post-sharing-visible\">\n<div class=\"td-social-sharing-button td-social-sharing-button-js td-social-handler td-social-share-text\">\n<div class=\"td-social-but-icon\"><\/div>\n<div class=\"td-social-but-text\">Share<\/div>\n<\/div>\n<div class=\"td-social-but-icon\"><\/div>\n<div class=\"td-social-but-icon\"><\/div>\n<div class=\"td-social-but-icon\"><\/div>\n<\/div>\n<\/div>\n<\/div>\n<div class=\"td_block_wrap tdb_single_next_prev tdi_79_ee2 td-pb-border-top td_block_template_1\" data-td-block-uid=\"tdi_79_ee2\">\n<div class=\"tdb-block-inner td-fix-index\">\n<div class=\"tdb-next-post tdb-next-post-bg tdb-post-prev\"><\/div>\n<\/div>\n<\/div>\n<\/div>\n<\/div>\n<\/div>\n<\/div>\n","protected":false},"excerpt":{"rendered":"<p>Bern\u00eb, 1 maj -Nga sot deri me 9 maj qytetaret zvicrane do ta ndiejn eren e barutit dhe tymit t\u00eb tankeve (si dkur ne Koov\u00eb dhe sot ne Ukraine)\u00a0 gjate manovarave ushtarake t\u00eb armates zvicerane e armatosur deri ne dhembe, t\u00eb cilet do jene ne gjendje gatishmerie per lufte per dhjete dite rresht. Me kete [&hellip;]<\/p>\n","protected":false},"author":1,"featured_media":3331,"comment_status":"closed","ping_status":"closed","sticky":false,"template":"","format":"standard","meta":{"footnotes":""},"categories":[2],"tags":[],"class_list":{"0":"post-3330","1":"post","2":"type-post","3":"status-publish","4":"format-standard","5":"has-post-thumbnail","7":"category-zvicer"},"_links":{"self":[{"href":"https:\/\/syri.tv\/index.php?rest_route=\/wp\/v2\/posts\/3330","targetHints":{"allow":["GET"]}}],"collection":[{"href":"https:\/\/syri.tv\/index.php?rest_route=\/wp\/v2\/posts"}],"about":[{"href":"https:\/\/syri.tv\/index.php?rest_route=\/wp\/v2\/types\/post"}],"author":[{"embeddable":true,"href":"https:\/\/syri.tv\/index.php?rest_route=\/wp\/v2\/users\/1"}],"replies":[{"embeddable":true,"href":"https:\/\/syri.tv\/index.php?rest_route=%2Fwp%2Fv2%2Fcomments&post=3330"}],"version-history":[{"count":1,"href":"https:\/\/syri.tv\/index.php?rest_route=\/wp\/v2\/posts\/3330\/revisions"}],"predecessor-version":[{"id":3332,"href":"https:\/\/syri.tv\/index.php?rest_route=\/wp\/v2\/posts\/3330\/revisions\/3332"}],"wp:featuredmedia":[{"embeddable":true,"href":"https:\/\/syri.tv\/index.php?rest_route=\/wp\/v2\/media\/3331"}],"wp:attachment":[{"href":"https:\/\/syri.tv\/index.php?rest_route=%2Fwp%2Fv2%2Fmedia&parent=3330"}],"wp:term":[{"taxonomy":"category","embeddable":true,"href":"https:\/\/syri.tv\/index.php?rest_route=%2Fwp%2Fv2%2Fcategories&post=3330"},{"taxonomy":"post_tag","embeddable":true,"href":"https:\/\/syri.tv\/index.php?rest_route=%2Fwp%2Fv2%2Ftags&post=3330"}],"curies":[{"name":"wp","href":"https:\/\/api.w.org\/{rel}","templated":true}]}}