{"id":3320,"date":"2023-04-23T17:36:30","date_gmt":"2023-04-23T17:36:30","guid":{"rendered":"https:\/\/syri.tv\/?p=3320"},"modified":"2023-04-23T17:36:30","modified_gmt":"2023-04-23T17:36:30","slug":"edhe-okb-mbylli-dyert-per-bajram-rrespekton-islamin-okb-viti-2030-bota-me-2-2-miliarde-muslimane","status":"publish","type":"post","link":"https:\/\/syri.tv\/?p=3320","title":{"rendered":"Edhe OKB mbylli dyert per Bajram, rrespekton islamin. OKB: Viti 2030 bota me 2.2 miliard\u00eb musliman\u00eb"},"content":{"rendered":"<div class=\"td_block_wrap tdb_single_content tdi_71_06c td-pb-border-top td_block_template_1 td-post-content tagdiv-type\" data-td-block-uid=\"tdi_71_06c\">\n<div class=\"tdb-block-inner td-fix-index\">\n<p>Muaji i Ramazanit dhe festa e Bajramit po verehet jo vetem ne vendet muslimane si dhe te tjera, sidos ne vendet e punes ashtu edhe ne trafiqe apo shitore, dyqane dhe aktivtet tjera..Festa e Bajramit po verehet por edhe ne perendim sidomos ne ato vend me nje prani te konsiderueshme te muslimaneve si ne Amerik\u00eb, France, Belgjik\u00eb, Gjermani apo Zvicer. Per kete feste, ne shenje rrespekti i muslimaneve, dyert ka mbylluru p\u00ebr dy dite rresht edhe organizat\u00eb me e madhe boterore OKB. Ngjasjshem ka vepruar edhe p\u00ebr festat e krisian\u00ebve, njofton gazeta zvicerane ne shqip Le Caton27.ch<\/p>\n<p>Keshtu po ndodhe edhe ma festen Fiter Bajramin i cli po sh\u00ebnohrt me dinjite edhe ne keto vende te BE-s\u00eb e jashta saj. Madje per hire te rrespektit te islamit, per rresprekt te muslimaneve, p\u00ebr dit\u00ebt e Bajramit dyer ka mbyellur edhe Organizata e Kombeve te Bashkuara (OKB) dhe 12 organizat tjera botere qe vprojne en GHjenv\u00eb si (HCR. ILO, IOM, UNESCO, ICRC etj..)<\/p>\n<p><strong>OKB: Rritet numri i musliman\u00ebve n\u00eb bot\u00eb. N\u00eb vitin 2030 bota me 2.2 miliard\u00eb musliman\u00eb<\/strong><\/p>\n<p><img loading=\"lazy\" loading=\"lazy\" decoding=\"async\" class=\"wp-image-25537 alignleft td-animation-stack-type0-2\" src=\"https:\/\/lecanton27.ch\/wp-content\/uploads\/2023\/04\/shamiunnn-300x197.jpg\" sizes=\"auto, (max-width: 560px) 100vw, 560px\" srcset=\"https:\/\/lecanton27.ch\/wp-content\/uploads\/2023\/04\/shamiunnn-300x197.jpg 300w, https:\/\/lecanton27.ch\/wp-content\/uploads\/2023\/04\/shamiunnn-768x505.jpg 768w, https:\/\/lecanton27.ch\/wp-content\/uploads\/2023\/04\/shamiunnn-150x99.jpg 150w, https:\/\/lecanton27.ch\/wp-content\/uploads\/2023\/04\/shamiunnn-696x457.jpg 696w, https:\/\/lecanton27.ch\/wp-content\/uploads\/2023\/04\/shamiunnn.jpg 951w\" alt=\"\" width=\"560\" height=\"368\" \/>Popullsia muslimane do t\u00eb rritet dy her\u00eb m\u00eb shpejt\u00eb n\u00eb krahasim me pjes\u00ebtar\u00ebt e besimeve tjera, k\u00ebshtu q\u00eb n\u00eb vitin 2030 ajo do ta arrij\u00eb nj\u00eb t\u00eb kat\u00ebrt\u00ebn e popullsis\u00eb s\u00eb bot\u00ebs, thuhet n\u00eb raportin e fundit nga Qedra Nderkomb\u00ebtare Hulumtimeve mbi relegjionin (\u201c Pew Research Center\u2019s Forum on Religion &amp; Public Life \u00ab ).<\/p>\n<p>kt\u00eb ngritje t\u00eb mulsiman\u00ebve n\u00eb bot\u00eb e ka konfirmuar edhe OKB p\u00ebrmes nj\u00eb raport t\u00eb fundit mbi relegjionin n\u00eb planetin ton\u00eb, transmeton agjencia e lajmeve \u00ab Presheva jon\u00eb \u00bb Sipas ketij raporti Popullsia muslimane n\u00eb bot\u00eb pritet t\u00eb rritet me rreth 35% n\u00eb 20 vitet e ardhshme, n\u00eb rritje nga 1.6 miliard\u00eb n\u00eb 2010 \u2013 2.200.000.000 deri n\u00eb vitin 2030, sipas parashikimeve t\u00eb reja t\u00eb popullsis\u00eb.<img loading=\"lazy\" loading=\"lazy\" decoding=\"async\" class=\"wp-image-25540 alignleft td-animation-stack-type0-2\" src=\"https:\/\/lecanton27.ch\/wp-content\/uploads\/2023\/04\/muslimWorldpep-295x300.png\" sizes=\"auto, (max-width: 1408px) 100vw, 1408px\" srcset=\"https:\/\/lecanton27.ch\/wp-content\/uploads\/2023\/04\/muslimWorldpep-295x300.png 295w, https:\/\/lecanton27.ch\/wp-content\/uploads\/2023\/04\/muslimWorldpep-150x153.png 150w, https:\/\/lecanton27.ch\/wp-content\/uploads\/2023\/04\/muslimWorldpep-300x306.png 300w, https:\/\/lecanton27.ch\/wp-content\/uploads\/2023\/04\/muslimWorldpep.png 697w\" alt=\"\" width=\"1408\" height=\"1432\" \/><\/p>\n<\/div>\n<\/div>\n<div class=\"vc_row_inner tdi_73_000  vc_row vc_inner wpb_row td-pb-row\">\n<div class=\"vc_column_inner tdi_75_5c9  wpb_column vc_column_container tdc-inner-column td-pb-span4 td-is-sticky\">\n<div class=\"vc_column-inner\">\n<div class=\"wpb_wrapper\">\n<div class=\"clearfix\"><\/div>\n<div class=\"clearfix\"><\/div>\n<\/div>\n<\/div>\n<\/div>\n<div class=\"vc_column_inner tdi_77_c50  wpb_column vc_column_container tdc-inner-column td-pb-span8\">\n<div class=\"vc_column-inner\">\n<div class=\"wpb_wrapper\">\n<div class=\"clearfix\"><\/div>\n<div class=\"td_block_wrap tdb_single_post_share tdi_78_50a td-pb-border-top td_block_template_1\" data-td-block-uid=\"tdi_78_50a\">\n<div id=\"tdi_78_50a\" class=\"td-post-sharing tdb-block td-ps-bg td-ps-notext td-post-sharing-style1 \">\n<div class=\"td-post-sharing-visible\">\n<div class=\"td-social-sharing-button td-social-sharing-button-js td-social-handler td-social-share-text\">\n<div class=\"td-social-but-icon\"><\/div>\n<div class=\"td-social-but-text\"><\/div>\n<\/div>\n<\/div>\n<\/div>\n<\/div>\n<\/div>\n<\/div>\n<\/div>\n<\/div>\n","protected":false},"excerpt":{"rendered":"<p>Muaji i Ramazanit dhe festa e Bajramit po verehet jo vetem ne vendet muslimane si dhe te tjera, sidos ne vendet e punes ashtu edhe ne trafiqe apo shitore, dyqane dhe aktivtet tjera..Festa e Bajramit po verehet por edhe ne perendim sidomos ne ato vend me nje prani te konsiderueshme te muslimaneve si ne Amerik\u00eb, [&hellip;]<\/p>\n","protected":false},"author":1,"featured_media":3321,"comment_status":"closed","ping_status":"closed","sticky":false,"template":"","format":"standard","meta":{"footnotes":""},"categories":[10],"tags":[],"class_list":{"0":"post-3320","1":"post","2":"type-post","3":"status-publish","4":"format-standard","5":"has-post-thumbnail","7":"category-bota"},"_links":{"self":[{"href":"https:\/\/syri.tv\/index.php?rest_route=\/wp\/v2\/posts\/3320","targetHints":{"allow":["GET"]}}],"collection":[{"href":"https:\/\/syri.tv\/index.php?rest_route=\/wp\/v2\/posts"}],"about":[{"href":"https:\/\/syri.tv\/index.php?rest_route=\/wp\/v2\/types\/post"}],"author":[{"embeddable":true,"href":"https:\/\/syri.tv\/index.php?rest_route=\/wp\/v2\/users\/1"}],"replies":[{"embeddable":true,"href":"https:\/\/syri.tv\/index.php?rest_route=%2Fwp%2Fv2%2Fcomments&post=3320"}],"version-history":[{"count":1,"href":"https:\/\/syri.tv\/index.php?rest_route=\/wp\/v2\/posts\/3320\/revisions"}],"predecessor-version":[{"id":3322,"href":"https:\/\/syri.tv\/index.php?rest_route=\/wp\/v2\/posts\/3320\/revisions\/3322"}],"wp:featuredmedia":[{"embeddable":true,"href":"https:\/\/syri.tv\/index.php?rest_route=\/wp\/v2\/media\/3321"}],"wp:attachment":[{"href":"https:\/\/syri.tv\/index.php?rest_route=%2Fwp%2Fv2%2Fmedia&parent=3320"}],"wp:term":[{"taxonomy":"category","embeddable":true,"href":"https:\/\/syri.tv\/index.php?rest_route=%2Fwp%2Fv2%2Fcategories&post=3320"},{"taxonomy":"post_tag","embeddable":true,"href":"https:\/\/syri.tv\/index.php?rest_route=%2Fwp%2Fv2%2Ftags&post=3320"}],"curies":[{"name":"wp","href":"https:\/\/api.w.org\/{rel}","templated":true}]}}