{"id":3302,"date":"2023-04-14T19:31:36","date_gmt":"2023-04-14T19:31:36","guid":{"rendered":"https:\/\/syri.tv\/?p=3302"},"modified":"2023-04-14T19:31:36","modified_gmt":"2023-04-14T19:31:36","slug":"ministrja-e-jashtme-gjermane-annalena-baerbock-nis-sot-viziten-tre-ditore-ne-kine-dinamike-e-re-ne-marrdheniet-kine-gjermani","status":"publish","type":"post","link":"https:\/\/syri.tv\/?p=3302","title":{"rendered":"MINISTRJA E JASHTME GJERMANE, ANNALENA BAERBOCK NIS SOT VIZIT\u00cbN TRE DITORE N\u00cb KIN\u00cb. DINAMIK\u00cb E RE N\u00cb MARRDH\u00cbNIET KIN\u00cb-GJERMANI"},"content":{"rendered":"<div class=\"x11i5rnm xat24cr x1mh8g0r x1vvkbs xtlvy1s x126k92a\">\n<div dir=\"auto\">Ministrja e Jashtme e Gjermanis\u00eb, Annalena Baerbock, ka nisur sot vizit\u00ebn e saj tre ditore n\u00eb qytetin verior Tianjin, pas debatit t\u00eb nisur disa koh\u00eb m\u00eb par\u00eb se si Europa duhet t\u00eb krijoj\u00eb marrveshje me kin\u00ebn, teksa deklarata e Macron n\u00eb lidhje me \u201creduktimin e marrdh\u00ebnies s\u00eb Europ\u00ebs nga Amerika\u201d ka ngjallur diskutime t\u00eb forta.<\/div>\n<\/div>\n<div class=\"x11i5rnm xat24cr x1mh8g0r x1vvkbs xtlvy1s x126k92a\">\n<div dir=\"auto\">Vizita e ministres gjermane, vjen pik\u00ebrisht n\u00eb momentin e vizitave t\u00eb shumta t\u00eb lider\u00ebve europian\u00eb n\u00eb Kin\u00eb, duke dh\u00ebn\u00eb sinjale p\u00ebr ndryshimin e madh mes BE-s\u00eb dhe vet\u00eb Kin\u00ebs, n\u00eb bashk\u00ebpunime politike dhe ekonomike.<\/div>\n<\/div>\n<div class=\"x11i5rnm xat24cr x1mh8g0r x1vvkbs xtlvy1s x126k92a\">\n<div dir=\"auto\">Ekspert\u00ebt kinez\u00eb besojn\u00eb se \u00ebsht\u00eb pak \u201cjo realiste\u201d, pritja e zyrtares gjermane n\u00eb lidhje me mendimet pozitive ndaj kin\u00ebs ashtu si edhe vet\u00eb Macron, por \u00ebsht\u00eb e r\u00ebnd\u00ebsishme t\u00eb ket\u00eb nj\u00eb takim p\u00ebrball\u00eb p\u00ebr t\u00eb larguar keqkuptimet dhe t\u00eb gjenden rezultate.<\/div>\n<\/div>\n<div class=\"x11i5rnm xat24cr x1mh8g0r x1vvkbs xtlvy1s x126k92a\">\n<div dir=\"auto\">N\u00eb nj\u00eb deklarat\u00eb t\u00eb disa dit\u00ebve para se t\u00eb nisej p\u00ebr n\u00eb Kin\u00eb, Baerbock e ka p\u00ebrshkruar kin\u00ebn si nj\u00eb \u201ckonkurrues dhe sistem rival\u201d, por edhe \u201cvend me r\u00ebnd\u00ebsi bot\u00ebrore duke dashur t\u00eb ndryshoj\u00eb rolin e bot\u00ebs sipas ides\u00eb s\u00eb vet\u201d.<\/div>\n<\/div>\n<div class=\"x11i5rnm xat24cr x1mh8g0r x1vvkbs xtlvy1s x126k92a\">\n<div dir=\"auto\">\u201cN\u00eb vizit\u00ebn e saj t\u00eb par\u00eb si Ministre e Jashtme n\u00eb Kin\u00eb, pritet t\u00eb ket\u00eb m\u00eb tep\u00ebr ide objektive p\u00ebr marrdh\u00ebniet Kin\u00eb-Gjermani, por \u00ebsht\u00eb pak jo realiste t\u00eb priten ndryshime t\u00eb pritshme\u201d, ka deklaruar Cui Honqjiang, ekspert n\u00eb studimet nd\u00ebrkomb\u00ebtare.<\/div>\n<div dir=\"auto\">Disa kompani t\u00eb njohura gjermane jan\u00eb duke l\u00ebvizur n\u00eb drejtim t\u00eb kin\u00ebs si\u00e7 jan\u00eb Wolkswagen dhe kompania kimike BASF, t\u00eb cilat kan\u00eb investuar kolosialisht\u201d.<\/div>\n<div dir=\"auto\">Edison Myrteza &#8211; Kin\u00eb<\/div>\n<\/div>\n","protected":false},"excerpt":{"rendered":"<p>Ministrja e Jashtme e Gjermanis\u00eb, Annalena Baerbock, ka nisur sot vizit\u00ebn e saj tre ditore n\u00eb qytetin verior Tianjin, pas debatit t\u00eb nisur disa koh\u00eb m\u00eb par\u00eb se si Europa duhet t\u00eb krijoj\u00eb marrveshje me kin\u00ebn, teksa deklarata e Macron n\u00eb lidhje me \u201creduktimin e marrdh\u00ebnies s\u00eb Europ\u00ebs nga Amerika\u201d ka ngjallur diskutime t\u00eb forta. [&hellip;]<\/p>\n","protected":false},"author":1,"featured_media":3303,"comment_status":"closed","ping_status":"closed","sticky":false,"template":"","format":"standard","meta":{"footnotes":""},"categories":[10],"tags":[],"class_list":{"0":"post-3302","1":"post","2":"type-post","3":"status-publish","4":"format-standard","5":"has-post-thumbnail","7":"category-bota"},"_links":{"self":[{"href":"https:\/\/syri.tv\/index.php?rest_route=\/wp\/v2\/posts\/3302","targetHints":{"allow":["GET"]}}],"collection":[{"href":"https:\/\/syri.tv\/index.php?rest_route=\/wp\/v2\/posts"}],"about":[{"href":"https:\/\/syri.tv\/index.php?rest_route=\/wp\/v2\/types\/post"}],"author":[{"embeddable":true,"href":"https:\/\/syri.tv\/index.php?rest_route=\/wp\/v2\/users\/1"}],"replies":[{"embeddable":true,"href":"https:\/\/syri.tv\/index.php?rest_route=%2Fwp%2Fv2%2Fcomments&post=3302"}],"version-history":[{"count":1,"href":"https:\/\/syri.tv\/index.php?rest_route=\/wp\/v2\/posts\/3302\/revisions"}],"predecessor-version":[{"id":3304,"href":"https:\/\/syri.tv\/index.php?rest_route=\/wp\/v2\/posts\/3302\/revisions\/3304"}],"wp:featuredmedia":[{"embeddable":true,"href":"https:\/\/syri.tv\/index.php?rest_route=\/wp\/v2\/media\/3303"}],"wp:attachment":[{"href":"https:\/\/syri.tv\/index.php?rest_route=%2Fwp%2Fv2%2Fmedia&parent=3302"}],"wp:term":[{"taxonomy":"category","embeddable":true,"href":"https:\/\/syri.tv\/index.php?rest_route=%2Fwp%2Fv2%2Fcategories&post=3302"},{"taxonomy":"post_tag","embeddable":true,"href":"https:\/\/syri.tv\/index.php?rest_route=%2Fwp%2Fv2%2Ftags&post=3302"}],"curies":[{"name":"wp","href":"https:\/\/api.w.org\/{rel}","templated":true}]}}