{"id":3278,"date":"2023-04-12T21:49:33","date_gmt":"2023-04-12T21:49:33","guid":{"rendered":"https:\/\/syri.tv\/?p=3278"},"modified":"2023-04-12T22:13:25","modified_gmt":"2023-04-12T22:13:25","slug":"ne-aachen-te-gjermanise-u-perurua-libri-atdhetari-i-shtigjeve-te-lirise-xhavit-haziri-te-autorit-mustafe-krasniqi","status":"publish","type":"post","link":"https:\/\/syri.tv\/?p=3278","title":{"rendered":"N\u00eb Aachen t\u00eb Gjermanis\u00eb u p\u00ebrurua libri &#171;Atdhetari i Shtigjeve t\u00eb Liris\u00eb \u2013 Xhavit Haziri&#187; t\u00eb autorit Mustaf\u00eb Krasniqi"},"content":{"rendered":"<p>N\u00eb Aachen t\u00eb Gjermanis\u00eb, n\u00eb prani t\u00eb shum\u00eb bashk\u00ebkomb\u00ebsve, krijuesve, publicist\u00ebve, poet\u00ebve, veprimtar\u00ebve e shok\u00ebve t\u00eb idealit, e n\u00eb mesin e tyre kishte edhe bashk\u00ebvuajt\u00ebs n\u00ebp\u00ebr burgjet ish- jugosllave me heroin e kombit Xhavit Hazirin, u promovua libri monografik i autorit Mustaf\u00eb Krasniqi \u201cAtdhetari i Shtigjeve t\u00eb Liris\u00eb- Xhavit Haziri\u201d, kushtuar heroit t\u00eb Kombit Xhavit Hazirit.<\/p>\n<p><img loading=\"lazy\" loading=\"lazy\" decoding=\"async\" class=\"alignnone wp-image-3280\" src=\"https:\/\/syri.tv\/wp-content\/uploads\/2023\/04\/image.png\" alt=\"\" width=\"1018\" height=\"568\" srcset=\"https:\/\/syri.tv\/wp-content\/uploads\/2023\/04\/image.png 545w, https:\/\/syri.tv\/wp-content\/uploads\/2023\/04\/image-300x167.png 300w\" sizes=\"auto, (max-width: 1018px) 100vw, 1018px\" \/><\/p>\n<p>Programi u hap me himnin komb\u00ebtar n\u00eb p\u00ebrcjellje edhe nga nx\u00ebn\u00ebsit e shkoll\u00ebs shqipe n\u00eb Aachen.<\/p>\n<p>Moderimin e promovimit e b\u00ebri m\u00ebsuesja Elizabeta Statovci.<\/p>\n<p>P\u00ebr librin foli: bashk\u00ebveprimtari i Xhavit Hazirit, Binak Berisha, Dr. Vaxhid Sejdiu (recensent i librit), poeti Hasan Qyqalla, prof. Isuf Ismaili (redaktor i librit) dhe autori i librit prof. Mustaf\u00eb Krasniqi.<\/p>\n<p><img loading=\"lazy\" loading=\"lazy\" decoding=\"async\" class=\"alignnone size-large wp-image-3282\" src=\"https:\/\/syri.tv\/wp-content\/uploads\/2023\/04\/image-8-1024x683.png\" alt=\"\" width=\"1024\" height=\"683\" srcset=\"https:\/\/syri.tv\/wp-content\/uploads\/2023\/04\/image-8-1024x683.png 1024w, https:\/\/syri.tv\/wp-content\/uploads\/2023\/04\/image-8-300x200.png 300w, https:\/\/syri.tv\/wp-content\/uploads\/2023\/04\/image-8-768x512.png 768w, https:\/\/syri.tv\/wp-content\/uploads\/2023\/04\/image-8-1536x1024.png 1536w, https:\/\/syri.tv\/wp-content\/uploads\/2023\/04\/image-8-330x220.png 330w, https:\/\/syri.tv\/wp-content\/uploads\/2023\/04\/image-8-420x280.png 420w, https:\/\/syri.tv\/wp-content\/uploads\/2023\/04\/image-8-615x410.png 615w, https:\/\/syri.tv\/wp-content\/uploads\/2023\/04\/image-8-860x573.png 860w, https:\/\/syri.tv\/wp-content\/uploads\/2023\/04\/image-8.png 2048w\" sizes=\"auto, (max-width: 1024px) 100vw, 1024px\" \/><\/p>\n<p>T\u00eb pranishmit i p\u00ebrsh\u00ebndeti organizatori i k\u00ebtij promovimi Arb\u00ebr Haziri, kurse n\u00eb em\u00ebr t\u00eb familjes Haziri fjal\u00ebn e mori v\u00ebllai i heroit Arsim Haziri. K\u00ebt\u00eb promovim e begatuan edhe nx\u00ebn\u00ebsit e shkoll\u00ebs shqipe n\u00eb k\u00ebt\u00eb qytet, Aachen, duke recituar vargjet e heroit, i cili i kishte shkruar gjat\u00eb q\u00ebndrimit prapa grilave n\u00eb kazamatet serbe dhe vargjet e autorit Mustaf\u00eb Krasniqi, kushtuar heroit.<\/p>\n<p><img loading=\"lazy\" loading=\"lazy\" decoding=\"async\" class=\"alignnone size-large wp-image-3283\" src=\"https:\/\/syri.tv\/wp-content\/uploads\/2023\/04\/image-5-1024x683.png\" alt=\"\" width=\"1024\" height=\"683\" srcset=\"https:\/\/syri.tv\/wp-content\/uploads\/2023\/04\/image-5-1024x683.png 1024w, https:\/\/syri.tv\/wp-content\/uploads\/2023\/04\/image-5-300x200.png 300w, https:\/\/syri.tv\/wp-content\/uploads\/2023\/04\/image-5-768x512.png 768w, https:\/\/syri.tv\/wp-content\/uploads\/2023\/04\/image-5-1536x1024.png 1536w, https:\/\/syri.tv\/wp-content\/uploads\/2023\/04\/image-5-330x220.png 330w, https:\/\/syri.tv\/wp-content\/uploads\/2023\/04\/image-5-420x280.png 420w, https:\/\/syri.tv\/wp-content\/uploads\/2023\/04\/image-5-615x410.png 615w, https:\/\/syri.tv\/wp-content\/uploads\/2023\/04\/image-5-860x573.png 860w, https:\/\/syri.tv\/wp-content\/uploads\/2023\/04\/image-5.png 2048w\" sizes=\"auto, (max-width: 1024px) 100vw, 1024px\" \/><\/p>\n<p>T\u00eb pranishmit p\u00ebrcoll\u00ebn me ndjenja emocionuese, p\u00ebrmes videos, fjalimin e heroit t\u00eb kombit, Xhavit Haziri, t\u00eb mbajtur m\u00eb 4 tetor 1991 n\u00eb Ujmir\u00eb. Pas k\u00ebtij emocioni, q\u00eb u shoq\u00ebrua me lot malli dhe krenarie, t\u00eb pranishmit parashtruan mjaft pyetje dhe shfaq\u00ebn interes t\u00eb dinin m\u00eb shum\u00eb p\u00ebr heroin e kombit Xhavit Hazirin, si dhe t\u00eb ndihmojn\u00eb m\u00eb shum\u00eb autorin, por edhe autor\u00ebt e tjer\u00eb, me q\u00ebllim iniciues, q\u00eb n\u00eb t\u00eb ardhmen t\u00eb shkruhet m\u00eb shum\u00eb p\u00ebr heroin dhe vepra e tij t\u00eb trajtohet n\u00eb m\u00ebnyr\u00ebn sa m\u00eb t\u00eb plot\u00eb t\u00eb mundshme.<\/p>\n<p><img loading=\"lazy\" loading=\"lazy\" decoding=\"async\" class=\"alignnone size-large wp-image-3284\" src=\"https:\/\/syri.tv\/wp-content\/uploads\/2023\/04\/image-3-1024x683.png\" alt=\"\" width=\"1024\" height=\"683\" srcset=\"https:\/\/syri.tv\/wp-content\/uploads\/2023\/04\/image-3-1024x683.png 1024w, https:\/\/syri.tv\/wp-content\/uploads\/2023\/04\/image-3-300x200.png 300w, https:\/\/syri.tv\/wp-content\/uploads\/2023\/04\/image-3-768x512.png 768w, https:\/\/syri.tv\/wp-content\/uploads\/2023\/04\/image-3-1536x1024.png 1536w, https:\/\/syri.tv\/wp-content\/uploads\/2023\/04\/image-3-330x220.png 330w, https:\/\/syri.tv\/wp-content\/uploads\/2023\/04\/image-3-420x280.png 420w, https:\/\/syri.tv\/wp-content\/uploads\/2023\/04\/image-3-615x410.png 615w, https:\/\/syri.tv\/wp-content\/uploads\/2023\/04\/image-3-860x573.png 860w, https:\/\/syri.tv\/wp-content\/uploads\/2023\/04\/image-3.png 2048w\" sizes=\"auto, (max-width: 1024px) 100vw, 1024px\" \/><\/p>\n<p>N\u00eb fund t\u00eb k\u00ebtij promovimi familja e heroit dhe autori i librit \u201cAtdhetari i shtigjeve t\u00eb Liris\u00eb-Xhavit Haziri\u201d librin e shp\u00ebrndan\u00eb falas p\u00ebr t\u00eb gjith\u00eb pjes\u00ebmarr\u00ebsit si dhe shtruan nj\u00eb apero.<\/p>\n<p><img loading=\"lazy\" loading=\"lazy\" decoding=\"async\" class=\"alignnone size-large wp-image-3285\" src=\"https:\/\/syri.tv\/wp-content\/uploads\/2023\/04\/image-2-1024x683.png\" alt=\"\" width=\"1024\" height=\"683\" srcset=\"https:\/\/syri.tv\/wp-content\/uploads\/2023\/04\/image-2-1024x683.png 1024w, https:\/\/syri.tv\/wp-content\/uploads\/2023\/04\/image-2-300x200.png 300w, https:\/\/syri.tv\/wp-content\/uploads\/2023\/04\/image-2-768x512.png 768w, https:\/\/syri.tv\/wp-content\/uploads\/2023\/04\/image-2-1536x1024.png 1536w, https:\/\/syri.tv\/wp-content\/uploads\/2023\/04\/image-2-330x220.png 330w, https:\/\/syri.tv\/wp-content\/uploads\/2023\/04\/image-2-420x280.png 420w, https:\/\/syri.tv\/wp-content\/uploads\/2023\/04\/image-2-615x410.png 615w, https:\/\/syri.tv\/wp-content\/uploads\/2023\/04\/image-2-860x573.png 860w, https:\/\/syri.tv\/wp-content\/uploads\/2023\/04\/image-2.png 2048w\" sizes=\"auto, (max-width: 1024px) 100vw, 1024px\" \/> <img loading=\"lazy\" loading=\"lazy\" decoding=\"async\" class=\"alignnone size-large wp-image-3286\" src=\"https:\/\/syri.tv\/wp-content\/uploads\/2023\/04\/image-6-1024x683.png\" alt=\"\" width=\"1024\" height=\"683\" srcset=\"https:\/\/syri.tv\/wp-content\/uploads\/2023\/04\/image-6-1024x683.png 1024w, https:\/\/syri.tv\/wp-content\/uploads\/2023\/04\/image-6-300x200.png 300w, https:\/\/syri.tv\/wp-content\/uploads\/2023\/04\/image-6-768x512.png 768w, https:\/\/syri.tv\/wp-content\/uploads\/2023\/04\/image-6-1536x1024.png 1536w, https:\/\/syri.tv\/wp-content\/uploads\/2023\/04\/image-6-330x220.png 330w, https:\/\/syri.tv\/wp-content\/uploads\/2023\/04\/image-6-420x280.png 420w, https:\/\/syri.tv\/wp-content\/uploads\/2023\/04\/image-6-615x410.png 615w, https:\/\/syri.tv\/wp-content\/uploads\/2023\/04\/image-6-860x573.png 860w, https:\/\/syri.tv\/wp-content\/uploads\/2023\/04\/image-6.png 2048w\" sizes=\"auto, (max-width: 1024px) 100vw, 1024px\" \/> <img loading=\"lazy\" loading=\"lazy\" decoding=\"async\" class=\"alignnone size-large wp-image-3287\" src=\"https:\/\/syri.tv\/wp-content\/uploads\/2023\/04\/image-10-1024x683.png\" alt=\"\" width=\"1024\" height=\"683\" srcset=\"https:\/\/syri.tv\/wp-content\/uploads\/2023\/04\/image-10-1024x683.png 1024w, https:\/\/syri.tv\/wp-content\/uploads\/2023\/04\/image-10-300x200.png 300w, https:\/\/syri.tv\/wp-content\/uploads\/2023\/04\/image-10-768x512.png 768w, https:\/\/syri.tv\/wp-content\/uploads\/2023\/04\/image-10-1536x1024.png 1536w, https:\/\/syri.tv\/wp-content\/uploads\/2023\/04\/image-10-330x220.png 330w, https:\/\/syri.tv\/wp-content\/uploads\/2023\/04\/image-10-420x280.png 420w, https:\/\/syri.tv\/wp-content\/uploads\/2023\/04\/image-10-615x410.png 615w, https:\/\/syri.tv\/wp-content\/uploads\/2023\/04\/image-10-860x573.png 860w, https:\/\/syri.tv\/wp-content\/uploads\/2023\/04\/image-10.png 2048w\" sizes=\"auto, (max-width: 1024px) 100vw, 1024px\" \/><\/p>\n","protected":false},"excerpt":{"rendered":"<p>N\u00eb Aachen t\u00eb Gjermanis\u00eb, n\u00eb prani t\u00eb shum\u00eb bashk\u00ebkomb\u00ebsve, krijuesve, publicist\u00ebve, poet\u00ebve, veprimtar\u00ebve e shok\u00ebve t\u00eb idealit, e n\u00eb mesin e tyre kishte edhe bashk\u00ebvuajt\u00ebs n\u00ebp\u00ebr burgjet ish- jugosllave me heroin e kombit Xhavit Hazirin, u promovua libri monografik i autorit Mustaf\u00eb Krasniqi \u201cAtdhetari i Shtigjeve t\u00eb Liris\u00eb- Xhavit Haziri\u201d, kushtuar heroit t\u00eb Kombit Xhavit [&hellip;]<\/p>\n","protected":false},"author":1,"featured_media":3288,"comment_status":"closed","ping_status":"closed","sticky":false,"template":"","format":"standard","meta":{"footnotes":""},"categories":[105],"tags":[],"class_list":{"0":"post-3278","1":"post","2":"type-post","3":"status-publish","4":"format-standard","5":"has-post-thumbnail","7":"category-europa"},"_links":{"self":[{"href":"https:\/\/syri.tv\/index.php?rest_route=\/wp\/v2\/posts\/3278","targetHints":{"allow":["GET"]}}],"collection":[{"href":"https:\/\/syri.tv\/index.php?rest_route=\/wp\/v2\/posts"}],"about":[{"href":"https:\/\/syri.tv\/index.php?rest_route=\/wp\/v2\/types\/post"}],"author":[{"embeddable":true,"href":"https:\/\/syri.tv\/index.php?rest_route=\/wp\/v2\/users\/1"}],"replies":[{"embeddable":true,"href":"https:\/\/syri.tv\/index.php?rest_route=%2Fwp%2Fv2%2Fcomments&post=3278"}],"version-history":[{"count":3,"href":"https:\/\/syri.tv\/index.php?rest_route=\/wp\/v2\/posts\/3278\/revisions"}],"predecessor-version":[{"id":3294,"href":"https:\/\/syri.tv\/index.php?rest_route=\/wp\/v2\/posts\/3278\/revisions\/3294"}],"wp:featuredmedia":[{"embeddable":true,"href":"https:\/\/syri.tv\/index.php?rest_route=\/wp\/v2\/media\/3288"}],"wp:attachment":[{"href":"https:\/\/syri.tv\/index.php?rest_route=%2Fwp%2Fv2%2Fmedia&parent=3278"}],"wp:term":[{"taxonomy":"category","embeddable":true,"href":"https:\/\/syri.tv\/index.php?rest_route=%2Fwp%2Fv2%2Fcategories&post=3278"},{"taxonomy":"post_tag","embeddable":true,"href":"https:\/\/syri.tv\/index.php?rest_route=%2Fwp%2Fv2%2Ftags&post=3278"}],"curies":[{"name":"wp","href":"https:\/\/api.w.org\/{rel}","templated":true}]}}