{"id":3214,"date":"2023-03-25T23:00:09","date_gmt":"2023-03-25T23:00:09","guid":{"rendered":"https:\/\/syri.tv\/?p=3214"},"modified":"2023-03-25T23:01:21","modified_gmt":"2023-03-25T23:01:21","slug":"3214","status":"publish","type":"post","link":"https:\/\/syri.tv\/?p=3214","title":{"rendered":"Kur akademik\u00ebt shajn\u00eb si rruga\u00e7, rruga\u00e7\u00ebt t\u00eb duken si akademik\u00eb!"},"content":{"rendered":"<p>Nga Kim Mehmeti<\/p>\n<p>Koh\u00ebve t\u00eb fundit \u00ebsht\u00eb duke u shtruar edhe publikisht nj\u00eb pyetje e turpshme, perverse dhe p\u00ebrbuz\u00ebse p\u00ebr shqiptar\u00ebt: mos vall\u00eb ne si popull kemi shkuar p\u00ebr lesh?!<\/p>\n<p>Nuk e di nga ai guxim q\u00eb t\u00eb shtrosh nj\u00eb pyetje t\u00eb till\u00eb. Mbase ajo e shpreh\u00eb d\u00ebshp\u00ebrimin n\u00eb rritje te populli yn\u00eb, te ky popull i cili kur i sheh dhe i d\u00ebgjon akademik\u00ebt \u2013 si p\u00ebr shembull at\u00eb t\u00eb kuvendit t\u00eb Kosov\u00ebs \u2013 si shajn\u00eb ashtu si\u00e7 nuk u ka hije as bandit\u00ebve t\u00eb lagjes, rruga\u00e7\u00ebt nisin t\u2019i duken si akademik\u00eb.<\/p>\n<p>\u00cbsht\u00eb e v\u00ebrtet se te ne shqiptar\u00ebt n\u00eb mas\u00eb t\u00eb madhe \u00ebsht\u00eb shlyer kufiri i rruga\u00e7\u00ebris\u00eb dhe ai i vlerave njer\u00ebzore, por megjithat\u00eb mos harroni se kjo shqiptari ka edhe akademik\u00eb t\u00eb \u00e7muesh\u00ebm dhe t\u00eb llojit t\u00eb Rexhep Ismajlit, Eqrem Bash\u00ebs, Hivzi Islamit\u2026 e nuk jan\u00eb t\u00eb gjith\u00eb t\u00eb sojit t\u00eb atij q\u00eb n\u00eb parlamentin e Kosov\u00ebs shan\u00eb si rruga\u00e7.<\/p>\n<p>Pastaj \u00ebsht\u00eb e v\u00ebrtet se rinia shqiptare i braktis\u00eb trojet tona si kurr\u00eb m\u00eb par\u00eb, por nuk duhet harruar se thuajse gjithmon\u00eb, ne kemi qen\u00eb si kopsht pa rojtar\u00eb, nga e cila lulishte kush ka mundur ka shkul\u00eb ndonj\u00eb filiz t\u00eb porsambir\u00eb. Por megjithat\u00eb, ai kopsht kurr\u00eb nuk ka mbetur djerrin\u00eb e mbuluar me kullosa t\u00eb k\u00ebqija.<\/p>\n<p>Ky d\u00ebshp\u00ebrim q\u00eb na ka mb\u00ebrthyer sot, ka t\u00eb b\u00ebj\u00eb edhe me at\u00eb se t\u00eb gjith\u00eb nga pak ndjehemi si pjes\u00ebtar\u00eb t\u00eb spektakleve q\u00eb promovojn\u00eb shthurje dhe amoral, apo pse na duket se rr\u00ebnj\u00ebt e ndershm\u00ebris\u00eb, fisnik\u00ebris\u00eb dhe vlerave shqiptare kan\u00eb hasur n\u00eb gurishte q\u00eb nuk i l\u00eb ta ushqejn\u00eb trungun komb\u00ebtar\u00eb.<\/p>\n<p>Por mos iu dor\u00ebzoni d\u00ebshp\u00ebrimit: ka koh\u00eb kur m\u00eb t\u00eb z\u00ebsh\u00ebm jan\u00eb akademik\u00ebt q\u00eb shajn\u00eb si \u2018arabaxhi\u2019, por megjithat\u00eb, shqiptarin\u00eb e mbajn\u00eb n\u00eb k\u00ebmb\u00eb ata q\u00eb e kan\u00eb kuptuar se njeriu lind e rritet me fytyr\u00ebn q\u00eb ia ka dh\u00ebn\u00eb Zoti, por plaket e vdes\u00eb me fytyr\u00ebn q\u00eb ia ka zgjedhur vetvetes \u2013 me at\u00eb t\u00eb turpit, apo at\u00eb t\u00eb njer\u00ebzores!<\/p>\n","protected":false},"excerpt":{"rendered":"<p>Nga Kim Mehmeti Koh\u00ebve t\u00eb fundit \u00ebsht\u00eb duke u shtruar edhe publikisht nj\u00eb pyetje e turpshme, perverse dhe p\u00ebrbuz\u00ebse p\u00ebr shqiptar\u00ebt: mos vall\u00eb ne si popull kemi shkuar p\u00ebr lesh?! Nuk e di nga ai guxim q\u00eb t\u00eb shtrosh nj\u00eb pyetje t\u00eb till\u00eb. Mbase ajo e shpreh\u00eb d\u00ebshp\u00ebrimin n\u00eb rritje te populli yn\u00eb, te ky [&hellip;]<\/p>\n","protected":false},"author":1,"featured_media":3215,"comment_status":"closed","ping_status":"closed","sticky":false,"template":"","format":"standard","meta":{"footnotes":""},"categories":[9],"tags":[],"class_list":{"0":"post-3214","1":"post","2":"type-post","3":"status-publish","4":"format-standard","5":"has-post-thumbnail","7":"category-vendi"},"_links":{"self":[{"href":"https:\/\/syri.tv\/index.php?rest_route=\/wp\/v2\/posts\/3214","targetHints":{"allow":["GET"]}}],"collection":[{"href":"https:\/\/syri.tv\/index.php?rest_route=\/wp\/v2\/posts"}],"about":[{"href":"https:\/\/syri.tv\/index.php?rest_route=\/wp\/v2\/types\/post"}],"author":[{"embeddable":true,"href":"https:\/\/syri.tv\/index.php?rest_route=\/wp\/v2\/users\/1"}],"replies":[{"embeddable":true,"href":"https:\/\/syri.tv\/index.php?rest_route=%2Fwp%2Fv2%2Fcomments&post=3214"}],"version-history":[{"count":2,"href":"https:\/\/syri.tv\/index.php?rest_route=\/wp\/v2\/posts\/3214\/revisions"}],"predecessor-version":[{"id":3217,"href":"https:\/\/syri.tv\/index.php?rest_route=\/wp\/v2\/posts\/3214\/revisions\/3217"}],"wp:featuredmedia":[{"embeddable":true,"href":"https:\/\/syri.tv\/index.php?rest_route=\/wp\/v2\/media\/3215"}],"wp:attachment":[{"href":"https:\/\/syri.tv\/index.php?rest_route=%2Fwp%2Fv2%2Fmedia&parent=3214"}],"wp:term":[{"taxonomy":"category","embeddable":true,"href":"https:\/\/syri.tv\/index.php?rest_route=%2Fwp%2Fv2%2Fcategories&post=3214"},{"taxonomy":"post_tag","embeddable":true,"href":"https:\/\/syri.tv\/index.php?rest_route=%2Fwp%2Fv2%2Ftags&post=3214"}],"curies":[{"name":"wp","href":"https:\/\/api.w.org\/{rel}","templated":true}]}}