{"id":3098,"date":"2023-03-01T18:08:53","date_gmt":"2023-03-01T18:08:53","guid":{"rendered":"https:\/\/syri.tv\/?p=3098"},"modified":"2023-03-01T18:08:53","modified_gmt":"2023-03-01T18:08:53","slug":"premiera-e-filmit-bomba-ne-zvicer-kete-fundjave-ne-rapperswill-jona-dhe-baden","status":"publish","type":"post","link":"https:\/\/syri.tv\/?p=3098","title":{"rendered":"Premiera e filmit Bomba n\u00eb Zvic\u00ebr k\u00ebt\u00eb fundjav\u00eb n\u00eb Rapperswill-Jona dhe Baden"},"content":{"rendered":"<p>Filmi i radh\u00ebs nga Kosova q\u00eb arrin n\u00eb kinemat\u00eb \u00a0Zvicerane \u00ebsht\u00eb \u201cBomba\u201d, i cili bazohet ne ngjarje t\u00eb v\u00ebrteta p\u00ebr tmerrin e kaluar gjat\u00eb luft\u00ebs, ngjarje t\u00eb rr\u00ebfyera nga vet ata qe mbijetuan, e me s\u00eb miri e kuptojn\u00eb ata q\u00eb e p\u00ebrjetuan vet luft\u00ebn andaj ju rekomandoj ta shikoni.<\/p>\n<p>Filmi do t\u00eb shfaqet po thuajse n\u00eb t\u00eb gjitha kantonet me radh\u00eb.<\/p>\n<p><img loading=\"lazy\" loading=\"lazy\" decoding=\"async\" class=\"alignnone  wp-image-3099\" src=\"https:\/\/syri.tv\/wp-content\/uploads\/2023\/03\/WhatsApp-Image-2023-02-28-at-22.51.30-4-1024x577.jpeg\" alt=\"\" width=\"990\" height=\"558\" srcset=\"https:\/\/syri.tv\/wp-content\/uploads\/2023\/03\/WhatsApp-Image-2023-02-28-at-22.51.30-4-1024x577.jpeg 1024w, https:\/\/syri.tv\/wp-content\/uploads\/2023\/03\/WhatsApp-Image-2023-02-28-at-22.51.30-4-300x169.jpeg 300w, https:\/\/syri.tv\/wp-content\/uploads\/2023\/03\/WhatsApp-Image-2023-02-28-at-22.51.30-4-768x433.jpeg 768w, https:\/\/syri.tv\/wp-content\/uploads\/2023\/03\/WhatsApp-Image-2023-02-28-at-22.51.30-4-1536x865.jpeg 1536w, https:\/\/syri.tv\/wp-content\/uploads\/2023\/03\/WhatsApp-Image-2023-02-28-at-22.51.30-4-860x485.jpeg 860w, https:\/\/syri.tv\/wp-content\/uploads\/2023\/03\/WhatsApp-Image-2023-02-28-at-22.51.30-4.jpeg 1640w\" sizes=\"auto, (max-width: 990px) 100vw, 990px\" \/><\/p>\n<p>N\u00eb k\u00ebt\u00eb fundjav\u00eb aktor\u00ebt James Fetahu,Fatos Kryeziu dhe Albioni Fetahu do t\u00eb ju shoq\u00ebrojn\u00eb n\u00eb:<\/p>\n<p>Rapperswill-Jona<\/p>\n<p>Obere Bahnhofstrasse 46<\/p>\n<p>04\/03\/2023<\/p>\n<p>ORA: 18:00 076 398 0966<\/p>\n<p>&nbsp;<\/p>\n<p>Baden<\/p>\n<p>Kino Trafo-Brown Boveri Platz 1<\/p>\n<p>05\/03\/2023<\/p>\n<p>ORA: 11:00<\/p>\n<p><img loading=\"lazy\" loading=\"lazy\" decoding=\"async\" class=\"alignnone  wp-image-3100\" src=\"https:\/\/syri.tv\/wp-content\/uploads\/2023\/03\/WhatsApp-Image-2023-02-28-at-22.51.31-1024x768.jpeg\" alt=\"\" width=\"957\" height=\"718\" srcset=\"https:\/\/syri.tv\/wp-content\/uploads\/2023\/03\/WhatsApp-Image-2023-02-28-at-22.51.31-1024x768.jpeg 1024w, https:\/\/syri.tv\/wp-content\/uploads\/2023\/03\/WhatsApp-Image-2023-02-28-at-22.51.31-300x225.jpeg 300w, https:\/\/syri.tv\/wp-content\/uploads\/2023\/03\/WhatsApp-Image-2023-02-28-at-22.51.31-768x576.jpeg 768w, https:\/\/syri.tv\/wp-content\/uploads\/2023\/03\/WhatsApp-Image-2023-02-28-at-22.51.31-1536x1152.jpeg 1536w, https:\/\/syri.tv\/wp-content\/uploads\/2023\/03\/WhatsApp-Image-2023-02-28-at-22.51.31-860x645.jpeg 860w, https:\/\/syri.tv\/wp-content\/uploads\/2023\/03\/WhatsApp-Image-2023-02-28-at-22.51.31.jpeg 2048w\" sizes=\"auto, (max-width: 957px) 100vw, 957px\" \/><\/p>\n<p>Filmi Bomba \u00ebsht\u00eb me regji nga James Fetahu me aktor\u00ebt: JAMES FETAHU, ENVER PETROVCI, FATOS KRYEZIU, SELAMI TARAKU, AVNI HOTI, DIBRAN TAHIRI, KADRIJE CANOLLI, BISLIM MUQAJ<\/p>\n<p>Kur b\u00ebhet fjal\u00eb p\u00ebr rolin n\u00eb film me tematika t\u00eb luft\u00ebs n\u00eb Kosov\u00eb dhe lufta e lavdishme e ushtris\u00eb \u00e7lirimtare t\u00eb Kosov\u00ebs, aktor\u00ebt nuk hezitojn\u00eb n\u00eb as nj\u00eb moment t\u00eb flasin rreth kinematografis\u00eb q\u00eb \u00ebsht\u00eb l\u00ebn\u00eb shum\u00eb pas dore nga institucionet dhe historian\u00ebt shqiptar.<\/p>\n<p><img loading=\"lazy\" loading=\"lazy\" decoding=\"async\" class=\"alignnone  wp-image-3101\" src=\"https:\/\/syri.tv\/wp-content\/uploads\/2023\/03\/WhatsApp-Image-2023-02-28-at-22.51.32-1024x768.jpeg\" alt=\"\" width=\"919\" height=\"689\" srcset=\"https:\/\/syri.tv\/wp-content\/uploads\/2023\/03\/WhatsApp-Image-2023-02-28-at-22.51.32-1024x768.jpeg 1024w, https:\/\/syri.tv\/wp-content\/uploads\/2023\/03\/WhatsApp-Image-2023-02-28-at-22.51.32-300x225.jpeg 300w, https:\/\/syri.tv\/wp-content\/uploads\/2023\/03\/WhatsApp-Image-2023-02-28-at-22.51.32-768x576.jpeg 768w, https:\/\/syri.tv\/wp-content\/uploads\/2023\/03\/WhatsApp-Image-2023-02-28-at-22.51.32-1536x1152.jpeg 1536w, https:\/\/syri.tv\/wp-content\/uploads\/2023\/03\/WhatsApp-Image-2023-02-28-at-22.51.32-860x645.jpeg 860w, https:\/\/syri.tv\/wp-content\/uploads\/2023\/03\/WhatsApp-Image-2023-02-28-at-22.51.32.jpeg 2048w\" sizes=\"auto, (max-width: 919px) 100vw, 919px\" \/><\/p>\n<p>Televizioni Syri si \u00e7do her\u00eb mb\u00ebshtet artin dhe kultur\u00ebn n\u00eb \u00e7do moment t\u00eb mundur e n\u00eb k\u00ebt\u00eb rast me stafin e televizionit vullnetarisht do t\u00eb rrug\u00ebtojn\u00eb n\u00eb Kantone t\u00eb ndryshme t\u00eb Zvicr\u00ebs n\u00eb p\u00ebrcjellje t\u00eb aktor\u00ebve q\u00eb do t\u00eb jen prezent para publikut shqiptar n\u00eb Zvic\u00ebr.<\/p>\n<p>Disa foto \u00e7asti me gazetarin e TV Syri Besim Laci, moderator\u00ebt Ruth Bytyqi dhe Ticci Miftari duke intervistuar aktor\u00ebt dhe bashkatdhetar\u00ebt pas premier\u00ebs s\u00eb filmit Bomba ne Solothurn.<\/p>\n<p><img loading=\"lazy\" loading=\"lazy\" decoding=\"async\" class=\"alignnone  wp-image-3102\" src=\"https:\/\/syri.tv\/wp-content\/uploads\/2023\/03\/WhatsApp-Image-2023-02-28-at-22.51.30-1024x576.jpeg\" alt=\"\" width=\"518\" height=\"291\" srcset=\"https:\/\/syri.tv\/wp-content\/uploads\/2023\/03\/WhatsApp-Image-2023-02-28-at-22.51.30-1024x576.jpeg 1024w, https:\/\/syri.tv\/wp-content\/uploads\/2023\/03\/WhatsApp-Image-2023-02-28-at-22.51.30-300x169.jpeg 300w, https:\/\/syri.tv\/wp-content\/uploads\/2023\/03\/WhatsApp-Image-2023-02-28-at-22.51.30-768x432.jpeg 768w, https:\/\/syri.tv\/wp-content\/uploads\/2023\/03\/WhatsApp-Image-2023-02-28-at-22.51.30-1536x864.jpeg 1536w, https:\/\/syri.tv\/wp-content\/uploads\/2023\/03\/WhatsApp-Image-2023-02-28-at-22.51.30-860x484.jpeg 860w, https:\/\/syri.tv\/wp-content\/uploads\/2023\/03\/WhatsApp-Image-2023-02-28-at-22.51.30.jpeg 2048w\" sizes=\"auto, (max-width: 518px) 100vw, 518px\" \/> <img loading=\"lazy\" loading=\"lazy\" decoding=\"async\" class=\"alignnone  wp-image-3103\" src=\"https:\/\/syri.tv\/wp-content\/uploads\/2023\/03\/WhatsApp-Image-2023-02-28-at-22.51.32-3-1024x768.jpeg\" alt=\"\" width=\"387\" height=\"290\" srcset=\"https:\/\/syri.tv\/wp-content\/uploads\/2023\/03\/WhatsApp-Image-2023-02-28-at-22.51.32-3-1024x768.jpeg 1024w, https:\/\/syri.tv\/wp-content\/uploads\/2023\/03\/WhatsApp-Image-2023-02-28-at-22.51.32-3-300x225.jpeg 300w, https:\/\/syri.tv\/wp-content\/uploads\/2023\/03\/WhatsApp-Image-2023-02-28-at-22.51.32-3-768x576.jpeg 768w, https:\/\/syri.tv\/wp-content\/uploads\/2023\/03\/WhatsApp-Image-2023-02-28-at-22.51.32-3-860x645.jpeg 860w, https:\/\/syri.tv\/wp-content\/uploads\/2023\/03\/WhatsApp-Image-2023-02-28-at-22.51.32-3.jpeg 1280w\" sizes=\"auto, (max-width: 387px) 100vw, 387px\" \/><\/p>\n<p>\u201cTri vjet pun\u00eb por m\u00eb n\u00eb fund u kuror\u00ebzua Bomba dhe besoj se do ta p\u00eblqeni thot\u00eb regjisori.<\/p>\n<p>Un\u00eb ja kam pasur borxh vendit tim, vazhdoj t\u2019i kem borxh, nj\u00eb pjes\u00eb t\u00eb historis\u00eb ton\u00eb t\u00eb mir\u00eb, krenare dhe t\u00eb dhimbshme q\u00eb do t\u00eb e keni k\u00ebt\u00eb fundjav\u00eb brenda 100 minutave.<\/p>\n<p><img loading=\"lazy\" loading=\"lazy\" decoding=\"async\" class=\"alignnone  wp-image-3104\" src=\"https:\/\/syri.tv\/wp-content\/uploads\/2023\/03\/WhatsApp-Image-2023-02-28-at-22.51.32-1-1024x768.jpeg\" alt=\"\" width=\"924\" height=\"693\" srcset=\"https:\/\/syri.tv\/wp-content\/uploads\/2023\/03\/WhatsApp-Image-2023-02-28-at-22.51.32-1-1024x768.jpeg 1024w, https:\/\/syri.tv\/wp-content\/uploads\/2023\/03\/WhatsApp-Image-2023-02-28-at-22.51.32-1-300x225.jpeg 300w, https:\/\/syri.tv\/wp-content\/uploads\/2023\/03\/WhatsApp-Image-2023-02-28-at-22.51.32-1-768x576.jpeg 768w, https:\/\/syri.tv\/wp-content\/uploads\/2023\/03\/WhatsApp-Image-2023-02-28-at-22.51.32-1-1536x1152.jpeg 1536w, https:\/\/syri.tv\/wp-content\/uploads\/2023\/03\/WhatsApp-Image-2023-02-28-at-22.51.32-1-860x645.jpeg 860w, https:\/\/syri.tv\/wp-content\/uploads\/2023\/03\/WhatsApp-Image-2023-02-28-at-22.51.32-1.jpeg 2048w\" sizes=\"auto, (max-width: 924px) 100vw, 924px\" \/><\/p>\n<p>Ju ftoj ta shikoni filmin dhe t\u00eb k\u00ebnaqeni me nj\u00eb cop\u00eb t\u00eb pasqyruar t\u00eb s\u00eb v\u00ebrtet\u00ebs ton\u00eb t\u00eb dhimbshme edhe krenare\u201d, tha James Fetahu, regjisori dhe aktori n\u00eb rolin kryesor t\u00eb filmit.<\/p>\n<p>Gazetar i TV Syri &#8211; Besim Laci<\/p>\n","protected":false},"excerpt":{"rendered":"<p>Filmi i radh\u00ebs nga Kosova q\u00eb arrin n\u00eb kinemat\u00eb \u00a0Zvicerane \u00ebsht\u00eb \u201cBomba\u201d, i cili bazohet ne ngjarje t\u00eb v\u00ebrteta p\u00ebr tmerrin e kaluar gjat\u00eb luft\u00ebs, ngjarje t\u00eb rr\u00ebfyera nga vet ata qe mbijetuan, e me s\u00eb miri e kuptojn\u00eb ata q\u00eb e p\u00ebrjetuan vet luft\u00ebn andaj ju rekomandoj ta shikoni. Filmi do t\u00eb shfaqet po [&hellip;]<\/p>\n","protected":false},"author":1,"featured_media":3105,"comment_status":"closed","ping_status":"closed","sticky":false,"template":"","format":"standard","meta":{"footnotes":""},"categories":[108],"tags":[],"class_list":{"0":"post-3098","1":"post","2":"type-post","3":"status-publish","4":"format-standard","5":"has-post-thumbnail","7":"category-kulture-2"},"_links":{"self":[{"href":"https:\/\/syri.tv\/index.php?rest_route=\/wp\/v2\/posts\/3098","targetHints":{"allow":["GET"]}}],"collection":[{"href":"https:\/\/syri.tv\/index.php?rest_route=\/wp\/v2\/posts"}],"about":[{"href":"https:\/\/syri.tv\/index.php?rest_route=\/wp\/v2\/types\/post"}],"author":[{"embeddable":true,"href":"https:\/\/syri.tv\/index.php?rest_route=\/wp\/v2\/users\/1"}],"replies":[{"embeddable":true,"href":"https:\/\/syri.tv\/index.php?rest_route=%2Fwp%2Fv2%2Fcomments&post=3098"}],"version-history":[{"count":1,"href":"https:\/\/syri.tv\/index.php?rest_route=\/wp\/v2\/posts\/3098\/revisions"}],"predecessor-version":[{"id":3106,"href":"https:\/\/syri.tv\/index.php?rest_route=\/wp\/v2\/posts\/3098\/revisions\/3106"}],"wp:featuredmedia":[{"embeddable":true,"href":"https:\/\/syri.tv\/index.php?rest_route=\/wp\/v2\/media\/3105"}],"wp:attachment":[{"href":"https:\/\/syri.tv\/index.php?rest_route=%2Fwp%2Fv2%2Fmedia&parent=3098"}],"wp:term":[{"taxonomy":"category","embeddable":true,"href":"https:\/\/syri.tv\/index.php?rest_route=%2Fwp%2Fv2%2Fcategories&post=3098"},{"taxonomy":"post_tag","embeddable":true,"href":"https:\/\/syri.tv\/index.php?rest_route=%2Fwp%2Fv2%2Ftags&post=3098"}],"curies":[{"name":"wp","href":"https:\/\/api.w.org\/{rel}","templated":true}]}}