{"id":3071,"date":"2023-02-20T22:30:42","date_gmt":"2023-02-20T22:30:42","guid":{"rendered":"https:\/\/syri.tv\/?p=3071"},"modified":"2023-02-20T22:32:29","modified_gmt":"2023-02-20T22:32:29","slug":"ore-historie-me-nxenesit-e-shkolles-shqipe-ne-volkteswil-te-kantonit-te-zyrihut","status":"publish","type":"post","link":"https:\/\/syri.tv\/?p=3071","title":{"rendered":"Or\u00eb Historie me nx\u00ebn\u00ebsit e Shkoll\u00ebs Shqipe n\u00eb Volkteswil t\u00eb Kantonit t\u00eb Zyrihut"},"content":{"rendered":"<div class=\"x11i5rnm xat24cr x1mh8g0r x1vvkbs xdj266r x126k92a\">\n<div dir=\"auto\">Or\u00eb Historie!<\/div>\n<\/div>\n<div class=\"x11i5rnm xat24cr x1mh8g0r x1vvkbs xtlvy1s x126k92a\">\n<div dir=\"auto\">T\u00eb premten, m\u00eb 17 Shkurt 2023, zhvilluam s\u00eb bashku me nx\u00ebn\u00ebsit e Shkoll\u00ebs Shqipe n\u00eb Volkteswil, t\u00eb Kantonit t\u00eb Zyrihut, dy or\u00eb m\u00ebsimore kushtuar Kosov\u00ebs, dit\u00eblindjes s\u00eb saj t\u00eb pes\u00ebmb\u00ebdhjet\u00eb.<\/div>\n<div dir=\"auto\"><\/div>\n<div dir=\"auto\"><img loading=\"lazy\" loading=\"lazy\" decoding=\"async\" class=\"alignnone size-full wp-image-3073\" src=\"https:\/\/syri.tv\/wp-content\/uploads\/2023\/02\/2.jpg\" alt=\"\" width=\"901\" height=\"472\" srcset=\"https:\/\/syri.tv\/wp-content\/uploads\/2023\/02\/2.jpg 901w, https:\/\/syri.tv\/wp-content\/uploads\/2023\/02\/2-300x157.jpg 300w, https:\/\/syri.tv\/wp-content\/uploads\/2023\/02\/2-768x402.jpg 768w, https:\/\/syri.tv\/wp-content\/uploads\/2023\/02\/2-860x451.jpg 860w\" sizes=\"auto, (max-width: 901px) 100vw, 901px\" \/><\/div>\n<div dir=\"auto\"><\/div>\n<div dir=\"auto\">Dy or\u00eb m\u00ebsimore ishin pak, p\u00ebr t\u00eb p\u00ebrfshir\u00eb Kosov\u00ebn, gjeografin\u00eb e historin\u00eb e k\u00ebsaj pjese t\u00eb Atdheut.<\/div>\n<div dir=\"auto\">E filluam n\u00eb pika t\u00eb shkurtra nga ilir\u00ebt e deri te luft\u00ebtar\u00ebt e liris\u00eb, q\u00eb soll\u00ebn k\u00ebng\u00ebn e fitores.<\/div>\n<div dir=\"auto\"><\/div>\n<div dir=\"auto\"><img loading=\"lazy\" loading=\"lazy\" decoding=\"async\" class=\"alignnone wp-image-3074\" src=\"https:\/\/syri.tv\/wp-content\/uploads\/2023\/02\/3-1.jpg\" alt=\"\" width=\"899\" height=\"446\" srcset=\"https:\/\/syri.tv\/wp-content\/uploads\/2023\/02\/3-1.jpg 960w, https:\/\/syri.tv\/wp-content\/uploads\/2023\/02\/3-1-300x149.jpg 300w, https:\/\/syri.tv\/wp-content\/uploads\/2023\/02\/3-1-768x381.jpg 768w, https:\/\/syri.tv\/wp-content\/uploads\/2023\/02\/3-1-860x426.jpg 860w\" sizes=\"auto, (max-width: 899px) 100vw, 899px\" \/><\/div>\n<div dir=\"auto\">Or\u00eb m\u00ebsimore q\u00eb kaloi si nj\u00eb poezi q\u00eb p\u00ebrthekoi data, ngjarje, p\u00ebrkujtime, lavdi, pamje, qytete, fshatra, male, fusha, krahina dhe u kuror\u00ebzuan me kryeqytetin, Prishtin\u00ebn.<\/div>\n<div dir=\"auto\"><\/div>\n<\/div>\n<div dir=\"auto\"><img loading=\"lazy\" loading=\"lazy\" decoding=\"async\" class=\"alignnone wp-image-3075\" src=\"https:\/\/syri.tv\/wp-content\/uploads\/2023\/02\/3-2.jpg\" alt=\"\" width=\"899\" height=\"446\" srcset=\"https:\/\/syri.tv\/wp-content\/uploads\/2023\/02\/3-2.jpg 960w, https:\/\/syri.tv\/wp-content\/uploads\/2023\/02\/3-2-300x149.jpg 300w, https:\/\/syri.tv\/wp-content\/uploads\/2023\/02\/3-2-768x381.jpg 768w, https:\/\/syri.tv\/wp-content\/uploads\/2023\/02\/3-2-860x426.jpg 860w\" sizes=\"auto, (max-width: 899px) 100vw, 899px\" \/><\/div>\n<div class=\"x11i5rnm xat24cr x1mh8g0r x1vvkbs xtlvy1s x126k92a\">\n<div dir=\"auto\">Kjo \u00ebsht\u00eb Kosova jon\u00eb e dashur! \u2013 Dhe sa her\u00eb nx\u00ebn\u00ebsit d\u00ebgjonin emrat e fshatrave apo qyteteve t\u00eb Kosov\u00ebs hapnin syt\u00eb dhe thonin; atje e kam gjyshen apo gjyshin, atje kemi sht\u00ebpin\u00eb, do t\u00eb shkojm\u00eb ver\u00ebs me mamin e babin dhe, syt\u00eb ju ndri\u00e7onin ashtu si\u00e7 ndri\u00e7ojn\u00eb syt\u00eb e liris\u00eb.<\/div>\n<div dir=\"auto\">Dr. Vaxhid Sejdiu nd\u00ebr t\u00eb tjera tha se nuk ka krahasim m\u00eb t\u00eb bukur p\u00ebr Lirin\u00eb e Kosov\u00ebs se k\u00ebta f\u00ebmij\u00eb, t\u00eb cil\u00ebt edhe pse t\u00eb lindur larg atdheut n\u00eb shpirt kan\u00eb gjuh\u00ebn dhe kultur\u00ebn komb\u00ebtare.<\/div>\n<\/div>\n","protected":false},"excerpt":{"rendered":"<p>Or\u00eb Historie! T\u00eb premten, m\u00eb 17 Shkurt 2023, zhvilluam s\u00eb bashku me nx\u00ebn\u00ebsit e Shkoll\u00ebs Shqipe n\u00eb Volkteswil, t\u00eb Kantonit t\u00eb Zyrihut, dy or\u00eb m\u00ebsimore kushtuar Kosov\u00ebs, dit\u00eblindjes s\u00eb saj t\u00eb pes\u00ebmb\u00ebdhjet\u00eb. Dy or\u00eb m\u00ebsimore ishin pak, p\u00ebr t\u00eb p\u00ebrfshir\u00eb Kosov\u00ebn, gjeografin\u00eb e historin\u00eb e k\u00ebsaj pjese t\u00eb Atdheut. E filluam n\u00eb pika t\u00eb shkurtra [&hellip;]<\/p>\n","protected":false},"author":1,"featured_media":3072,"comment_status":"closed","ping_status":"closed","sticky":false,"template":"","format":"standard","meta":{"footnotes":""},"categories":[108],"tags":[],"class_list":{"0":"post-3071","1":"post","2":"type-post","3":"status-publish","4":"format-standard","5":"has-post-thumbnail","7":"category-kulture-2"},"_links":{"self":[{"href":"https:\/\/syri.tv\/index.php?rest_route=\/wp\/v2\/posts\/3071","targetHints":{"allow":["GET"]}}],"collection":[{"href":"https:\/\/syri.tv\/index.php?rest_route=\/wp\/v2\/posts"}],"about":[{"href":"https:\/\/syri.tv\/index.php?rest_route=\/wp\/v2\/types\/post"}],"author":[{"embeddable":true,"href":"https:\/\/syri.tv\/index.php?rest_route=\/wp\/v2\/users\/1"}],"replies":[{"embeddable":true,"href":"https:\/\/syri.tv\/index.php?rest_route=%2Fwp%2Fv2%2Fcomments&post=3071"}],"version-history":[{"count":3,"href":"https:\/\/syri.tv\/index.php?rest_route=\/wp\/v2\/posts\/3071\/revisions"}],"predecessor-version":[{"id":3078,"href":"https:\/\/syri.tv\/index.php?rest_route=\/wp\/v2\/posts\/3071\/revisions\/3078"}],"wp:featuredmedia":[{"embeddable":true,"href":"https:\/\/syri.tv\/index.php?rest_route=\/wp\/v2\/media\/3072"}],"wp:attachment":[{"href":"https:\/\/syri.tv\/index.php?rest_route=%2Fwp%2Fv2%2Fmedia&parent=3071"}],"wp:term":[{"taxonomy":"category","embeddable":true,"href":"https:\/\/syri.tv\/index.php?rest_route=%2Fwp%2Fv2%2Fcategories&post=3071"},{"taxonomy":"post_tag","embeddable":true,"href":"https:\/\/syri.tv\/index.php?rest_route=%2Fwp%2Fv2%2Ftags&post=3071"}],"curies":[{"name":"wp","href":"https:\/\/api.w.org\/{rel}","templated":true}]}}