{"id":3036,"date":"2023-02-04T11:11:11","date_gmt":"2023-02-04T11:11:11","guid":{"rendered":"https:\/\/syri.tv\/?p=3036"},"modified":"2023-02-04T11:11:11","modified_gmt":"2023-02-04T11:11:11","slug":"filmi-i-aktorit-preshevare-gani-veseli-merr-ftese-nga-festivali-me-fame-boterore-ne-gjeneve","status":"publish","type":"post","link":"https:\/\/syri.tv\/?p=3036","title":{"rendered":"Filmi i aktorit preshevar\u00eb Gani Veseli merr ftes\u00eb nga festivali me fam\u00eb bot\u00ebrore n\u00eb Gjenev\u00eb"},"content":{"rendered":"<div class=\"td_block_wrap tdb_single_content tdi_143 td-pb-border-top td_block_template_1 td-post-content tagdiv-type\" data-td-block-uid=\"tdi_143\">\n<div class=\"tdb-block-inner td-fix-index\">\n<p><strong>Aktori nga Presheva, Gani Veseli po vazhdon sukseset e tij n\u00eb sken\u00ebn artistike pasi q\u00eb filmi ku ai \u00ebsht\u00eb producent, \u201cSkenari i N\u00ebn\u00ebs\u201d ka marr ftes\u00eb n\u00eb festivalin me fam\u00eb bot\u00ebrore n\u00eb Gjenev\u00eb, raporton rtvpresheva.com<\/strong><\/p>\n<p>Aktori q\u00eb luajti n\u00eb shum\u00eb shfaqe teatrale, filma e drama t\u00eb ndryshme po vazhdon sukseset e tij edhe n\u00eb sken\u00ebn nd\u00ebrkomb\u00ebtare.<br \/>\nDokumentari \u201cSkenari I N\u00ebn\u00ebs\u201d producent I s\u00eb cilit \u00ebsht\u00eb aktori yn\u00eb Gani Veseli, fillimisht u zgjodh n\u00eb mesin e kat\u00ebr filmave m\u00eb t\u00eb mire n\u00eb Festivalin e Berlinit. Ky film ka marr \u00e7mim edhe n\u00eb festivalin \u201cArt without limit\u201d\u201dThe best story about rights of persons with disabilities\u201d<br \/>\nNd\u00ebrsa n\u00eb Festivalin e filmit \u201cLift-Off Global Network\u201d n\u00eb Lond\u00ebr ky film n\u00eb regji t\u00eb Kastriot Saqipit fiton vendin e pare. Ky film u prezantua edhe n\u00eb Iver t\u00eb Anglis\u00eb, nd\u00ebrsa n\u00eb festivalin \u201cGeneva film\u201d n\u00eb Gjenev\u00eb t\u00eb Zvicr\u00ebs gjithashtu fitoi vendin e pare.<\/p>\n<p>Pas sukseseve t\u00eb shumta, filmi I producentit Gani Veseli sot ka marr ftes\u00eb nga Festivali i filmit Euro n\u0113 Gjenev\u00eb. Nj\u00eb festival me fame bot\u00ebrore.<\/p>\n<p>Lajmin e ka b\u00ebr\u00eb t\u00eb ditur producenti I filmit Gani Veseli<\/p>\n<p>\u201cPer Skeptik\u00ebt boom Lajm<br \/>\nDokumentari \u201cThe MotherS SCREENPLAY\u201d apo \u201cSkenari i N\u00ebn\u00ebs \u201d i ftuar n\u00eb Festivalin e filmit Euro n\u0113 Gjenev\u00eb.<br \/>\nKy festival pas prezantimit t\u00eb filmit fillon me shfaqjen e filmave m\u00eb t\u00eb mir\u00eb, n\u00eb t\u00eb gjitha qytetet e m\u00ebdha t\u00eb Botes si\u00e7 jan\u00eb Amsterdam, New York etj\u2026<br \/>\nLajme q\u00eb m\u00eb b\u00ebn\u00eb t\u00eb lumtur<br \/>\nProducent AKTOR : Gani Veseli<br \/>\n\u201cThe MotherS SCREENPLAY\u201d<br \/>\nKoordinator i\u201dFestivalit T\u00eb Filmit Euro Gjenev\u00eb\u201d<br \/>\nAleks Ip\u201d ka shkruar Gani Veseli<br \/>\n<img loading=\"lazy\" loading=\"lazy\" decoding=\"async\" class=\"alignnone size-medium wp-image-42519 td-animation-stack-type0-2\" src=\"https:\/\/www.rtvpresheva.com\/wp-content\/uploads\/2023\/02\/Geneva-euro-film-300x279.jpg\" sizes=\"auto, (max-width: 300px) 100vw, 300px\" srcset=\"https:\/\/www.rtvpresheva.com\/wp-content\/uploads\/2023\/02\/Geneva-euro-film-300x279.jpg 300w, https:\/\/www.rtvpresheva.com\/wp-content\/uploads\/2023\/02\/Geneva-euro-film-150x140.jpg 150w, https:\/\/www.rtvpresheva.com\/wp-content\/uploads\/2023\/02\/Geneva-euro-film.jpg 600w\" alt=\"\" width=\"300\" height=\"279\" \/><\/p>\n<\/div>\n<\/div>\n<div class=\"wpb_wrapper td_block_separator td_block_wrap vc_separator tdi_148  td_separator_solid td_separator_center\"><\/div>\n","protected":false},"excerpt":{"rendered":"<p>Aktori nga Presheva, Gani Veseli po vazhdon sukseset e tij n\u00eb sken\u00ebn artistike pasi q\u00eb filmi ku ai \u00ebsht\u00eb producent, \u201cSkenari i N\u00ebn\u00ebs\u201d ka marr ftes\u00eb n\u00eb festivalin me fam\u00eb bot\u00ebrore n\u00eb Gjenev\u00eb, raporton rtvpresheva.com Aktori q\u00eb luajti n\u00eb shum\u00eb shfaqe teatrale, filma e drama t\u00eb ndryshme po vazhdon sukseset e tij edhe n\u00eb sken\u00ebn [&hellip;]<\/p>\n","protected":false},"author":1,"featured_media":3037,"comment_status":"closed","ping_status":"closed","sticky":false,"template":"","format":"standard","meta":{"footnotes":""},"categories":[9],"tags":[],"class_list":{"0":"post-3036","1":"post","2":"type-post","3":"status-publish","4":"format-standard","5":"has-post-thumbnail","7":"category-vendi"},"_links":{"self":[{"href":"https:\/\/syri.tv\/index.php?rest_route=\/wp\/v2\/posts\/3036","targetHints":{"allow":["GET"]}}],"collection":[{"href":"https:\/\/syri.tv\/index.php?rest_route=\/wp\/v2\/posts"}],"about":[{"href":"https:\/\/syri.tv\/index.php?rest_route=\/wp\/v2\/types\/post"}],"author":[{"embeddable":true,"href":"https:\/\/syri.tv\/index.php?rest_route=\/wp\/v2\/users\/1"}],"replies":[{"embeddable":true,"href":"https:\/\/syri.tv\/index.php?rest_route=%2Fwp%2Fv2%2Fcomments&post=3036"}],"version-history":[{"count":1,"href":"https:\/\/syri.tv\/index.php?rest_route=\/wp\/v2\/posts\/3036\/revisions"}],"predecessor-version":[{"id":3038,"href":"https:\/\/syri.tv\/index.php?rest_route=\/wp\/v2\/posts\/3036\/revisions\/3038"}],"wp:featuredmedia":[{"embeddable":true,"href":"https:\/\/syri.tv\/index.php?rest_route=\/wp\/v2\/media\/3037"}],"wp:attachment":[{"href":"https:\/\/syri.tv\/index.php?rest_route=%2Fwp%2Fv2%2Fmedia&parent=3036"}],"wp:term":[{"taxonomy":"category","embeddable":true,"href":"https:\/\/syri.tv\/index.php?rest_route=%2Fwp%2Fv2%2Fcategories&post=3036"},{"taxonomy":"post_tag","embeddable":true,"href":"https:\/\/syri.tv\/index.php?rest_route=%2Fwp%2Fv2%2Ftags&post=3036"}],"curies":[{"name":"wp","href":"https:\/\/api.w.org\/{rel}","templated":true}]}}