{"id":3033,"date":"2023-02-04T00:42:17","date_gmt":"2023-02-04T00:42:17","guid":{"rendered":"https:\/\/syri.tv\/?p=3033"},"modified":"2023-02-04T00:42:17","modified_gmt":"2023-02-04T00:42:17","slug":"kamberi-ia-kujton-vuciqit-kete-fakt-per-kurtin-dikur-e-burgoset-tash-eshte-kryeminister-me-te-cilin-duhet-te-negocioni","status":"publish","type":"post","link":"https:\/\/syri.tv\/?p=3033","title":{"rendered":"Kamberi ia kujton Vu\u00e7iqit k\u00ebt\u00eb fakt p\u00ebr Kurtin: Dikur e burgos\u00ebt, tash \u00ebsht\u00eb kryeminist\u00ebr me t\u00eb cilin duhet t\u00eb negocioni"},"content":{"rendered":"<p>Deputeti i vet\u00ebm shqiptar n\u00eb kuvendin e Serbis\u00eb, Shaip Kamberi ka pasur sot nj\u00eb polemik\u00eb me presidentin serb, Aleksandar Vu\u00e7iq p\u00ebr kryeministrin Albin Kurti.<\/p>\n<p>P\u00ebrderisa Kamberi fliste p\u00ebr propozimin franko-gjerman n\u00eb Kuvend, Vu\u00e7iq i ka th\u00ebn\u00eb se Kurti \u00ebsht\u00eb mentori i tij.<\/p>\n<p>\u201cNuk do t\u00eb jet\u00eb e leht\u00eb ta pranoni (propozimin franko-gjerman) p\u00ebr shkak t\u00eb narrativ\u00ebs anti-shqiptare dhe narrativ\u00ebs p\u00ebr Kosov\u00ebn\u201d, ka th\u00ebn\u00eb Kamberi.<\/p>\n<p>Ai gjithashtu ka th\u00ebn\u00eb se kritikat kund\u00ebr kryeministrit Kurti jan\u00eb t\u00eb pabaza dhe se ai nuk \u00ebsht\u00eb \u201cterrorist\u201d, si\u00e7 \u00ebsht\u00eb quajtur n\u00eb Serbi.<\/p>\n<p>Pas fjal\u00ebs s\u00eb Vu\u00e7iq, Kamberi ia ka kujtuar Vu\u00e7iqit arrestimin e Kurtit dhe shqiptar\u00ebve t\u00eb tjer\u00eb n\u00eb vitet 1990, duke th\u00ebn\u00eb se ai ishte shembull i represionit t\u00eb Beogradit t\u00eb kryer mbi shqiptar\u00ebt e Kosov\u00ebs.<\/p>\n<p>\u201cE ke arrestuar nj\u00eb djal\u00eb t\u00eb ri, tani ai \u00ebsht\u00eb kryeminist\u00ebr me t\u00eb cilin do t\u2019ju duhet t\u00eb diskutoni\u201d, ka th\u00ebn\u00eb Kamberi gjat\u00eb debatit me presidentin serb.<\/p>\n","protected":false},"excerpt":{"rendered":"<p>Deputeti i vet\u00ebm shqiptar n\u00eb kuvendin e Serbis\u00eb, Shaip Kamberi ka pasur sot nj\u00eb polemik\u00eb me presidentin serb, Aleksandar Vu\u00e7iq p\u00ebr kryeministrin Albin Kurti. P\u00ebrderisa Kamberi fliste p\u00ebr propozimin franko-gjerman n\u00eb Kuvend, Vu\u00e7iq i ka th\u00ebn\u00eb se Kurti \u00ebsht\u00eb mentori i tij. \u201cNuk do t\u00eb jet\u00eb e leht\u00eb ta pranoni (propozimin franko-gjerman) p\u00ebr shkak t\u00eb [&hellip;]<\/p>\n","protected":false},"author":1,"featured_media":3034,"comment_status":"closed","ping_status":"closed","sticky":false,"template":"","format":"standard","meta":{"footnotes":""},"categories":[9],"tags":[],"class_list":{"0":"post-3033","1":"post","2":"type-post","3":"status-publish","4":"format-standard","5":"has-post-thumbnail","7":"category-vendi"},"_links":{"self":[{"href":"https:\/\/syri.tv\/index.php?rest_route=\/wp\/v2\/posts\/3033","targetHints":{"allow":["GET"]}}],"collection":[{"href":"https:\/\/syri.tv\/index.php?rest_route=\/wp\/v2\/posts"}],"about":[{"href":"https:\/\/syri.tv\/index.php?rest_route=\/wp\/v2\/types\/post"}],"author":[{"embeddable":true,"href":"https:\/\/syri.tv\/index.php?rest_route=\/wp\/v2\/users\/1"}],"replies":[{"embeddable":true,"href":"https:\/\/syri.tv\/index.php?rest_route=%2Fwp%2Fv2%2Fcomments&post=3033"}],"version-history":[{"count":1,"href":"https:\/\/syri.tv\/index.php?rest_route=\/wp\/v2\/posts\/3033\/revisions"}],"predecessor-version":[{"id":3035,"href":"https:\/\/syri.tv\/index.php?rest_route=\/wp\/v2\/posts\/3033\/revisions\/3035"}],"wp:featuredmedia":[{"embeddable":true,"href":"https:\/\/syri.tv\/index.php?rest_route=\/wp\/v2\/media\/3034"}],"wp:attachment":[{"href":"https:\/\/syri.tv\/index.php?rest_route=%2Fwp%2Fv2%2Fmedia&parent=3033"}],"wp:term":[{"taxonomy":"category","embeddable":true,"href":"https:\/\/syri.tv\/index.php?rest_route=%2Fwp%2Fv2%2Fcategories&post=3033"},{"taxonomy":"post_tag","embeddable":true,"href":"https:\/\/syri.tv\/index.php?rest_route=%2Fwp%2Fv2%2Ftags&post=3033"}],"curies":[{"name":"wp","href":"https:\/\/api.w.org\/{rel}","templated":true}]}}