{"id":3006,"date":"2023-01-23T22:55:12","date_gmt":"2023-01-23T22:55:12","guid":{"rendered":"https:\/\/syri.tv\/?p=3006"},"modified":"2023-01-23T23:02:46","modified_gmt":"2023-01-23T23:02:46","slug":"nje-lajm-jo-i-mire-nga-berni-per-zanen-dhe-serbine-granit-xhaka-futbollisti-i-vitit-ne-zvicer","status":"publish","type":"post","link":"https:\/\/syri.tv\/?p=3006","title":{"rendered":"Nj\u00eb lajm jo i mire nga Berni p\u00ebr Zan\u00ebn dhe Serbin\u00eb: Granit Xhaka futbollisti i vitit n\u00eb Zvic\u00ebr"},"content":{"rendered":"<div class=\"td_block_wrap tdb_single_content tdi_71_11d td-pb-border-top td_block_template_1 td-post-content tagdiv-type\" data-td-block-uid=\"tdi_71_11d\">\n<div class=\"tdb-block-inner td-fix-index\">\n<div class=\"x11i5rnm xat24cr x1mh8g0r x1vvkbs xdj266r x126k92a\">\n<div dir=\"auto\">Bern\u00eb, 23 janar -Pasi gazeta zvicerane ne shqip Le Canton27.ch e shpalli persinalitet te vitit, sot edhe Zvicra e shpalli futbollistin me te mire te vitit! Pra, ky eshte\u00a0\u00a0nje lajm shume i mire p\u00ebr zviceranet dhe shqiptaret, por jo edhe p\u00ebr Zan\u00ebn dhe Serbin\u00eb! P\u00ebr ta mbuluar turpin (p\u00ebr t\u2019u distancuar nga Serbia) nuk eshte qudi qe Zana, do ta uroj Xhaken p\u00ebr ket mir\u00ebnjohje nga Zvicra, \u00a0ka shkruar\u00a0gazeta zvicerane ne shqip Le Canton27.ch<\/div>\n<div dir=\"auto\"><\/div>\n<div dir=\"auto\">\u00ab\u00a0Granit Xhaka futbollisti i vitit n\u00eb Zvic\u00ebr\u00a0\u00bb eshte ky lajmi qe del sot nga Berna por sigursirisht qe nuk i ka pelqyer Serbis\u00eb qe kercnoi dhe e fyu ne stadium, kurse Zana Avdiu, nje psuedo analiste qe e kishte fyer \u00ab\u00a0si rrugaq\u00a0\u00bb).\u00a0Mesfushori nga Kosova, ka fituar \u00e7mimin e lojtarit m\u00eb t\u00eb mir\u00eb n\u00eb Zvic\u00ebr p\u00ebr vitin 2022, raporton gazeta zvicerane ne shqip Le Canton27.ch nga Berna.<\/div>\n<div dir=\"auto\"><\/div>\n<div dir=\"auto\">\n<p>Mbr\u00ebmjen e s\u00eb h\u00ebn\u00ebs, n\u00eb Casino Bern u nderuan futbollist\u00ebt m\u00eb t\u00eb mir\u00eb zviceran\u00eb t\u00eb vitit 2022.<\/p>\n<p>Xhaka n\u00eb \u201cNat\u00ebn e Futbollit t\u00eb Zvicr\u00ebs\u201d, nj\u00eb ngjarje e organizuar nga Federata Zvicerane e Futbollit (SFV) dhe Liga Zviceriane e Futbollit (SFL) n\u00eb Casino Bern, fitoi \u00e7mimin kryesor \u201cLojtari m\u00eb i mir\u00eb i Komb\u00ebtares s\u00eb Zvicr\u00ebs\u201d.<\/p>\n<p>N\u00eb sken\u00eb ai thot\u00eb:<em>\u00a0\u201cFaleminderit p\u00ebr gjith\u00e7ka. Faleminderit trajnerit, familjes sime dhe t\u00eb gjith\u00eb njer\u00ebzve q\u00eb besuan tek un\u00eb. Por edhe p\u00ebr njer\u00ebzit q\u00eb nuk besuan n\u00eb mua. M\u00eb keni shtyr\u00eb gjithmon\u00eb\u201d,\u00a0<\/em>ka komentuar kapiteni i Komb\u00ebtares zvicerane, citon\u00a0gazeta zvicerane Le Canton27.ch<\/p>\n<p>Kapiteni i Nati dhe ylli i Arsenalit mbizot\u00ebroi n\u00eb kategorin\u00eb e tij ndaj dy shok\u00ebve t\u00eb tij t\u00eb skuadr\u00ebs Yann Sommer (Bayern) dhe Manuel Akanji (Manchester City).<\/p>\n<p>Nd\u00ebrsa, Xhak\u00ebn e uroi edhe Manuel Akanji:\u00a0<em>\u201cTi je kapiteni yn\u00eb dhe lideri yn\u00eb n\u00eb komb\u00ebtare! Urime, v\u00eblla\u201d.<\/em><\/p>\n<p>Gjithashtu edhe Yann Sommer tha:\u00a0<em>\u201cUrime, Granit. Ju me t\u00eb v\u00ebrtet\u00eb e meritoni k\u00ebt\u00eb \u00e7mim. \u00cbsht\u00eb shum\u00eb k\u00ebnaq\u00ebsi p\u00ebr mua t\u00eb jem n\u00eb fush\u00eb me ju p\u00ebr komb\u00ebtaren. Ne kemi luajtur s\u00eb bashku p\u00ebr nj\u00eb koh\u00eb t\u00eb gjat\u00eb dhe ju jeni nj\u00eb frym\u00ebzim i madh p\u00ebr mua, brenda dhe jasht\u00eb fush\u00ebs\u201d,\u00a0<\/em>citon\u00a0gazeta zvicerane Le Canton27.ch<\/p>\n<\/div>\n<\/div>\n<div class=\"x11i5rnm xat24cr x1mh8g0r x1vvkbs xtlvy1s x126k92a\">\n<div dir=\"auto\"><\/div>\n<div dir=\"auto\"><span class=\"x3nfvp2 x1j61x8r x1fcty0u xdj266r xhhsvwb xat24cr xgzva0m xxymvpz xlup9mm x1kky2od\">Cka me i ba tash Zanes dhe mediave te saj qe moren kot neperkemb yllin kombetar dhe nderkombetar qe babai i tij kaloi ne burgjet serbe. Turp mediave Kosove qe i jepni hapsire krimineleve dhe turli pseudo analisteje!<\/span><\/div>\n<div dir=\"auto\"><\/div>\n<div dir=\"auto\"><strong>5 dhjetor 2022: Gazeta zviceriane n\u00eb shqip Le Canton27.ch shpall Granit Xhak\u00ebn \u201cPersonalitet t\u00eb Vitit\u201d<\/strong><\/div>\n<div dir=\"auto\"><\/div>\n<div dir=\"auto\">\n<p>Bern\u00eb, 5 dhjetor -Redaksia e gazet\u00ebs Le Canton27.ch\u00a0\u00bb si medium i vetem zviceran i ketij lloji n\u00eb gjuhen shqipe n\u00eb Zvicer dhe perendim sot ka bere p\u00ebrzgjedhje e saj p\u00ebr Granit Xhak\u00ebn, p\u00ebr shkak rolit dhe kontributit te tij si futbollist dhe si kapieten i kombetares helvetike i cili bashke me shoket e tij ka bere avancimin e futbollit zviceran n\u00eb aren\u00ebn nd\u00ebrkomb\u00ebtare e cila po shneon suksese ne kapionin bot\u00ebror.<\/p>\n<p>Duhet theksuar se gazeta zvicerane n\u00eb shqip Le Canton27.ch me cmin e sja tradicional per cdo vit shpall nga nje Personalitet t\u00eb Vitit, cofe ai kombetar apo nderkomb\u00ebatr qe i kane kontribuar vancimit te paqes, demokracise, sportit apo ne sfera t endyrshe t ekultuires dhe biznesit shembull k\u00ebta t\u00eb integrimi dhe qe u bene ura miqesie mes zviceraneve dhe shqiptareve.<\/p>\n<p>Gazeta zvicerane n\u00eb shqip Le Canton27.ch kishte shpallur personalitete t\u00eb vitit presidenten e Kosoves dr.Vjosa Osmani, para dy vitesh ish-presidenten e Zvicr\u00ebs, Micheline Calmy-Rey p\u00ebr rolin e cila si shefe e diplomacise zvicerane i kontrboi avancimit te procesve paqesore dhe demokratike nga nga KS i OKB-s\u00eb ku per here te pare abasadori zviceran permendi fjalen pamvaresi p\u00ebr Kosov\u00eb e deri kur ndodhi vertete pamvaresia e saj de facto de jure.<\/p>\n<p>Granit Xhaka (lindur m\u00eb 27 shtator 1992 n\u00eb Basel) \u00ebsht\u00eb nj\u00eb futbollist zviceran. Ai p\u00ebrdoret si mesfushor qendror, mbrojt\u00ebs apo sulmues dhe \u00ebsht\u00eb n\u00ebn kontrat\u00eb me Arsenal FC.<\/p>\n<p>Para gazhtes sone Le Canton27.ch, n\u00eb vitin 2017, Xhaka u nderua si futbollisti zviceran i vitit.<\/p>\n<p>Granit Xhaka \u00ebsht\u00eb djali i prind\u00ebrve shqiptar\u00eb t\u00eb ardhur nga Kosova. Bbai i tij ehste Ragip Xhaka, nje perndjekur dhe i burgosur politik nga regjmi dikatorial i regjmit te Serbis\u00eb.<\/p>\n<p>Granit Xhaka u rrit me v\u00ebllain e tij t\u00eb madh Taulantin, i cili \u00ebsht\u00eb gjithashtu nj\u00eb futbollist profesionist, por luan p\u00ebr komb\u00ebtaren shqiptare. N\u00eb Kampionatin Evropian 2016, v\u00ebllez\u00ebrit u takuan n\u00eb nj\u00eb ndeshje nd\u00ebrkomb\u00ebtare n\u00eb faz\u00ebn e grupeve m\u00eb 11 qershor, t\u00eb cil\u00ebn Zvicra e fitoi 1-0.<\/p>\n<p>N\u00eb mosh\u00ebn kat\u00ebr vje\u00e7are, Granit Xhaka u mor nga babai dhe v\u00ebllai i tij p\u00ebr t\u2019u st\u00ebrvitur n\u00eb FC Concordia Basel. N\u00eb janar 2003 ai kaloi n\u00eb departamentin e t\u00eb rinjve t\u00eb FC Basel. Tre vjet m\u00eb von\u00eb ai luajti p\u00ebr ekipin e tyre U-21. N\u00eb vitet 2008-2010 ai luajti mbi 50 ndeshje dhe duke sh\u00ebnuar mbi 20 gola.<\/p>\n<p>Ne shtatorin e vitit 2020 mesfushori i Arsenalit, Granit Xhaka zghidhet kapiten i ri i Komb\u00ebtares s\u00eb Zvicr\u00ebs.\u00a0Kapiteni i Natit, Granit Xhaka, b\u00ebhet baba p\u00ebr her\u00eb t\u00eb dyt\u00eb me 24 Prill 2021.<\/p>\n<p>Edhe me te njohur futbollisti zviceran Granit Xhaka e beri loja e fundit n\u00eb Katar me 2 dhjetor, i cili manegjoli ne m\u00ebnyre te shkelqyeshme ndeshjen duke i sjellur fitore Zvicres (3:2) kunder Serbise, te cilin vend e eleminoi nga bot\u00ebrori. P\u00ebr keto merita FIFA e shpalli Granit Xhak\u00ebn si lojtari i ndeshjes Zvic\u00ebr-Serbi!<\/p>\n<p>Meqen\u00ebse Granit Xhaka aktualisht gjendet ne boterorin n\u00eb Katar, kjo mir\u00ebnjohje nga redaksia jon\u00eb ne m\u00ebnyre solemne do t\u2019i jepet pas kthimit te tij nga Doha n\u00eb Zvic\u00ebr. Cmimi z.Xhaka do t\u2019i dor\u00ebzohet nga gazetari yne i njohur nderkomb\u00ebtar Nefail Maliqi qe drejton gazeten zvicerane Le Canton27.ch<\/p>\n<p><img loading=\"lazy\" loading=\"lazy\" decoding=\"async\" class=\"td-animation-stack-type0-2\" src=\"https:\/\/open-tv.mk\/wp-content\/uploads\/2022\/12\/xhaka-2.jpg\" alt=\"Gazeta zviceriane n\u00eb shqip Le Canton27.ch shpall Granit Xhak\u00ebn \u201cPersonalitet t\u00eb vitit 2022\u201d\" width=\"1036\" height=\"1314\" \/><\/p>\n<\/div>\n<\/div>\n<\/div>\n<\/div>\n<div class=\"vc_row_inner tdi_73_941  vc_row vc_inner wpb_row td-pb-row\">\n<div class=\"vc_column_inner tdi_75_595  wpb_column vc_column_container tdc-inner-column td-pb-span4 td-is-sticky\">\n<div class=\"vc_column-inner\">\n<div class=\"wpb_wrapper\">\n<div class=\"clearfix\"><\/div>\n<div class=\"clearfix\"><\/div>\n<\/div>\n<\/div>\n<\/div>\n<div class=\"vc_column_inner tdi_77_119  wpb_column vc_column_container tdc-inner-column td-pb-span8\">\n<div class=\"vc_column-inner\">\n<div class=\"wpb_wrapper\">\n<div class=\"clearfix\"><\/div>\n<div class=\"td_block_wrap tdb_single_post_share tdi_78_5f2 td-pb-border-top td_block_template_1\" data-td-block-uid=\"tdi_78_5f2\">\n<div id=\"tdi_78_5f2\" class=\"td-post-sharing tdb-block td-ps-bg td-ps-notext td-post-sharing-style1 \">\n<div class=\"td-post-sharing-visible\">\n<div class=\"td-social-sharing-button td-social-sharing-button-js td-social-handler td-social-share-text\">\n<div class=\"td-social-but-icon\"><\/div>\n<div class=\"td-social-but-text\">Share<\/div>\n<\/div>\n<div class=\"td-social-but-icon\"><\/div>\n<div class=\"td-social-but-icon\"><\/div>\n<div class=\"td-social-but-icon\"><\/div>\n<\/div>\n<\/div>\n<\/div>\n<\/div>\n<\/div>\n<\/div>\n<\/div>\n","protected":false},"excerpt":{"rendered":"<p>Bern\u00eb, 23 janar -Pasi gazeta zvicerane ne shqip Le Canton27.ch e shpalli persinalitet te vitit, sot edhe Zvicra e shpalli futbollistin me te mire te vitit! Pra, ky eshte\u00a0\u00a0nje lajm shume i mire p\u00ebr zviceranet dhe shqiptaret, por jo edhe p\u00ebr Zan\u00ebn dhe Serbin\u00eb! P\u00ebr ta mbuluar turpin (p\u00ebr t\u2019u distancuar nga Serbia) nuk eshte [&hellip;]<\/p>\n","protected":false},"author":1,"featured_media":3007,"comment_status":"closed","ping_status":"closed","sticky":false,"template":"","format":"standard","meta":{"footnotes":""},"categories":[2],"tags":[],"class_list":{"0":"post-3006","1":"post","2":"type-post","3":"status-publish","4":"format-standard","5":"has-post-thumbnail","7":"category-zvicer"},"_links":{"self":[{"href":"https:\/\/syri.tv\/index.php?rest_route=\/wp\/v2\/posts\/3006","targetHints":{"allow":["GET"]}}],"collection":[{"href":"https:\/\/syri.tv\/index.php?rest_route=\/wp\/v2\/posts"}],"about":[{"href":"https:\/\/syri.tv\/index.php?rest_route=\/wp\/v2\/types\/post"}],"author":[{"embeddable":true,"href":"https:\/\/syri.tv\/index.php?rest_route=\/wp\/v2\/users\/1"}],"replies":[{"embeddable":true,"href":"https:\/\/syri.tv\/index.php?rest_route=%2Fwp%2Fv2%2Fcomments&post=3006"}],"version-history":[{"count":2,"href":"https:\/\/syri.tv\/index.php?rest_route=\/wp\/v2\/posts\/3006\/revisions"}],"predecessor-version":[{"id":3011,"href":"https:\/\/syri.tv\/index.php?rest_route=\/wp\/v2\/posts\/3006\/revisions\/3011"}],"wp:featuredmedia":[{"embeddable":true,"href":"https:\/\/syri.tv\/index.php?rest_route=\/wp\/v2\/media\/3007"}],"wp:attachment":[{"href":"https:\/\/syri.tv\/index.php?rest_route=%2Fwp%2Fv2%2Fmedia&parent=3006"}],"wp:term":[{"taxonomy":"category","embeddable":true,"href":"https:\/\/syri.tv\/index.php?rest_route=%2Fwp%2Fv2%2Fcategories&post=3006"},{"taxonomy":"post_tag","embeddable":true,"href":"https:\/\/syri.tv\/index.php?rest_route=%2Fwp%2Fv2%2Ftags&post=3006"}],"curies":[{"name":"wp","href":"https:\/\/api.w.org\/{rel}","templated":true}]}}