{"id":2971,"date":"2023-01-07T11:50:10","date_gmt":"2023-01-07T11:50:10","guid":{"rendered":"https:\/\/syri.tv\/?p=2971"},"modified":"2023-01-07T11:50:10","modified_gmt":"2023-01-07T11:50:10","slug":"pas-luftes-ne-serbi-jane-vrare-dhe-zhdukur-mbi-20-shqiptare-te-lugines-se-presheves-serbi-jugore-dhe-deri-tash-akush-nuk-eshte-arrestuar-e-as-nuk-eshte-ndeshkuar","status":"publish","type":"post","link":"https:\/\/syri.tv\/?p=2971","title":{"rendered":"Pas luft\u00ebs n\u00eb Serbi jan\u00eb vrar\u00eb dhe zhdukur mbi 20 shqiptare t\u00eb Lugines se Presheves (Serbi Jugore) dhe deri tash akush nuk \u00ebshte arrestuar e as nuk \u00ebsht\u00eb ndeshkuar?!"},"content":{"rendered":"<div class=\"td_block_wrap tdb_single_content tdi_71_996 td-pb-border-top td_block_template_1 td-post-content tagdiv-type\" data-td-block-uid=\"tdi_71_996\">\n<div class=\"tdb-block-inner td-fix-index\">\n<p><em>Presheva, nje qytet i banuar kryesisht me shqiptare eshte bere nje fush\u00eb \u00a0tranzit e tankeve dhe mjeteve te renda lufatrake srbe te cilat nuk kalon dite q\u00eb t\u2019mos kalojne neper kete qytet nga Serbia drejt kufirit me Kosoven para syve t\u00eb f\u00ebmijve, shkollar\u00ebve dhe qytetareve tjere\u2026<\/em><\/p>\n<p>Prishtin\u00eb, 7 dhjetor -Shqiptaret ne Lugines s\u00eb Presheves (Serbi Jugore) jane qytetaret me te diskriminuar dh me te varfur jo vet\u00ebm ne Serbi, por edhe ne Evrop\u00eb, kete e kane th\u00ebne disa here edhe organizatat nderkomb\u00ebtare ne raportet e tyre \u00a0periodike. \u00a0Ata ndjehen t\u00eb diskriminuar dhe injoruar jo vetem nga BE por edhe nga mediat perendimore te cilat pas luftes jane fokusuar me nje ser deklaratash dhe shkrimesh p\u00ebr diskriminimin e serbeve n\u00eb Kosov\u00eb, por shume pak, per t\u2019mos then\u00eb fare, jane marrur me shqiptaret e diskriminuar n\u00eb ket pjese t\u00eb Evrop\u00ebs, ne Luginen e Presheves (tre qytete te banuar me shqiptare etnik: Presheva, Buajanoca dhe Mevegja) rajone keto ne kufi me Kosoven, qe per serbet njihen si \u00ab\u00a0Serbi Jugore\u00a0\u00bb kurse p\u00ebr shqiptaret\u00a0\u00bb si \u00ab\u00a0Kosov\u00eb Lindore.\u00a0\u00bb, shkruan nga Prishtina korrespondeti i gazetes zvicerane ne shqip Le Canton27.ch<\/p>\n<p><strong>Heshtja ndaj diskriminimit te shqiptareve ne Serbi racizem apo injorim nderkomb\u00ebtar dhe medial?<\/strong><\/p>\n<p><img loading=\"lazy\" loading=\"lazy\" decoding=\"async\" class=\"alignleft td-animation-stack-type0-2\" src=\"https:\/\/www.preshevajone.com\/wp-content\/uploads\/2019\/03\/tanke11.jpg\" alt=\"R\u00e9sultat de recherche d'images pour &quot;presheva tanke&quot;\" width=\"561\" height=\"419\" \/>Heshtja dhe mso prvokimet e shiptareve ne Luginene Preshev\u00ebs nuk shpreblehen nga askush?! A mos ndoshta edhe shqiptaret e Lugines se Presheves duhet te marrin \u00ab\u00a0mesim\u00a0\u00bb nga serbet e veriut te b\u00ebjn\u00eb kercnime, te trebelohen dhe te provokojne duke hedhur barrikada rrugeve ne Serbi duke privuar lirine e leviizjeve t\u00eb qytetareve tjer\u00eb, qe te merret BE dhe mediat everopiane me ata?!, ka pyetur gazeta zvicerane ne shqip Le Canton27.ch.<\/p>\n<p>Lideret e Lugines se Presheves konsiderojne se pakica serbe ne Kosove (100.000) eshte e ledhatuar dhe privilegjuar nga nderkomb\u00ebtaret dhe mediat evropiane, kurse shqiptaret e Lugines se Presheves (Jug te Serbise) jane te diskriminuar dhe injoruar sa nga BE po aq edhe nga mediat. Shqiptaret e Lugine se Presheves nuk kerkojne asgje me shume se sa serbet e Kosoves, te kene t\u00eb njetin status, t\u00eb njetat t\u00eb drejta, konform reciprocitetit.<\/p>\n<p>P\u00ebrderi serbet ne Kosoves marrin rroga edhe nga Prishtina edhe nga Beogradi, kane universitet, kane shkolla, libra, gazetae tyre n\u00eb gjuhe serbe, flamujt, festojne ditet komb\u00ebtare te Serbis\u00eb..Keto te drejta shqiptareve ne Serbise atekqesisht ju jane mohuar nga regjimi i Beogradit, sikur ne kohen e diktatorit t\u00eb fundit evropian Slobodan Miloshevic para syve t\u00eb komuniteti nderkob\u00ebtar?! E vetmja e drejte e shqiptareve ne Serbi eshte ajo te marrin fyrme, te hane buke dhe te dalin jashte vendit, drejt perendimit n\u00eb Zvic\u00ebr dhe vendet tjera t\u00eb BE-s\u00eb! Cfare t\u00eb thuhet kesaj, kjo heshtja ndaj diskriminimit te shqiptareve ne Serbi eshte racizem apo injorim nderkomb\u00ebtar dhe medial?, shkruan gazeta zvicerane ne shqip Le Canton27.ch<\/p>\n<p><strong>Nese serbet e Veriut duan te shkojne me Serbi, pse jo shqiptaret e Lugines se Presheves me Kosoven?\u2026<\/strong><\/p>\n<p><img decoding=\"async\" class=\"alignright td-animation-stack-type0-2\" src=\"https:\/\/www.preshevajone.com\/wp-content\/uploads\/2018\/09\/preshevvvxsx.jpg\" \/>Se jane te diskrminuar dhe jane viktime eksodit shqiptaret entik te Lugines se Presheves deshmon edhe fakti se sot ne Zvicer jane mbi 20 mije nga ky rajon, kurse serbe jane apo nuk jane 200 sish ne Zvicer nga ky rajon, shkruan gazeta zvicerane ne shqip Le Canton27.ch<br \/>\nNj\u00eb delegacion i nivelit te larte nga Lugina e Presheves, rajon ky i banuar kryesisht me shqiptare etnik (mbi 120.000) ka vizituar dite me apre Uashingtonin zyrtar. Delegacion pes\u00eban\u00ebteresh (Shaip Kamberi, deputet ne Serbi, Nagip Arifi kryetar i Buajocit, Ramgi Mustafi, kryetar i Keshillit Kombetar Shqiptar ne Serbi dhe Ragmi Mustafa ish-kryetar i Presheves dhe i PDSH-s\u00eb) jane pritur nga i d\u00ebrguari special t\u00eb SHBA p\u00ebr dialogun Kosov\u00eb-Serbi, Gabriel Escobar, njeherit z\u00ebv\u00ebnd\u00ebs-ndihm\u00ebs i Sekretarit Amerikan t\u00eb Shtetit. delegacioni nga Preshev akane paraqitur shtesimet e tyre per shkak se regjimi serb ne drejtimine presideneti Alekansdner Vucic vazhdojne te jen t edsiksminuar ne gjtha format deri tek sapstrimet etnike, njofton gazeta zvicerane ne shqip le Canton27.ch<\/p>\n<p><strong>Pas luft\u00ebs n\u00eb Kosov\u00eb dhe Lugin\u00eb t\u00eb Preshev\u00ebs, mbi 20 shqiptar\u00eb kryesisht nga Presheva dhe Bujanoci dhe nga Medvegja, jan\u00eb zhdukur, vrar\u00eb e kidnapuar n\u00eb m\u00ebnyr\u00eb misterioze<\/strong><br \/>\n<img decoding=\"async\" class=\"alignleft td-animation-stack-type0-2\" src=\"https:\/\/lecanton27.ch\/wp-content\/uploads\/2021\/05\/isufiazzSans-titre.png\" \/>Se vertete shqiptaret e Lugin\u00ebs jane te diskriminuar deshmojne edhe shifrat dhe faktet. Qe nga palufta ne Luginen e Presheves jane vrare dhe zhdukur ne meyre misterioze mbi 20 shqiptare kryesisht intelektual\u00eb politikaj, studente dhe biznesmen\u00eb qe deri tash askush nuk eshte arrestuar e as nuk eshte ndeshkuar nga autoritetet serbe?!<\/p>\n<p>Ne mesin e viktimave ishte edhe deputeti shqiptar ing. Isu Azizi nje humanist dhe biznesmen, ndaj te cilit ishte bere atentat me 5 gusht te vitit 2009. Po ashtu ishte zhdukur Nebi Neza, nje veprimtar, biznesmen dhe humanist nga Lugina e Preshev\u00ebs, shkruan gazeta zvicerane ne shqip Le Canton27.ch duke ju referuar burimeve nga Keshilli i te Drejtave te Njeriut ne Preshev\u00eb.<\/p>\n<p>K\u00ebrkesa p\u00ebr zbardhjen e k\u00ebtyre rasteve ka pasur n\u00eb vazhdim\u00ebsi dhe ato asnj\u00ebher\u00eb nuk do t\u00eb ndalen kan th\u00ebn\u00eb nga K\u00ebshilli Komb\u00ebtar\u00eb Shqiptar\u00eb. Belgzim Kamberit, kryetar i K\u00ebshillit p\u00ebr t\u00eb Drejtat e Njeriut, zhdukjet e shqiptar\u00ebve t\u00eb Lugin\u00ebs s\u00eb Preshev\u00ebs, duhet t\u00eb jen\u00eb pjes\u00eb e egociatave t\u00eb Brukselit.<img loading=\"lazy\" loading=\"lazy\" decoding=\"async\" class=\"td-animation-stack-type0-2\" src=\"https:\/\/lecanton27.ch\/wp-content\/uploads\/2022\/10\/624033AE-2838-4AF9-86B9-977CF407A4B0.jpeg\" width=\"1141\" height=\"605\" \/><img loading=\"lazy\" loading=\"lazy\" decoding=\"async\" class=\"td-animation-stack-type0-2\" src=\"https:\/\/www.ikvi.at\/wp-content\/uploads\/2017\/01\/lugina_12_01.jpg\" width=\"1091\" height=\"682\" \/><\/p>\n<p><img loading=\"lazy\" loading=\"lazy\" decoding=\"async\" class=\"td-animation-stack-type0-2\" src=\"https:\/\/zeri.info\/uploads\/images\/2015\/September\/14\/auto_protesta-preseve1442256594.jpg\" alt=\"R\u00c3\u00a9sultat de recherche d'images pour &quot;protesta ne preshev\u00c3\u00ab&quot;\" width=\"1145\" height=\"668\" \/><\/p>\n<p><img loading=\"lazy\" loading=\"lazy\" decoding=\"async\" class=\"td-animation-stack-type0-2\" src=\"https:\/\/www.preshevajone.com\/wp-content\/uploads\/2016\/06\/preshjo1.jpg\" alt=\"preshjo\" width=\"1072\" height=\"801\" \/><img loading=\"lazy\" loading=\"lazy\" decoding=\"async\" class=\"td-animation-stack-type0-2\" src=\"https:\/\/www.droni.al\/wp-content\/uploads\/2018\/02\/tanke-mitro.jpg\" alt=\"tanke mitro\" width=\"1125\" height=\"616\" \/><img loading=\"lazy\" loading=\"lazy\" decoding=\"async\" class=\"td-animation-stack-type0-2\" src=\"https:\/\/i0.wp.com\/presheva.al\/wp-content\/uploads\/2015\/12\/presheva-protesta-2011-WWW.PRESHEVA.AL_.jpg?resize=660%2C330&amp;ssl=1\" width=\"1008\" height=\"504\" \/><\/p>\n<\/div>\n<\/div>\n<div class=\"vc_row_inner tdi_73_9b9  vc_row vc_inner wpb_row td-pb-row\">\n<div class=\"vc_column_inner tdi_75_8b9  wpb_column vc_column_container tdc-inner-column td-pb-span4 td-is-sticky\">\n<div class=\"vc_column-inner\">\n<div class=\"wpb_wrapper\">\n<div class=\"clearfix\"><\/div>\n<div class=\"clearfix\"><\/div>\n<\/div>\n<\/div>\n<\/div>\n<div class=\"vc_column_inner tdi_77_b8f  wpb_column vc_column_container tdc-inner-column td-pb-span8\">\n<div class=\"vc_column-inner\">\n<div class=\"wpb_wrapper\">\n<div class=\"clearfix\"><\/div>\n<div class=\"td_block_wrap tdb_single_post_share tdi_78_635 td-pb-border-top td_block_template_1\" data-td-block-uid=\"tdi_78_635\">\n<div id=\"tdi_78_635\" class=\"td-post-sharing tdb-block td-ps-bg td-ps-notext td-post-sharing-style1 \">\n<div class=\"td-post-sharing-visible\">\n<div class=\"td-social-sharing-button td-social-sharing-button-js td-social-handler td-social-share-text\">\n<div class=\"td-social-but-icon\"><\/div>\n<\/div>\n<\/div>\n<\/div>\n<\/div>\n<\/div>\n<\/div>\n<\/div>\n<\/div>\n","protected":false},"excerpt":{"rendered":"<p>Presheva, nje qytet i banuar kryesisht me shqiptare eshte bere nje fush\u00eb \u00a0tranzit e tankeve dhe mjeteve te renda lufatrake srbe te cilat nuk kalon dite q\u00eb t\u2019mos kalojne neper kete qytet nga Serbia drejt kufirit me Kosoven para syve t\u00eb f\u00ebmijve, shkollar\u00ebve dhe qytetareve tjere\u2026 Prishtin\u00eb, 7 dhjetor -Shqiptaret ne Lugines s\u00eb Presheves (Serbi [&hellip;]<\/p>\n","protected":false},"author":1,"featured_media":2972,"comment_status":"closed","ping_status":"closed","sticky":false,"template":"","format":"standard","meta":{"footnotes":""},"categories":[9],"tags":[],"class_list":{"0":"post-2971","1":"post","2":"type-post","3":"status-publish","4":"format-standard","5":"has-post-thumbnail","7":"category-vendi"},"_links":{"self":[{"href":"https:\/\/syri.tv\/index.php?rest_route=\/wp\/v2\/posts\/2971","targetHints":{"allow":["GET"]}}],"collection":[{"href":"https:\/\/syri.tv\/index.php?rest_route=\/wp\/v2\/posts"}],"about":[{"href":"https:\/\/syri.tv\/index.php?rest_route=\/wp\/v2\/types\/post"}],"author":[{"embeddable":true,"href":"https:\/\/syri.tv\/index.php?rest_route=\/wp\/v2\/users\/1"}],"replies":[{"embeddable":true,"href":"https:\/\/syri.tv\/index.php?rest_route=%2Fwp%2Fv2%2Fcomments&post=2971"}],"version-history":[{"count":1,"href":"https:\/\/syri.tv\/index.php?rest_route=\/wp\/v2\/posts\/2971\/revisions"}],"predecessor-version":[{"id":2973,"href":"https:\/\/syri.tv\/index.php?rest_route=\/wp\/v2\/posts\/2971\/revisions\/2973"}],"wp:featuredmedia":[{"embeddable":true,"href":"https:\/\/syri.tv\/index.php?rest_route=\/wp\/v2\/media\/2972"}],"wp:attachment":[{"href":"https:\/\/syri.tv\/index.php?rest_route=%2Fwp%2Fv2%2Fmedia&parent=2971"}],"wp:term":[{"taxonomy":"category","embeddable":true,"href":"https:\/\/syri.tv\/index.php?rest_route=%2Fwp%2Fv2%2Fcategories&post=2971"},{"taxonomy":"post_tag","embeddable":true,"href":"https:\/\/syri.tv\/index.php?rest_route=%2Fwp%2Fv2%2Ftags&post=2971"}],"curies":[{"name":"wp","href":"https:\/\/api.w.org\/{rel}","templated":true}]}}