{"id":2965,"date":"2023-01-06T19:41:26","date_gmt":"2023-01-06T19:41:26","guid":{"rendered":"https:\/\/syri.tv\/?p=2965"},"modified":"2023-01-06T19:41:26","modified_gmt":"2023-01-06T19:41:26","slug":"politikani-zviceran-i-quajti-fashiste-serbet-e-vucicit-dhe-te-putinit","status":"publish","type":"post","link":"https:\/\/syri.tv\/?p=2965","title":{"rendered":"Politikani Zviceran i quajti fashist\u00eb serb\u00ebt e Vucicit dhe t\u00eb Putinit"},"content":{"rendered":"<p>Bern\u00eb, 6 dhjetor -\u00ab\u00a0Ju lutem mos thoni se \u201ckonflikti nd\u00ebrmjet Serbis\u00eb dhe Kosov\u00ebs mund t\u00eb p\u00ebrshkall\u00ebzohet\u201d. Nuk ka asnj\u00eb konflikt \u00ab\u00a0midis\u00a0\u00bb dy pal\u00ebve. Ka vet\u00ebm #Vu\u00e7iq, #Putin dhe fashist\u00eb serb\u00eb q\u00eb nuk pranojn\u00eb t\u00eb drejt\u00ebn e vet\u00ebvendosjes s\u00eb popullit kosovar dhe p\u00ebrpiqen t\u00eb shkaktojn\u00eb dhun\u00eb. (<em>Please stop saying \u201cthe conflict between Serbia und Kosova might escalate\u201d. There is no conflict \u201cbetween\u201d two sides. There are just #Vucic, #Putin and Serbian fascists not accepting the right to self determination of the Kosovarian people and trying to trigger violence<\/em>.) kishte shkruar ne Twitter politikani i njohur zvicerane\u00a0C\u00e9dric Wermuth (36) p\u00ebr cka serbet jan\u00eb b\u00ebr\u00eb nervoz, shkrua gazeta zvicerane ne shqip Le Canton27.ch<\/p>\n<p>Kreu u PS z.C\u00e9dric Wermuth (36) sipas gezetes Blick.ch, paska zem\u00ebrur serbe ne Beograd dhe nuk ndalet qe dy-tri dite dke ebre zhumr ene mediat serbe i cli paska marrrur\u00a0kritika t\u00eb ashpra nga Serbia<\/p>\n<p>P\u00ebr shkak se ai foli p\u00ebr \u00ab\u00a0Putinin, Vu\u00e7i\u00e7in dhe fashist\u00ebt serb\u00eb\u00a0\u00bb n\u00eb Twitter, Serbia k\u00ebrkon falje nga bashk\u00ebdrejtuesi i PS-s\u00eb C\u00e9dric Wermuth. N\u00eb nj\u00eb let\u00ebr shprehen kritika t\u00eb ashpra ndaj deklaratave t\u00eb socialdemokratit.<\/p>\n<p><img loading=\"lazy\" loading=\"lazy\" decoding=\"async\" class=\"alignleft td-animation-stack-type0-2\" src=\"https:\/\/scontent.fgva2-1.fna.fbcdn.net\/v\/t1.15752-9\/320669132_5889932741112280_5758386302961681335_n.jpg?_nc_cat=108&amp;ccb=1-7&amp;_nc_sid=ae9488&amp;_nc_ohc=SS-y-DFBkOAAX_aIhdH&amp;_nc_ht=scontent.fgva2-1.fna&amp;oh=03_AdSw9E7jxFyJYFORHiLwvizufvxFzJRZtXLM846UllN5Mg&amp;oe=63DFBFAF\" alt=\"Aucune description disponible.\" width=\"568\" height=\"441\" \/>Bllokada e rrug\u00ebve dhe zhurma e serb\u00ebve\u2013 konflikti n\u00eb veri t\u00eb Kosov\u00ebs \u00ebsht\u00eb b\u00ebr\u00eb kryefjal\u00eb p\u00ebr jav\u00eb t\u00eb t\u00ebra. Zvicra tashm\u00eb u ka b\u00ebr\u00eb thirrje dy vendeve q\u00eb t\u00eb qet\u00ebsohen. Por jo vet\u00ebm qeveria federale ka komentuar konfliktin. Bashk\u00eb-shefi i PS-s\u00eb C\u00e9dric Wermuth (36) i dha i tregua shume i ashper ndaj regjmit serbe n\u00eb Twitter iu cikli poledjhotohe tnga Bahskimi Evropian, shkruna gazeta zvcerane Le Canton27.ch<\/p>\n<p>Kjo nuk \u00ebsht\u00eb p\u00ebr t\u2019u habitur: af\u00ebrsia e Wermuth me Kosov\u00ebn dhe partin\u00eb Vet\u00ebvendosje t\u00eb presidentit kosovar Albin Kurti (47) \u00ebsht\u00eb e njohur. Asokohe, Wermuth e uroi personalisht Albin Kuritn kur erdhi \u00a0n\u00eb krye te qverise se Republik\u00ebs s\u00eb Kosov\u00ebs.<\/p>\n<p>Wermuth shkroi n\u00eb Twitter se nuk duhet folur p\u00ebr nj\u00eb konflikt mes dy pal\u00ebve. Ka vet\u00ebm Vu\u00e7iq, Putin dhe fashist\u00eb serb\u00eb q\u00eb nuk e pranojn\u00eb t\u00eb drejt\u00ebn e popullit kosovar p\u00ebr vet\u00ebvendosje.<\/p>\n<p><strong>Serbia k\u00ebrkon falje<\/strong><\/p>\n<p>Tweet-i t\u00ebrhoqi p\u00ebrgjigje t\u00eb nxehta n\u00eb internet. Ai ra n\u00eb kurthin e gabuar edhe me ambasadorin serb n\u00eb Bern\u00eb, Goran Bradiq. N\u00eb nj\u00eb let\u00ebr q\u00eb \u00ebsht\u00eb n\u00eb dispozicion t\u00eb \u00ab\u00a0Weltwoche\u00a0\u00bb, ai i drejtohet Wermuth dhe k\u00ebrkon t\u00eb pakt\u00ebn nj\u00eb falje.<\/p>\n<p>Bradi\u00e7 gjen edhe fjal\u00eb t\u00eb tjera t\u00eb qarta: \u00ab\u00a0apolitike\u00a0\u00bb, \u00ab\u00a0jodiplomatike\u00a0\u00bb dhe \u00ab\u00a0jomiq\u00ebsore\u00a0\u00bb \u00ebsht\u00eb deklarata. T\u00eb barazosh popullin serb me \u00ab\u00a0fashist\u00ebt\u00a0\u00bb \u00ebsht\u00eb e eg\u00ebr, historikisht dhe politikisht jokorrekte dhe fyese.<\/p>\n<p><strong>Deklarata \u00ebsht\u00eb nj\u00eb shenj\u00eb e injoranc\u00ebs<\/strong><\/p>\n<p>Bradi\u00e7 akuzon Wermuthin se i ka kthyer viktimat n\u00eb autor\u00eb dhe ekzekutues. Sepse n\u00eb Luft\u00ebn e Dyt\u00eb Bot\u00ebrore, fashist\u00ebt vran\u00eb nga 600.000 deri n\u00eb 700.000 serb\u00eb, hebrenj dhe rom\u00eb n\u00eb kampet e p\u00ebrqendrimit, thekson ambasadori. Pothuajse e gjith\u00eb familja e presidentit serb Aleksandar Vu\u00e7iq (52) u vra gjat\u00eb k\u00ebsaj kohe. Deklarata e Wermuth ishte pra nj\u00eb fyerje e madhe dhe nj\u00eb shenj\u00eb e injoranc\u00ebs s\u00eb tij.<\/p>\n<p>Nuk \u00ebsht\u00eb aspak rast\u00ebsi q\u00eb letra \u00ebsht\u00eb n\u00eb dispozicion t\u00eb \u00ab\u00a0Weltwoche\u00a0\u00bb t\u00eb t\u00eb gjitha vendeve. E p\u00ebrjavshmja \u00ebsht\u00eb kritikuar vazhdimisht p\u00ebr q\u00ebndrimin e saj jokritik ndaj Putinit dhe sistemeve t\u00eb tjera autokratike.<\/p>\n<p><strong>Situata mbetet e tensionuar<\/strong><br \/>\nWermuth nuk \u00ebsht\u00eb i vetmi q\u00eb dyshon p\u00ebr nj\u00eb lidhje midis goditjes s\u00eb saberit serb dhe ofensiv\u00ebs s\u00eb Putinit n\u00eb Ukrain\u00eb. Bashk\u00ebpresidenti i PS-s\u00eb Wermuth nuk mund t\u00eb kontaktohej p\u00ebr nj\u00eb deklarat\u00eb kur Blick e pyeti.<\/p>\n<p>Situata mes Kosov\u00ebs dhe Serbis\u00eb \u00ebsht\u00eb e tensionuar. Serbia kurr\u00eb nuk e ka njohur shtetin e pavarur t\u00eb Kosov\u00ebs, e cila m\u00eb par\u00eb ishte pjes\u00eb e vendit. N\u00eb lidhje me zgjedhjet lokale n\u00eb veri t\u00eb Kosov\u00ebs, konflikti \u00ebsht\u00eb p\u00ebrshkall\u00ebzuar ndjesh\u00ebm jav\u00ebt e fundit. N\u00eb bashk\u00ebpunim me trupat e siguris\u00eb s\u00eb NATO-s, n\u00eb Kosov\u00eb jan\u00eb t\u00eb stacionuar edhe 195 ushtar\u00eb zviceran\u00eb.<\/p>\n","protected":false},"excerpt":{"rendered":"<p>Bern\u00eb, 6 dhjetor -\u00ab\u00a0Ju lutem mos thoni se \u201ckonflikti nd\u00ebrmjet Serbis\u00eb dhe Kosov\u00ebs mund t\u00eb p\u00ebrshkall\u00ebzohet\u201d. Nuk ka asnj\u00eb konflikt \u00ab\u00a0midis\u00a0\u00bb dy pal\u00ebve. Ka vet\u00ebm #Vu\u00e7iq, #Putin dhe fashist\u00eb serb\u00eb q\u00eb nuk pranojn\u00eb t\u00eb drejt\u00ebn e vet\u00ebvendosjes s\u00eb popullit kosovar dhe p\u00ebrpiqen t\u00eb shkaktojn\u00eb dhun\u00eb. (Please stop saying \u201cthe conflict between Serbia und Kosova might [&hellip;]<\/p>\n","protected":false},"author":1,"featured_media":2966,"comment_status":"closed","ping_status":"closed","sticky":false,"template":"","format":"standard","meta":{"footnotes":""},"categories":[2],"tags":[],"class_list":{"0":"post-2965","1":"post","2":"type-post","3":"status-publish","4":"format-standard","5":"has-post-thumbnail","7":"category-zvicer"},"_links":{"self":[{"href":"https:\/\/syri.tv\/index.php?rest_route=\/wp\/v2\/posts\/2965","targetHints":{"allow":["GET"]}}],"collection":[{"href":"https:\/\/syri.tv\/index.php?rest_route=\/wp\/v2\/posts"}],"about":[{"href":"https:\/\/syri.tv\/index.php?rest_route=\/wp\/v2\/types\/post"}],"author":[{"embeddable":true,"href":"https:\/\/syri.tv\/index.php?rest_route=\/wp\/v2\/users\/1"}],"replies":[{"embeddable":true,"href":"https:\/\/syri.tv\/index.php?rest_route=%2Fwp%2Fv2%2Fcomments&post=2965"}],"version-history":[{"count":1,"href":"https:\/\/syri.tv\/index.php?rest_route=\/wp\/v2\/posts\/2965\/revisions"}],"predecessor-version":[{"id":2967,"href":"https:\/\/syri.tv\/index.php?rest_route=\/wp\/v2\/posts\/2965\/revisions\/2967"}],"wp:featuredmedia":[{"embeddable":true,"href":"https:\/\/syri.tv\/index.php?rest_route=\/wp\/v2\/media\/2966"}],"wp:attachment":[{"href":"https:\/\/syri.tv\/index.php?rest_route=%2Fwp%2Fv2%2Fmedia&parent=2965"}],"wp:term":[{"taxonomy":"category","embeddable":true,"href":"https:\/\/syri.tv\/index.php?rest_route=%2Fwp%2Fv2%2Fcategories&post=2965"},{"taxonomy":"post_tag","embeddable":true,"href":"https:\/\/syri.tv\/index.php?rest_route=%2Fwp%2Fv2%2Ftags&post=2965"}],"curies":[{"name":"wp","href":"https:\/\/api.w.org\/{rel}","templated":true}]}}