{"id":2954,"date":"2023-01-01T10:42:42","date_gmt":"2023-01-01T10:42:42","guid":{"rendered":"https:\/\/syri.tv\/?p=2954"},"modified":"2023-01-01T10:42:42","modified_gmt":"2023-01-01T10:42:42","slug":"kroacia-hyn-ne-eurozone-dhe-schengen","status":"publish","type":"post","link":"https:\/\/syri.tv\/?p=2954","title":{"rendered":"Kroacia hyn n\u00eb Eurozon\u00eb dhe Schengen"},"content":{"rendered":"<p><strong>Kroacia m\u00eb 1 janar ndryshoi monedh\u00ebn e saj n\u00eb euro dhe zyrtarisht hyri n\u00eb zon\u00ebn pa viza t\u00eb Evrop\u00ebs, Schengen \u2013 dy ngjarje t\u00eb r\u00ebnd\u00ebsishme p\u00ebr k\u00ebt\u00eb shtet q\u00eb \u00ebsht\u00eb an\u00ebtar\u00ebsuar n\u00eb Bashkimin Evropian pothuajse nj\u00eb dekad\u00eb m\u00eb par\u00eb.<\/strong><\/p>\n<p>N\u00eb mesnat\u00eb, ky shtet ballkanik ndryshoi monedh\u00ebn nga kuna n\u00eb euro dhe u b\u00eb an\u00ebtari i 20-t\u00eb i Eurozon\u00ebs.<\/p>\n<p>Po ashtu, Kroacia u b\u00eb shteti i 27-t\u00eb q\u00eb hyri n\u00eb zon\u00ebn e udh\u00ebtimit pa pasaporta, Schengen, zon\u00eb q\u00eb mund\u00ebson l\u00ebvizjen e lir\u00eb mes shteteve an\u00ebtare t\u00eb mbi 400 milion\u00eb banor\u00ebve.<\/p>\n<p>Presidentja e Komisionit Evropian, Ursula von der Leyen, do t\u00eb vizitoj\u00eb m\u00eb von\u00eb gjat\u00eb t\u00eb diel\u00ebs Kroacin\u00eb p\u00ebr t\u00eb sh\u00ebnuar k\u00ebto arritje.<\/p>\n<p>Ekspert\u00ebt than\u00eb th\u00ebn\u00eb se p\u00ebrdorimi i euros do t\u2019i ndihmoj\u00eb Kroacis\u00eb q\u00eb t\u00eb ruaj\u00eb ekonomin\u00eb n\u00eb koh\u00ebn kur inflacioni \u00ebsht\u00eb rritur n\u00eb mbar\u00eb bot\u00ebn pas pushtimit rus t\u00eb Ukrain\u00ebs, q\u00eb ka rritur \u00e7mimet e ushqimit dhe karburanteve.<\/p>\n<p>Niveli i inflacionit n\u00eb Kroaci n\u00eb n\u00ebntor arriti n\u00eb 13.5 p\u00ebr qind, q\u00eb \u00ebsht\u00eb nivel m\u00eb i lart\u00eb krahasuar me 10 p\u00ebr qind inflacion n\u00eb Eurozon\u00eb.<\/p>\n<p>Por, kroat\u00ebt kan\u00eb ndjenja t\u00eb p\u00ebrziera kalimit n\u00eb euro. P\u00ebrderisa ata mir\u00ebpresin futjen n\u00eb zon\u00ebn Schengen, shum\u00eb t\u00eb tjer\u00eb jan\u00eb t\u00eb shqet\u00ebsuar se kalimi n\u00eb euro do t\u00eb \u00e7oj\u00eb n\u00eb rritje t\u00eb \u00e7mimeve.<\/p>\n<p>\u201cDo t\u00eb qajm\u00eb p\u00ebr kun\u00ebn ton\u00eb, \u00e7mimet do t\u00eb rriten\u201d, tha p\u00ebr AFP-n\u00eb, Drazen Golemac, nj\u00eb pensionist nga Zagrebi.<\/p>\n<p>Megjithat\u00eb, p\u00ebrdorimi i euros ve\u00e7se \u00ebsht\u00eb i p\u00ebrhapur n\u00eb Kroaci, teksa rreth 80 p\u00ebr qind e depozitave bankare jan\u00eb n\u00eb euro.<\/p>\n<p>Zyrtar\u00ebt kan\u00eb mbrojtur vendimin q\u00eb t\u2019i bashkohen Eurozon\u00ebs dhe Schengenit, me kryeministrin kroat, Andrej Pllenkoviq, q\u00eb tha m\u00eb her\u00ebt gjat\u00eb k\u00ebsaj jave se k\u00ebto jan\u00eb \u201cdy q\u00ebllime strategjike p\u00ebr integrim m\u00eb t\u00eb thell\u00eb evropian\u201d.<\/p>\n<p>Kroacia, ish-republik\u00eb jugosllave, me 3.9 milion\u00eb banor\u00eb, u an\u00ebtar\u00ebsua n\u00eb BE m\u00eb 2013. \/Rel\/<\/p>\n","protected":false},"excerpt":{"rendered":"<p>Kroacia m\u00eb 1 janar ndryshoi monedh\u00ebn e saj n\u00eb euro dhe zyrtarisht hyri n\u00eb zon\u00ebn pa viza t\u00eb Evrop\u00ebs, Schengen \u2013 dy ngjarje t\u00eb r\u00ebnd\u00ebsishme p\u00ebr k\u00ebt\u00eb shtet q\u00eb \u00ebsht\u00eb an\u00ebtar\u00ebsuar n\u00eb Bashkimin Evropian pothuajse nj\u00eb dekad\u00eb m\u00eb par\u00eb. N\u00eb mesnat\u00eb, ky shtet ballkanik ndryshoi monedh\u00ebn nga kuna n\u00eb euro dhe u b\u00eb an\u00ebtari i [&hellip;]<\/p>\n","protected":false},"author":1,"featured_media":2955,"comment_status":"closed","ping_status":"closed","sticky":false,"template":"","format":"standard","meta":{"footnotes":""},"categories":[105],"tags":[],"class_list":{"0":"post-2954","1":"post","2":"type-post","3":"status-publish","4":"format-standard","5":"has-post-thumbnail","7":"category-europa"},"_links":{"self":[{"href":"https:\/\/syri.tv\/index.php?rest_route=\/wp\/v2\/posts\/2954","targetHints":{"allow":["GET"]}}],"collection":[{"href":"https:\/\/syri.tv\/index.php?rest_route=\/wp\/v2\/posts"}],"about":[{"href":"https:\/\/syri.tv\/index.php?rest_route=\/wp\/v2\/types\/post"}],"author":[{"embeddable":true,"href":"https:\/\/syri.tv\/index.php?rest_route=\/wp\/v2\/users\/1"}],"replies":[{"embeddable":true,"href":"https:\/\/syri.tv\/index.php?rest_route=%2Fwp%2Fv2%2Fcomments&post=2954"}],"version-history":[{"count":1,"href":"https:\/\/syri.tv\/index.php?rest_route=\/wp\/v2\/posts\/2954\/revisions"}],"predecessor-version":[{"id":2956,"href":"https:\/\/syri.tv\/index.php?rest_route=\/wp\/v2\/posts\/2954\/revisions\/2956"}],"wp:featuredmedia":[{"embeddable":true,"href":"https:\/\/syri.tv\/index.php?rest_route=\/wp\/v2\/media\/2955"}],"wp:attachment":[{"href":"https:\/\/syri.tv\/index.php?rest_route=%2Fwp%2Fv2%2Fmedia&parent=2954"}],"wp:term":[{"taxonomy":"category","embeddable":true,"href":"https:\/\/syri.tv\/index.php?rest_route=%2Fwp%2Fv2%2Fcategories&post=2954"},{"taxonomy":"post_tag","embeddable":true,"href":"https:\/\/syri.tv\/index.php?rest_route=%2Fwp%2Fv2%2Ftags&post=2954"}],"curies":[{"name":"wp","href":"https:\/\/api.w.org\/{rel}","templated":true}]}}