{"id":2934,"date":"2022-12-24T23:53:27","date_gmt":"2022-12-24T23:53:27","guid":{"rendered":"https:\/\/syri.tv\/?p=2934"},"modified":"2022-12-24T23:53:27","modified_gmt":"2022-12-24T23:53:27","slug":"vedat-muriqi-per-here-te-dyte-shpallet-futbollist-i-vitit","status":"publish","type":"post","link":"https:\/\/syri.tv\/?p=2934","title":{"rendered":"Vedat Muriqi p\u00ebr her\u00eb t\u00eb dyt\u00eb shpallet futbollist i vitit"},"content":{"rendered":"<p><strong>Federata e Futbollit t\u00eb Kosov\u00ebs sot zhvilloi ceremonin\u00eb Laureat\u00ebt e vitit 2022 <\/strong>n\u00eb ambientet e \u2018Klan Arena\u2019 u zhvilluat ceremonia tradicionale e FFK-s\u00eb \u201cLaureat\u00ebt e Vitit 2022\u201d, ku u shpallen m\u00eb t\u00eb dalluarit e vitit q\u00eb po e l\u00ebm\u00eb pas.<\/p>\n<p><strong>Vedat Muriqi p\u00ebr her\u00eb t\u00eb dyt\u00eb shpallet futbollist i vitit, fiton \u00e7mimin \u201cFadil Vokrri\u201d\u00a0<\/strong><\/p>\n<p><img loading=\"lazy\" loading=\"lazy\" decoding=\"async\" class=\"alignnone size-medium wp-image-2944\" src=\"https:\/\/syri.tv\/wp-content\/uploads\/2022\/12\/AQ4I3403-2048x1365-2-300x200.jpg\" alt=\"\" width=\"300\" height=\"200\" srcset=\"https:\/\/syri.tv\/wp-content\/uploads\/2022\/12\/AQ4I3403-2048x1365-2-300x200.jpg 300w, https:\/\/syri.tv\/wp-content\/uploads\/2022\/12\/AQ4I3403-2048x1365-2-1024x683.jpg 1024w, https:\/\/syri.tv\/wp-content\/uploads\/2022\/12\/AQ4I3403-2048x1365-2-768x512.jpg 768w, https:\/\/syri.tv\/wp-content\/uploads\/2022\/12\/AQ4I3403-2048x1365-2-1536x1024.jpg 1536w, https:\/\/syri.tv\/wp-content\/uploads\/2022\/12\/AQ4I3403-2048x1365-2-330x220.jpg 330w, https:\/\/syri.tv\/wp-content\/uploads\/2022\/12\/AQ4I3403-2048x1365-2-420x280.jpg 420w, https:\/\/syri.tv\/wp-content\/uploads\/2022\/12\/AQ4I3403-2048x1365-2-615x410.jpg 615w, https:\/\/syri.tv\/wp-content\/uploads\/2022\/12\/AQ4I3403-2048x1365-2-860x573.jpg 860w, https:\/\/syri.tv\/wp-content\/uploads\/2022\/12\/AQ4I3403-2048x1365-2.jpg 2048w\" sizes=\"auto, (max-width: 300px) 100vw, 300px\" \/> <img loading=\"lazy\" loading=\"lazy\" decoding=\"async\" class=\"alignnone size-medium wp-image-2938\" src=\"https:\/\/syri.tv\/wp-content\/uploads\/2022\/12\/3-300x200.jpg\" alt=\"\" width=\"300\" height=\"200\" srcset=\"https:\/\/syri.tv\/wp-content\/uploads\/2022\/12\/3-300x200.jpg 300w, https:\/\/syri.tv\/wp-content\/uploads\/2022\/12\/3-1024x683.jpg 1024w, https:\/\/syri.tv\/wp-content\/uploads\/2022\/12\/3-768x512.jpg 768w, https:\/\/syri.tv\/wp-content\/uploads\/2022\/12\/3-1536x1024.jpg 1536w, https:\/\/syri.tv\/wp-content\/uploads\/2022\/12\/3-330x220.jpg 330w, https:\/\/syri.tv\/wp-content\/uploads\/2022\/12\/3-420x280.jpg 420w, https:\/\/syri.tv\/wp-content\/uploads\/2022\/12\/3-615x410.jpg 615w, https:\/\/syri.tv\/wp-content\/uploads\/2022\/12\/3-860x573.jpg 860w, https:\/\/syri.tv\/wp-content\/uploads\/2022\/12\/3.jpg 2048w\" sizes=\"auto, (max-width: 300px) 100vw, 300px\" \/> <img loading=\"lazy\" loading=\"lazy\" decoding=\"async\" class=\"alignnone size-medium wp-image-2942\" src=\"https:\/\/syri.tv\/wp-content\/uploads\/2022\/12\/AQ4I3622-2048x1365-1-300x200.jpg\" alt=\"\" width=\"300\" height=\"200\" srcset=\"https:\/\/syri.tv\/wp-content\/uploads\/2022\/12\/AQ4I3622-2048x1365-1-300x200.jpg 300w, https:\/\/syri.tv\/wp-content\/uploads\/2022\/12\/AQ4I3622-2048x1365-1-1024x683.jpg 1024w, https:\/\/syri.tv\/wp-content\/uploads\/2022\/12\/AQ4I3622-2048x1365-1-768x512.jpg 768w, https:\/\/syri.tv\/wp-content\/uploads\/2022\/12\/AQ4I3622-2048x1365-1-1536x1024.jpg 1536w, https:\/\/syri.tv\/wp-content\/uploads\/2022\/12\/AQ4I3622-2048x1365-1-330x220.jpg 330w, https:\/\/syri.tv\/wp-content\/uploads\/2022\/12\/AQ4I3622-2048x1365-1-420x280.jpg 420w, https:\/\/syri.tv\/wp-content\/uploads\/2022\/12\/AQ4I3622-2048x1365-1-615x410.jpg 615w, https:\/\/syri.tv\/wp-content\/uploads\/2022\/12\/AQ4I3622-2048x1365-1-860x573.jpg 860w, https:\/\/syri.tv\/wp-content\/uploads\/2022\/12\/AQ4I3622-2048x1365-1.jpg 2048w\" sizes=\"auto, (max-width: 300px) 100vw, 300px\" \/><\/p>\n<p>Sot me 24 dhjetor, 2022 \u2013 Sulmuesi i Komb\u00ebtares s\u00eb Kosov\u00ebs dhe i skuadr\u00ebs spanjolle, Mallorca, Vedat Muriqi \u00ebsht\u00eb shpallur futbollisti m\u00eb i mir\u00eb i vitit 2022. N\u00eb ceremonin\u00eb tradicionale t\u00eb Federat\u00ebs s\u00eb Futbollit t\u00eb Kosov\u00ebs, e cila u mbajt, t\u00eb shtun\u00ebn, n\u00eb \u201cKlan Arena\u201d, n\u00eb nj\u00eb atmosfer\u00eb madh\u00ebshtore dhe me pranin\u00eb e mysafir\u00ebve t\u00eb shumt\u00eb, \u00e7mimin kryesor \u201cFadil Vokrri\u201d n\u00eb munges\u00eb t\u00eb Muriqit, i cili \u00ebsht\u00eb i angazhuar me skuadr\u00ebn e tij, e pranoi drejtori i Komb\u00ebtares, Muharrem Sahiti, derisa at\u00eb e dor\u00ebzuan bashk\u00ebrisht presidenti Agim Ademi dhe kryetari i kryeqytetit, P\u00ebrparim Rama shkruan portali i FFK.<\/p>\n<p>Pjes\u00eb e k\u00ebtij eventi ishin edhe Daulina Osmani, zv\/ministre e Sportit, presidenti i FSHF-s\u00eb, nj\u00ebher\u00ebsh an\u00ebtar i KE t\u00eb UEFA-s, Armand Duka dhe presidenti i KOK-ut, Ismet Krasniqi, derisa k\u00ebt\u00eb event me nga nj\u00eb telegram e p\u00ebrsh\u00ebndet\u00ebn i pari i FIFA-s, Gianni Infantino dhe ai i UEFA-s, Aleksand\u00ebr \u00c7eferin.<\/p>\n<p><img loading=\"lazy\" loading=\"lazy\" decoding=\"async\" class=\"alignnone  wp-image-2949\" src=\"https:\/\/syri.tv\/wp-content\/uploads\/2022\/12\/6-300x143.png\" alt=\"\" width=\"319\" height=\"152\" srcset=\"https:\/\/syri.tv\/wp-content\/uploads\/2022\/12\/6-300x143.png 300w, https:\/\/syri.tv\/wp-content\/uploads\/2022\/12\/6-1024x489.png 1024w, https:\/\/syri.tv\/wp-content\/uploads\/2022\/12\/6-768x367.png 768w, https:\/\/syri.tv\/wp-content\/uploads\/2022\/12\/6-860x410.png 860w, https:\/\/syri.tv\/wp-content\/uploads\/2022\/12\/6.png 1318w\" sizes=\"auto, (max-width: 319px) 100vw, 319px\" \/> <img loading=\"lazy\" loading=\"lazy\" decoding=\"async\" class=\"alignnone size-medium wp-image-2937\" src=\"https:\/\/syri.tv\/wp-content\/uploads\/2022\/12\/2-300x153.png\" alt=\"\" width=\"300\" height=\"153\" srcset=\"https:\/\/syri.tv\/wp-content\/uploads\/2022\/12\/2-300x153.png 300w, https:\/\/syri.tv\/wp-content\/uploads\/2022\/12\/2-1024x521.png 1024w, https:\/\/syri.tv\/wp-content\/uploads\/2022\/12\/2-768x391.png 768w, https:\/\/syri.tv\/wp-content\/uploads\/2022\/12\/2-860x438.png 860w, https:\/\/syri.tv\/wp-content\/uploads\/2022\/12\/2.png 1200w\" sizes=\"auto, (max-width: 300px) 100vw, 300px\" \/> <img loading=\"lazy\" loading=\"lazy\" decoding=\"async\" class=\"alignnone  wp-image-2944\" src=\"https:\/\/syri.tv\/wp-content\/uploads\/2022\/12\/AQ4I3403-2048x1365-2-300x200.jpg\" alt=\"\" width=\"231\" height=\"154\" srcset=\"https:\/\/syri.tv\/wp-content\/uploads\/2022\/12\/AQ4I3403-2048x1365-2-300x200.jpg 300w, https:\/\/syri.tv\/wp-content\/uploads\/2022\/12\/AQ4I3403-2048x1365-2-1024x683.jpg 1024w, https:\/\/syri.tv\/wp-content\/uploads\/2022\/12\/AQ4I3403-2048x1365-2-768x512.jpg 768w, https:\/\/syri.tv\/wp-content\/uploads\/2022\/12\/AQ4I3403-2048x1365-2-1536x1024.jpg 1536w, https:\/\/syri.tv\/wp-content\/uploads\/2022\/12\/AQ4I3403-2048x1365-2-330x220.jpg 330w, https:\/\/syri.tv\/wp-content\/uploads\/2022\/12\/AQ4I3403-2048x1365-2-420x280.jpg 420w, https:\/\/syri.tv\/wp-content\/uploads\/2022\/12\/AQ4I3403-2048x1365-2-615x410.jpg 615w, https:\/\/syri.tv\/wp-content\/uploads\/2022\/12\/AQ4I3403-2048x1365-2-860x573.jpg 860w, https:\/\/syri.tv\/wp-content\/uploads\/2022\/12\/AQ4I3403-2048x1365-2.jpg 2048w\" sizes=\"auto, (max-width: 231px) 100vw, 231px\" \/><\/p>\n<p>P\u00ebr Muriqin ky \u00ebsht\u00eb \u00e7mimi i dyt\u00eb i futbollistit t\u00eb vitit nga FFK, ngase her\u00ebn e par\u00eb e kishte fituar n\u00eb vitin 2019. \u201cJu uroj festat e fund vitit. Jam i lumtur dhe krenar p\u00ebr k\u00ebt\u00eb \u00e7mim.<\/p>\n<p>Fal\u00ebnderoj bashke lojtar\u00ebt e Komb\u00ebtares. Jam i sigurt se do t\u00eb m\u00eb p\u00ebrkrahni deri n\u00eb fund t\u00eb karrier\u00ebs. \u00cbsht\u00eb hera e dyt\u00eb q\u00eb po zgjidhem si m\u00eb i miri.<\/p>\n<p>Shpresoj q\u00eb viti 2023 t\u00eb jet\u00eb viti i Kosov\u00ebs dhe t\u00eb arrijm\u00eb majat, si n\u00eb aspektin ekipor me Kosov\u00ebn, por edhe n\u00eb aspektin individual\u201d, ka th\u00ebn\u00eb Muriqi n\u00ebp\u00ebrmjet nj\u00eb video mesazhi.<\/p>\n<p>Nd\u00ebrkaq, epiteti i futbollistit m\u00eb t\u00eb mir\u00eb 2022 n\u00eb Super lig\u00eb i takoi an\u00ebtarit t\u00eb FC Ballkani, Armend Thaqi.<\/p>\n<p>N\u00eb 11-shen m\u00eb t\u00eb mir\u00eb t\u00eb Super lig\u00ebs u zgjodh\u00ebn: Enea Koliqi, Armend Thaqi, Lumbardh Dellova, Astrit Thaqi, Ardian Limani, Ermal Krasniqi, Lindon Em\u00ebrllahu, Ilir Krasniqi, Endrit Krasniqi, Albion Rrahmani, Marko Simonovski.<\/p>\n<p>Ky i fundit e fitoi edhe \u00e7mimin e golash\u00ebnuesit m\u00eb t\u00eb mir\u00eb t\u00eb vitit. Futbollistja m\u00eb e mir\u00eb e vitit u shpall Lumbardha Misini, derisa shpresa Aurora Racaj. Lojtari m\u00eb i mir\u00eb n\u00eb futsall ishte Dardan Topilla. \u00c7mimi i klubit m\u00eb t\u00eb mir\u00eb t\u00eb vitit i takoi FC Ballkani, \u00e7mimi \u2018Fair-Play\u2019, FC Ferizaj, \u00e7mimin e klubit m\u00eb t\u00eb mir\u00eb t\u00eb vitit tek femrat i takoi KFF EP Hajvalia, derisa n\u00eb fut sall klubi m\u00eb i mir\u00eb u shpall FC Liqeni. Epiteti i trajnerit m\u00eb t\u00eb mir\u00eb i takoi Ilir Daj\u00ebs, derisa gjyqtari m\u00eb i mir\u00eb p\u00ebr her\u00eb t\u00eb shtat\u00eb u shpall Genc Nuza.<\/p>\n<p><img loading=\"lazy\" loading=\"lazy\" decoding=\"async\" class=\"alignnone size-medium wp-image-2940\" src=\"https:\/\/syri.tv\/wp-content\/uploads\/2022\/12\/3a-300x225.jpg\" alt=\"\" width=\"300\" height=\"225\" srcset=\"https:\/\/syri.tv\/wp-content\/uploads\/2022\/12\/3a-300x225.jpg 300w, https:\/\/syri.tv\/wp-content\/uploads\/2022\/12\/3a-1024x768.jpg 1024w, https:\/\/syri.tv\/wp-content\/uploads\/2022\/12\/3a-768x576.jpg 768w, https:\/\/syri.tv\/wp-content\/uploads\/2022\/12\/3a-1536x1152.jpg 1536w, https:\/\/syri.tv\/wp-content\/uploads\/2022\/12\/3a-860x645.jpg 860w, https:\/\/syri.tv\/wp-content\/uploads\/2022\/12\/3a.jpg 2048w\" sizes=\"auto, (max-width: 300px) 100vw, 300px\" \/> <img loading=\"lazy\" loading=\"lazy\" decoding=\"async\" class=\"alignnone size-medium wp-image-2941\" src=\"https:\/\/syri.tv\/wp-content\/uploads\/2022\/12\/4-300x225.jpg\" alt=\"\" width=\"300\" height=\"225\" srcset=\"https:\/\/syri.tv\/wp-content\/uploads\/2022\/12\/4-300x225.jpg 300w, https:\/\/syri.tv\/wp-content\/uploads\/2022\/12\/4-1024x768.jpg 1024w, https:\/\/syri.tv\/wp-content\/uploads\/2022\/12\/4-768x576.jpg 768w, https:\/\/syri.tv\/wp-content\/uploads\/2022\/12\/4-1536x1152.jpg 1536w, https:\/\/syri.tv\/wp-content\/uploads\/2022\/12\/4-860x645.jpg 860w, https:\/\/syri.tv\/wp-content\/uploads\/2022\/12\/4.jpg 2048w\" sizes=\"auto, (max-width: 300px) 100vw, 300px\" \/> <img loading=\"lazy\" loading=\"lazy\" decoding=\"async\" class=\"alignnone size-medium wp-image-2945\" src=\"https:\/\/syri.tv\/wp-content\/uploads\/2022\/12\/WhatsApp-Image-2022-12-24-at-19.01.17-169x300.jpeg\" alt=\"\" width=\"169\" height=\"300\" srcset=\"https:\/\/syri.tv\/wp-content\/uploads\/2022\/12\/WhatsApp-Image-2022-12-24-at-19.01.17-169x300.jpeg 169w, https:\/\/syri.tv\/wp-content\/uploads\/2022\/12\/WhatsApp-Image-2022-12-24-at-19.01.17-576x1024.jpeg 576w, https:\/\/syri.tv\/wp-content\/uploads\/2022\/12\/WhatsApp-Image-2022-12-24-at-19.01.17-768x1365.jpeg 768w, https:\/\/syri.tv\/wp-content\/uploads\/2022\/12\/WhatsApp-Image-2022-12-24-at-19.01.17-864x1536.jpeg 864w, https:\/\/syri.tv\/wp-content\/uploads\/2022\/12\/WhatsApp-Image-2022-12-24-at-19.01.17-860x1529.jpeg 860w, https:\/\/syri.tv\/wp-content\/uploads\/2022\/12\/WhatsApp-Image-2022-12-24-at-19.01.17.jpeg 1152w\" sizes=\"auto, (max-width: 169px) 100vw, 169px\" \/><\/p>\n<p>FFK dhe kryetari Z. Agim Ademi vler\u00ebsuan tej mase angazhimin e UKSHFZ me kryetar Feti Demoli dhe kryesin e Unionit.<\/p>\n<p>FFK dhe \u00e7mimi i linj\u00ebs nga m\u00ebrgata u drejtp\u00ebrdrejt\u00eb ju dor\u00ebzua para t\u00eb gjith\u00eb t\u00eb pranishm\u00ebve kryetarit t\u00eb UKSHFZ z.Feti Demoli.<\/p>\n<p>Kryetari i UKSHFZ z.Feti Demoli fal\u00ebnderoi FFK dhe kryetarin Agim Ademi p\u00ebr mb\u00ebshtetjen dhe besimin ndaj tij p\u00ebr ur\u00eb lidhjen e klubeve t\u00eb futbollit shqiptareve dhe talenteve t\u00eb rinj shqiptar n\u00eb Zvic\u00ebr.<\/p>\n<p><img loading=\"lazy\" loading=\"lazy\" decoding=\"async\" class=\"alignnone size-medium wp-image-2946\" src=\"https:\/\/syri.tv\/wp-content\/uploads\/2022\/12\/WhatsApp-Image-2022-12-24-at-19.01.29-225x300.jpeg\" alt=\"\" width=\"225\" height=\"300\" srcset=\"https:\/\/syri.tv\/wp-content\/uploads\/2022\/12\/WhatsApp-Image-2022-12-24-at-19.01.29-225x300.jpeg 225w, https:\/\/syri.tv\/wp-content\/uploads\/2022\/12\/WhatsApp-Image-2022-12-24-at-19.01.29-768x1024.jpeg 768w, https:\/\/syri.tv\/wp-content\/uploads\/2022\/12\/WhatsApp-Image-2022-12-24-at-19.01.29-1152x1536.jpeg 1152w, https:\/\/syri.tv\/wp-content\/uploads\/2022\/12\/WhatsApp-Image-2022-12-24-at-19.01.29-860x1147.jpeg 860w, https:\/\/syri.tv\/wp-content\/uploads\/2022\/12\/WhatsApp-Image-2022-12-24-at-19.01.29.jpeg 1536w\" sizes=\"auto, (max-width: 225px) 100vw, 225px\" \/> <img loading=\"lazy\" loading=\"lazy\" decoding=\"async\" class=\"alignnone size-medium wp-image-2947\" src=\"https:\/\/syri.tv\/wp-content\/uploads\/2022\/12\/ffk6-225x300.jpg\" alt=\"\" width=\"225\" height=\"300\" srcset=\"https:\/\/syri.tv\/wp-content\/uploads\/2022\/12\/ffk6-225x300.jpg 225w, https:\/\/syri.tv\/wp-content\/uploads\/2022\/12\/ffk6-768x1024.jpg 768w, https:\/\/syri.tv\/wp-content\/uploads\/2022\/12\/ffk6-1152x1536.jpg 1152w, https:\/\/syri.tv\/wp-content\/uploads\/2022\/12\/ffk6-860x1147.jpg 860w, https:\/\/syri.tv\/wp-content\/uploads\/2022\/12\/ffk6.jpg 1536w\" sizes=\"auto, (max-width: 225px) 100vw, 225px\" \/> <img loading=\"lazy\" loading=\"lazy\" decoding=\"async\" class=\"alignnone size-medium wp-image-2943\" src=\"https:\/\/syri.tv\/wp-content\/uploads\/2022\/12\/ffk8-225x300.jpg\" alt=\"\" width=\"225\" height=\"300\" srcset=\"https:\/\/syri.tv\/wp-content\/uploads\/2022\/12\/ffk8-225x300.jpg 225w, https:\/\/syri.tv\/wp-content\/uploads\/2022\/12\/ffk8-768x1024.jpg 768w, https:\/\/syri.tv\/wp-content\/uploads\/2022\/12\/ffk8-1152x1536.jpg 1152w, https:\/\/syri.tv\/wp-content\/uploads\/2022\/12\/ffk8-860x1147.jpg 860w, https:\/\/syri.tv\/wp-content\/uploads\/2022\/12\/ffk8.jpg 1536w\" sizes=\"auto, (max-width: 225px) 100vw, 225px\" \/> <img loading=\"lazy\" loading=\"lazy\" decoding=\"async\" class=\"alignnone size-medium wp-image-2948\" src=\"https:\/\/syri.tv\/wp-content\/uploads\/2022\/12\/ffk88-225x300.jpg\" alt=\"\" width=\"225\" height=\"300\" srcset=\"https:\/\/syri.tv\/wp-content\/uploads\/2022\/12\/ffk88-225x300.jpg 225w, https:\/\/syri.tv\/wp-content\/uploads\/2022\/12\/ffk88.jpg 768w\" sizes=\"auto, (max-width: 225px) 100vw, 225px\" \/><\/p>\n<p>Me mir\u00ebnjohje t\u00eb ve\u00e7anta u nderuan MKRS, Policia e Kosov\u00ebs, UEFA, FSHF, FFM, FFSHF dhe UKSHF, si dhe sponsor\u00ebt e FFK-s\u00eb.<\/p>\n","protected":false},"excerpt":{"rendered":"<p>Federata e Futbollit t\u00eb Kosov\u00ebs sot zhvilloi ceremonin\u00eb Laureat\u00ebt e vitit 2022 n\u00eb ambientet e \u2018Klan Arena\u2019 u zhvilluat ceremonia tradicionale e FFK-s\u00eb \u201cLaureat\u00ebt e Vitit 2022\u201d, ku u shpallen m\u00eb t\u00eb dalluarit e vitit q\u00eb po e l\u00ebm\u00eb pas. Vedat Muriqi p\u00ebr her\u00eb t\u00eb dyt\u00eb shpallet futbollist i vitit, fiton \u00e7mimin \u201cFadil Vokrri\u201d\u00a0 Sot [&hellip;]<\/p>\n","protected":false},"author":1,"featured_media":2935,"comment_status":"closed","ping_status":"closed","sticky":false,"template":"","format":"standard","meta":{"footnotes":""},"categories":[106],"tags":[],"class_list":{"0":"post-2934","1":"post","2":"type-post","3":"status-publish","4":"format-standard","5":"has-post-thumbnail","7":"category-sport"},"_links":{"self":[{"href":"https:\/\/syri.tv\/index.php?rest_route=\/wp\/v2\/posts\/2934","targetHints":{"allow":["GET"]}}],"collection":[{"href":"https:\/\/syri.tv\/index.php?rest_route=\/wp\/v2\/posts"}],"about":[{"href":"https:\/\/syri.tv\/index.php?rest_route=\/wp\/v2\/types\/post"}],"author":[{"embeddable":true,"href":"https:\/\/syri.tv\/index.php?rest_route=\/wp\/v2\/users\/1"}],"replies":[{"embeddable":true,"href":"https:\/\/syri.tv\/index.php?rest_route=%2Fwp%2Fv2%2Fcomments&post=2934"}],"version-history":[{"count":1,"href":"https:\/\/syri.tv\/index.php?rest_route=\/wp\/v2\/posts\/2934\/revisions"}],"predecessor-version":[{"id":2950,"href":"https:\/\/syri.tv\/index.php?rest_route=\/wp\/v2\/posts\/2934\/revisions\/2950"}],"wp:featuredmedia":[{"embeddable":true,"href":"https:\/\/syri.tv\/index.php?rest_route=\/wp\/v2\/media\/2935"}],"wp:attachment":[{"href":"https:\/\/syri.tv\/index.php?rest_route=%2Fwp%2Fv2%2Fmedia&parent=2934"}],"wp:term":[{"taxonomy":"category","embeddable":true,"href":"https:\/\/syri.tv\/index.php?rest_route=%2Fwp%2Fv2%2Fcategories&post=2934"},{"taxonomy":"post_tag","embeddable":true,"href":"https:\/\/syri.tv\/index.php?rest_route=%2Fwp%2Fv2%2Ftags&post=2934"}],"curies":[{"name":"wp","href":"https:\/\/api.w.org\/{rel}","templated":true}]}}