{"id":2921,"date":"2022-12-02T23:16:24","date_gmt":"2022-12-02T23:16:24","guid":{"rendered":"https:\/\/syri.tv\/?p=2921"},"modified":"2022-12-02T23:32:57","modified_gmt":"2022-12-02T23:32:57","slug":"ambasada-e-republikes-se-kosoves-ne-zvicer-ne-prani-te-shume-bashkatdhetareve-feston-28-nentorin-diten-e-flamurit","status":"publish","type":"post","link":"https:\/\/syri.tv\/?p=2921","title":{"rendered":"Ambasada e Republik\u00ebs s\u00eb Kosov\u00ebs n\u00eb Zvic\u00ebr n\u00eb prani t\u00eb shum\u00eb bashkatdhetar\u00ebve feston 28 N\u00ebntorin  Dit\u00ebn e Flamurit"},"content":{"rendered":"<p>Me rastin e 28 N\u00ebntorit &#8211; Dit\u00ebs s\u00eb Flamurit\u200b sot me 2 dhjetor 2022,<\/p>\n<p>Ambasada\u00a0e\u00a0Republik\u00ebs\u00a0s\u00eb\u00a0Kosov\u00ebs\u00a0n\u00eb\u00a0Bern\u00eb\u00a0n\u00eb prani t\u00eb shum\u00eb bashkatdhetar\u00ebve n\u00eb Zvic\u00ebr organizoi ekspozit\u00eb me fotografi nga artisti Arian Mavriqi.<\/p>\n<p><img loading=\"lazy\" loading=\"lazy\" decoding=\"async\" class=\"alignnone size-medium wp-image-2925\" src=\"https:\/\/syri.tv\/wp-content\/uploads\/2022\/12\/WhatsApp-Image-2022-12-02-at-22.26.24-300x225.jpeg\" alt=\"\" width=\"300\" height=\"225\" srcset=\"https:\/\/syri.tv\/wp-content\/uploads\/2022\/12\/WhatsApp-Image-2022-12-02-at-22.26.24-300x225.jpeg 300w, https:\/\/syri.tv\/wp-content\/uploads\/2022\/12\/WhatsApp-Image-2022-12-02-at-22.26.24-1024x768.jpeg 1024w, https:\/\/syri.tv\/wp-content\/uploads\/2022\/12\/WhatsApp-Image-2022-12-02-at-22.26.24-768x576.jpeg 768w, https:\/\/syri.tv\/wp-content\/uploads\/2022\/12\/WhatsApp-Image-2022-12-02-at-22.26.24-1536x1152.jpeg 1536w, https:\/\/syri.tv\/wp-content\/uploads\/2022\/12\/WhatsApp-Image-2022-12-02-at-22.26.24-860x645.jpeg 860w, https:\/\/syri.tv\/wp-content\/uploads\/2022\/12\/WhatsApp-Image-2022-12-02-at-22.26.24.jpeg 1600w\" sizes=\"auto, (max-width: 300px) 100vw, 300px\" \/> <img loading=\"lazy\" loading=\"lazy\" decoding=\"async\" class=\"alignnone size-medium wp-image-2928\" src=\"https:\/\/syri.tv\/wp-content\/uploads\/2022\/12\/WhatsApp-Image-2022-12-02-at-22.26.25-300x225.jpeg\" alt=\"\" width=\"300\" height=\"225\" srcset=\"https:\/\/syri.tv\/wp-content\/uploads\/2022\/12\/WhatsApp-Image-2022-12-02-at-22.26.25-300x225.jpeg 300w, https:\/\/syri.tv\/wp-content\/uploads\/2022\/12\/WhatsApp-Image-2022-12-02-at-22.26.25-1024x768.jpeg 1024w, https:\/\/syri.tv\/wp-content\/uploads\/2022\/12\/WhatsApp-Image-2022-12-02-at-22.26.25-768x576.jpeg 768w, https:\/\/syri.tv\/wp-content\/uploads\/2022\/12\/WhatsApp-Image-2022-12-02-at-22.26.25-860x645.jpeg 860w, https:\/\/syri.tv\/wp-content\/uploads\/2022\/12\/WhatsApp-Image-2022-12-02-at-22.26.25.jpeg 1080w\" sizes=\"auto, (max-width: 300px) 100vw, 300px\" \/> <img loading=\"lazy\" loading=\"lazy\" decoding=\"async\" class=\"alignnone size-medium wp-image-2927\" src=\"https:\/\/syri.tv\/wp-content\/uploads\/2022\/12\/WhatsApp-Image-2022-12-02-at-22.26.25-3-300x225.jpeg\" alt=\"\" width=\"300\" height=\"225\" srcset=\"https:\/\/syri.tv\/wp-content\/uploads\/2022\/12\/WhatsApp-Image-2022-12-02-at-22.26.25-3-300x225.jpeg 300w, https:\/\/syri.tv\/wp-content\/uploads\/2022\/12\/WhatsApp-Image-2022-12-02-at-22.26.25-3-1024x768.jpeg 1024w, https:\/\/syri.tv\/wp-content\/uploads\/2022\/12\/WhatsApp-Image-2022-12-02-at-22.26.25-3-768x576.jpeg 768w, https:\/\/syri.tv\/wp-content\/uploads\/2022\/12\/WhatsApp-Image-2022-12-02-at-22.26.25-3-1536x1152.jpeg 1536w, https:\/\/syri.tv\/wp-content\/uploads\/2022\/12\/WhatsApp-Image-2022-12-02-at-22.26.25-3-860x645.jpeg 860w, https:\/\/syri.tv\/wp-content\/uploads\/2022\/12\/WhatsApp-Image-2022-12-02-at-22.26.25-3.jpeg 1600w\" sizes=\"auto, (max-width: 300px) 100vw, 300px\" \/><\/p>\n<p>Para t\u00eb pranishm\u00ebve foli edhe Ambasadori i RKS z. Sami Ukelli i cili i fal\u00ebnderoi pjes\u00ebmarr\u00ebsit dhe fjala hyr\u00ebse ishte urime 28 N\u00ebntori Dita e Flamurit.<\/p>\n<p>Po ashtu edhe Arian Mavriqi i cili ishte shum\u00eb i lumtur p\u00ebr organizimin e Expozit\u00ebs q\u00eb t\u00eb sjell\u00eb nga vendlindja fotografi p\u00ebr bukurit natyrore p\u00ebr bashkatdhetar\u00ebt dhe nj\u00eb lule me arom\u00eb nga m\u00ebmn\u00ebdheu.<\/p>\n<p>Ai tha se Kosova \u00ebsht\u00eb vend me shum\u00eb bukuri natyrore mahnit\u00ebse p\u00ebr vendor\u00ebt dhe p\u00ebr t\u00eb huajt q\u00eb d\u00ebshirojn\u00eb ta vizitojn\u00eb Kosov\u00ebn. Un\u00eb jam\u00eb nj\u00eb nga ata shum\u00eb artist q\u00eb me d\u00ebshir\u00ebn dhe profesionaliz\u00ebm jemi n\u00eb kontribut t\u00eb vendit duke potencuar se jemi nj\u00eb komb dhe nj\u00eb rini t\u00eb mrekullueshme t\u00eb cil\u00ebt me kohen jan\u00eb n\u00eb angazhime gjithandej t\u00eb paraqesin vendin m\u00eb t\u00eb mir\u00eb n\u00eb Ballkan n\u00eb gjith\u00eb boten.<\/p>\n<p><img loading=\"lazy\" loading=\"lazy\" decoding=\"async\" class=\"alignnone size-medium wp-image-2923\" src=\"https:\/\/syri.tv\/wp-content\/uploads\/2022\/12\/WhatsApp-Image-2022-12-02-at-22.26.05-225x300.jpeg\" alt=\"\" width=\"225\" height=\"300\" srcset=\"https:\/\/syri.tv\/wp-content\/uploads\/2022\/12\/WhatsApp-Image-2022-12-02-at-22.26.05-225x300.jpeg 225w, https:\/\/syri.tv\/wp-content\/uploads\/2022\/12\/WhatsApp-Image-2022-12-02-at-22.26.05-768x1024.jpeg 768w, https:\/\/syri.tv\/wp-content\/uploads\/2022\/12\/WhatsApp-Image-2022-12-02-at-22.26.05-1152x1536.jpeg 1152w, https:\/\/syri.tv\/wp-content\/uploads\/2022\/12\/WhatsApp-Image-2022-12-02-at-22.26.05-860x1147.jpeg 860w, https:\/\/syri.tv\/wp-content\/uploads\/2022\/12\/WhatsApp-Image-2022-12-02-at-22.26.05.jpeg 1200w\" sizes=\"auto, (max-width: 225px) 100vw, 225px\" \/> <img loading=\"lazy\" loading=\"lazy\" decoding=\"async\" class=\"alignnone size-medium wp-image-2924\" src=\"https:\/\/syri.tv\/wp-content\/uploads\/2022\/12\/WhatsApp-Image-2022-12-02-at-22.26.24-1-225x300.jpeg\" alt=\"\" width=\"225\" height=\"300\" srcset=\"https:\/\/syri.tv\/wp-content\/uploads\/2022\/12\/WhatsApp-Image-2022-12-02-at-22.26.24-1-225x300.jpeg 225w, https:\/\/syri.tv\/wp-content\/uploads\/2022\/12\/WhatsApp-Image-2022-12-02-at-22.26.24-1-768x1024.jpeg 768w, https:\/\/syri.tv\/wp-content\/uploads\/2022\/12\/WhatsApp-Image-2022-12-02-at-22.26.24-1-1152x1536.jpeg 1152w, https:\/\/syri.tv\/wp-content\/uploads\/2022\/12\/WhatsApp-Image-2022-12-02-at-22.26.24-1-860x1147.jpeg 860w, https:\/\/syri.tv\/wp-content\/uploads\/2022\/12\/WhatsApp-Image-2022-12-02-at-22.26.24-1.jpeg 1200w\" sizes=\"auto, (max-width: 225px) 100vw, 225px\" \/> <img loading=\"lazy\" loading=\"lazy\" decoding=\"async\" class=\"alignnone size-medium wp-image-2922\" src=\"https:\/\/syri.tv\/wp-content\/uploads\/2022\/12\/WhatsApp-Image-2022-12-02-at-22.26.05-1-225x300.jpeg\" alt=\"\" width=\"225\" height=\"300\" srcset=\"https:\/\/syri.tv\/wp-content\/uploads\/2022\/12\/WhatsApp-Image-2022-12-02-at-22.26.05-1-225x300.jpeg 225w, https:\/\/syri.tv\/wp-content\/uploads\/2022\/12\/WhatsApp-Image-2022-12-02-at-22.26.05-1-768x1024.jpeg 768w, https:\/\/syri.tv\/wp-content\/uploads\/2022\/12\/WhatsApp-Image-2022-12-02-at-22.26.05-1-1152x1536.jpeg 1152w, https:\/\/syri.tv\/wp-content\/uploads\/2022\/12\/WhatsApp-Image-2022-12-02-at-22.26.05-1-860x1147.jpeg 860w, https:\/\/syri.tv\/wp-content\/uploads\/2022\/12\/WhatsApp-Image-2022-12-02-at-22.26.05-1.jpeg 1200w\" sizes=\"auto, (max-width: 225px) 100vw, 225px\" \/><\/p>\n<p>Nd\u00ebr t\u00eb tjerat ishte edhe urimi shum\u00eb i zjarrt\u00eb p\u00ebr 28 N\u00ebntorin dhe nga Ambasada n\u00eb Bern i uron shqiptar\u00ebve kudo q\u00eb jan\u00eb n\u00eb bote Dit\u00ebn e Flamurit.<\/p>\n<p>Televizioni Syri me gazetarin Besim Laci p\u00ebr s\u00eb af\u00ebrmi filmoi zhvillimin e manifestimit dhe intervistoi t\u00eb pranishmit e po ashtu edhe Ambasadorin e Republik\u00ebs s\u00eb Kosov\u00ebs n\u00eb Bern t\u00eb Zvicr\u00ebs shk\u00eblqesin\u00eb e tij\u00eb Z.\u00a0 Sami Ukelli dhe artistin Arian Mavriqi.<\/p>\n","protected":false},"excerpt":{"rendered":"<p>Me rastin e 28 N\u00ebntorit &#8211; Dit\u00ebs s\u00eb Flamurit\u200b sot me 2 dhjetor 2022, Ambasada\u00a0e\u00a0Republik\u00ebs\u00a0s\u00eb\u00a0Kosov\u00ebs\u00a0n\u00eb\u00a0Bern\u00eb\u00a0n\u00eb prani t\u00eb shum\u00eb bashkatdhetar\u00ebve n\u00eb Zvic\u00ebr organizoi ekspozit\u00eb me fotografi nga artisti Arian Mavriqi. Para t\u00eb pranishm\u00ebve foli edhe Ambasadori i RKS z. Sami Ukelli i cili i fal\u00ebnderoi pjes\u00ebmarr\u00ebsit dhe fjala hyr\u00ebse ishte urime 28 N\u00ebntori Dita e Flamurit. [&hellip;]<\/p>\n","protected":false},"author":1,"featured_media":2926,"comment_status":"closed","ping_status":"closed","sticky":false,"template":"","format":"standard","meta":{"footnotes":""},"categories":[2],"tags":[],"class_list":{"0":"post-2921","1":"post","2":"type-post","3":"status-publish","4":"format-standard","5":"has-post-thumbnail","7":"category-zvicer"},"_links":{"self":[{"href":"https:\/\/syri.tv\/index.php?rest_route=\/wp\/v2\/posts\/2921","targetHints":{"allow":["GET"]}}],"collection":[{"href":"https:\/\/syri.tv\/index.php?rest_route=\/wp\/v2\/posts"}],"about":[{"href":"https:\/\/syri.tv\/index.php?rest_route=\/wp\/v2\/types\/post"}],"author":[{"embeddable":true,"href":"https:\/\/syri.tv\/index.php?rest_route=\/wp\/v2\/users\/1"}],"replies":[{"embeddable":true,"href":"https:\/\/syri.tv\/index.php?rest_route=%2Fwp%2Fv2%2Fcomments&post=2921"}],"version-history":[{"count":4,"href":"https:\/\/syri.tv\/index.php?rest_route=\/wp\/v2\/posts\/2921\/revisions"}],"predecessor-version":[{"id":2932,"href":"https:\/\/syri.tv\/index.php?rest_route=\/wp\/v2\/posts\/2921\/revisions\/2932"}],"wp:featuredmedia":[{"embeddable":true,"href":"https:\/\/syri.tv\/index.php?rest_route=\/wp\/v2\/media\/2926"}],"wp:attachment":[{"href":"https:\/\/syri.tv\/index.php?rest_route=%2Fwp%2Fv2%2Fmedia&parent=2921"}],"wp:term":[{"taxonomy":"category","embeddable":true,"href":"https:\/\/syri.tv\/index.php?rest_route=%2Fwp%2Fv2%2Fcategories&post=2921"},{"taxonomy":"post_tag","embeddable":true,"href":"https:\/\/syri.tv\/index.php?rest_route=%2Fwp%2Fv2%2Ftags&post=2921"}],"curies":[{"name":"wp","href":"https:\/\/api.w.org\/{rel}","templated":true}]}}