{"id":2910,"date":"2022-10-21T07:55:43","date_gmt":"2022-10-21T07:55:43","guid":{"rendered":"https:\/\/syri.tv\/?p=2910"},"modified":"2022-10-21T07:55:43","modified_gmt":"2022-10-21T07:55:43","slug":"hapet-shkolla-shqipe-ne-langnau-te-kantonit-te-bernes","status":"publish","type":"post","link":"https:\/\/syri.tv\/?p=2910","title":{"rendered":"Hapet \u201cShkolla shqipe\u201d n\u00eb Langnau t\u00eb Kantonit t\u00eb Bern\u00ebs"},"content":{"rendered":"<div class=\"post-head\">\n<p class=\"p-t-20\">M\u00eb dat\u00ebn 19 tetor 2022 u hap e pika shkollore n\u00eb gjuh\u00ebn shqipe n\u00eb Langnau t\u00eb Kantonit t\u00eb Bern\u00ebs. Klasa ku zhvillohej m\u00ebsimi n\u00eb gjuh\u00ebn amtare ishte shnd\u00ebrruar n\u00eb \u201czgjua blet\u00ebsh\u201d. Nx\u00ebn\u00ebs ishin mjaft t\u00eb motivuar nga d\u00ebshira e madhe p\u00ebr ta m\u00ebsuar sa m\u00eb mir\u00eb gjuh\u00ebn e n\u00ebn\u00ebs.<\/p>\n<\/div>\n<article id=\"post-body\" class=\"post-body p-b-20\">\n<section id=\"section_1\" class=\"entry\">\u00a0\u201cShkolla shqipe\u201d n\u00eb Zvic\u00ebr jo vet\u00ebm q\u00eb nj\u00eb \u00ebsht\u00eb nj\u00eb vler\u00eb e shtuar n\u00eb ruajtjen e gjuh\u00ebs dhe kultur\u00ebs komb\u00ebtare, por tani lirisht mund t\u00eb themi se n\u00ebn drejtimin e profesor Dr. Vaxhid Sejdiut, i cili arriti t`i bashkoj prind\u00ebrit dhe m\u00ebsuesit rreth shkoll\u00ebs shqipe \u00ebsht\u00eb shnd\u00ebrruar n\u00eb lider t\u00eb organizimit t\u00eb m\u00ebsimit plot\u00ebsues n\u00eb gjuh\u00ebn shqipe n\u00eb Zvic\u00ebr dhe shembulli m\u00eb i mir\u00eb i pun\u00ebs dhe angazhimit t\u00eb k\u00ebtij organizimi n\u00eb mbar\u00eb m\u00ebrgat\u00ebn shqiptare.<\/p>\n<p>Dje, m\u00eb dat\u00ebn 19 tetor 2022 ishim n\u00eb hapjen e pik\u00ebs shkollore n\u00eb gjuh\u00ebn shqipe n\u00eb Langnau t\u00eb Kantonit t\u00eb Bern\u00ebs. Klasa ku zhvillohej m\u00ebsimi n\u00eb gjuh\u00ebn amtare ishte shnd\u00ebrruar n\u00eb \u201czgjua blet\u00ebsh\u201d. Nx\u00ebn\u00ebs t\u00eb cil\u00ebt kishin ardhur n\u00eb dit\u00ebn e par\u00eb t\u00eb m\u00ebsimit ishin mjaft t\u00eb motivuar nga d\u00ebshira e madhe p\u00ebr ta m\u00ebsuar sa m\u00eb mir\u00eb gjuh\u00ebn e n\u00ebn\u00ebs. Buz\u00ebqeshjet e tyre ishte di\u00e7ka t\u00eb ve\u00e7anta, t\u00eb bukura, hyjnore. Fytyrat iu shndrisnin nga g\u00ebzimi. Ata edhe pse p\u00ebr nga mosha dalloheshin, t\u00eb gjith\u00eb p\u00ebr nj\u00eb dit\u00eb po fillonin m\u00ebsimin n\u00eb gjuh\u00ebn amtare.<\/p>\n<div class=\"clear\"><\/div>\n<\/section>\n<section id=\"section_2\" class=\"entry\">\n<div class=\"media\"><img decoding=\"async\" class=\"img-responsive\" src=\"http:\/\/www.portalishkollor.al\/upload\/media\/entries\/2022-10\/20\/6476-2-59340f74a0a60e5b163fa0e38547b50c.jpg\" \/><i>Nx\u00ebn\u00ebsit\u00a0 e grupit t\u00eb par\u00eb dhe t\u00eb dyt\u00eb, t\u00eb shkoll\u00ebs shqipe n\u00eb Langnau, t\u00eb Kantonit t\u00eb Bern\u00ebs<\/i><\/p>\n<\/div>\n<\/section>\n<section id=\"section_3\" class=\"entry\">Fakt \u00ebsht\u00eb se\u00a0 \u201cShkolla shqipe\u201d n\u00eb Zvic\u00ebr jo vet\u00ebm q\u00eb nj\u00eb \u00ebsht\u00eb nj\u00eb vler\u00eb e shtuar n\u00eb ruajtjen e gjuh\u00ebs dhe kultur\u00ebs komb\u00ebtare, por tani lirisht mund t\u00eb themi se n\u00ebn drejtimin e profesor Dr. Vaxhid Sejdiut, i cili arriti t`i bashkoj prind\u00ebrit dhe m\u00ebsuesit rreth shkoll\u00ebs shqipe \u00ebsht\u00eb shnd\u00ebrruar n\u00eb lider t\u00eb organizimit t\u00eb m\u00ebsimit plot\u00ebsues n\u00eb gjuh\u00ebn shqipe n\u00eb Zvic\u00ebr dhe shembulli m\u00eb i mir\u00eb i pun\u00ebs dhe angazhimit t\u00eb k\u00ebtij organizimi n\u00eb mbar\u00eb m\u00ebrgat\u00ebn shqiptare..<\/p>\n<p>Klasa ku gjith\u00eb atanx\u00ebn\u00ebs m\u00ebsonin t\u00eb dallonin shkronjat e shqipes, fjal\u00ebt dhe gj\u00ebrat elementare t\u00eb saj dukej si nj\u00eb \u201czgjua blet\u00ebsh\u201d ku secili mundohej t\u00eb punonte m\u00eb shum\u00eb apo t\u00eb merrte me vete sa m\u00eb shum\u00eb shkronja dhe fjal\u00eb nga gjuha amtare. Nj\u00eb atmosfer\u00eb mbres\u00ebl\u00ebn\u00ebse ku Amelia, Ensari, Tara, Tuana, Amara, Aroni, Andi, Grita, Arjana, Alea, Riadi, Leona, Leonisi, Leo, Bleroni, Alina, Lediana, Eliana, Elisa, Lauresa, Diari, Edoniti, Ledioni etj. t\u00eb cil\u00ebt me p\u00ebrkushtim mundoheshin t\u00eb merrnin sa m\u00eb shum\u00eb dituri nga or\u00ebt e para m\u00ebsimore.<\/p>\n<div class=\"clear\"><\/div>\n<\/section>\n<section id=\"section_4\" class=\"entry\">\n<div class=\"media\"><img decoding=\"async\" class=\"img-responsive\" src=\"http:\/\/www.portalishkollor.al\/upload\/media\/entries\/2022-10\/20\/6476-4-59340f74a0a60e5b163fa0e38547b50c.jpg\" \/><i>Nx\u00ebn\u00ebsit e shkoll\u00ebs shqipe s\u00eb bashku me m\u00ebsuesen Leonora Zoto dhe koordinatorin e shkoll\u00ebs shqipe n\u00eb Zvic\u00ebr Dr. Vaxhid Sejdiun<\/i><\/p>\n<\/div>\n<\/section>\n<section id=\"section_5\" class=\"entry\">Jav\u00ebve t\u00eb fundit prind\u00ebrit s\u00eb bashku me koordinatorin e \u201cShkoll\u00ebs shqipe\u201d n\u00eb Zvic\u00ebr, Dr. Vaxhid Sejdiun pas disa konsultimeve dhe angazhimeve me prind\u00ebrit e tjer\u00eb, s\u00eb bashku edhe me m\u00ebsuesen Leonora Zoton arrit\u00ebn suksessh\u00ebm t`i hapin dyert e shkoll\u00ebs shqipe me q\u00ebllim q\u00eb f\u00ebmij\u00ebt ta ken\u00eb sa m\u00eb af\u00ebr shkoll\u00ebn ku do t\u00eb m\u00ebsojn\u00eb n\u00eb vazhdim gjuh\u00ebn amtare. Ajo q\u00eb bie n\u00eb sy ishte gatishm\u00ebria e prind\u00ebrve p\u00ebr t`i d\u00ebrguar f\u00ebmij\u00ebt n\u00eb shkoll\u00ebn shqipe si dhe t\u00eb lumtur q\u00eb f\u00ebmij\u00ebt e tyre shkoll\u00ebn e kan\u00eb shum\u00eb af\u00ebr dhe vet\u00eb mund t\u00eb shkojn\u00eb n\u00eb shkoll\u00eb. Pas m\u00ebsimit, m\u00ebsuesi dhe koordinatori i \u201cShkoll\u00ebs Shqipe\u201d n\u00eb Zvic\u00ebr\u00a0 s\u00eb bashku me m\u00ebsuesen Leonora Zoto i njoftuan prind\u00ebrit p\u00ebr rregullat e shkoll\u00ebs, detyrat e p\u00ebrbashk\u00ebta me q\u00ebllim q\u00eb pika shkollore t\u00eb funksionoj sa m\u00eb mir\u00eb. Si\u00e7 u tha dhe nga prind\u00ebrit n\u00eb dit\u00ebt n\u00eb vazhdim do t\u00eb vijn\u00eb edhe f\u00ebmij\u00eb t\u00eb tjer\u00eb, si dhe nga java\u00a0 e ardhshme m\u00ebsimi fillon n\u00eb dy grupe, n\u00eb grupin e par\u00eb jan\u00eb nx\u00ebn\u00ebsit nga klasa e par\u00eb deri n\u00eb klas\u00ebn e tret\u00eb dhe n\u00eb grupin e dyt\u00eb nga klasa e kat\u00ebrt deri n\u00eb klas\u00ebn e gjasht\u00eb.<\/p>\n<\/section>\n<\/article>\n","protected":false},"excerpt":{"rendered":"<p>M\u00eb dat\u00ebn 19 tetor 2022 u hap e pika shkollore n\u00eb gjuh\u00ebn shqipe n\u00eb Langnau t\u00eb Kantonit t\u00eb Bern\u00ebs. Klasa ku zhvillohej m\u00ebsimi n\u00eb gjuh\u00ebn amtare ishte shnd\u00ebrruar n\u00eb \u201czgjua blet\u00ebsh\u201d. Nx\u00ebn\u00ebs ishin mjaft t\u00eb motivuar nga d\u00ebshira e madhe p\u00ebr ta m\u00ebsuar sa m\u00eb mir\u00eb gjuh\u00ebn e n\u00ebn\u00ebs. \u00a0\u201cShkolla shqipe\u201d n\u00eb Zvic\u00ebr jo vet\u00ebm [&hellip;]<\/p>\n","protected":false},"author":1,"featured_media":2911,"comment_status":"closed","ping_status":"closed","sticky":false,"template":"","format":"standard","meta":{"footnotes":""},"categories":[108],"tags":[],"class_list":{"0":"post-2910","1":"post","2":"type-post","3":"status-publish","4":"format-standard","5":"has-post-thumbnail","7":"category-kulture-2"},"_links":{"self":[{"href":"https:\/\/syri.tv\/index.php?rest_route=\/wp\/v2\/posts\/2910","targetHints":{"allow":["GET"]}}],"collection":[{"href":"https:\/\/syri.tv\/index.php?rest_route=\/wp\/v2\/posts"}],"about":[{"href":"https:\/\/syri.tv\/index.php?rest_route=\/wp\/v2\/types\/post"}],"author":[{"embeddable":true,"href":"https:\/\/syri.tv\/index.php?rest_route=\/wp\/v2\/users\/1"}],"replies":[{"embeddable":true,"href":"https:\/\/syri.tv\/index.php?rest_route=%2Fwp%2Fv2%2Fcomments&post=2910"}],"version-history":[{"count":1,"href":"https:\/\/syri.tv\/index.php?rest_route=\/wp\/v2\/posts\/2910\/revisions"}],"predecessor-version":[{"id":2912,"href":"https:\/\/syri.tv\/index.php?rest_route=\/wp\/v2\/posts\/2910\/revisions\/2912"}],"wp:featuredmedia":[{"embeddable":true,"href":"https:\/\/syri.tv\/index.php?rest_route=\/wp\/v2\/media\/2911"}],"wp:attachment":[{"href":"https:\/\/syri.tv\/index.php?rest_route=%2Fwp%2Fv2%2Fmedia&parent=2910"}],"wp:term":[{"taxonomy":"category","embeddable":true,"href":"https:\/\/syri.tv\/index.php?rest_route=%2Fwp%2Fv2%2Fcategories&post=2910"},{"taxonomy":"post_tag","embeddable":true,"href":"https:\/\/syri.tv\/index.php?rest_route=%2Fwp%2Fv2%2Ftags&post=2910"}],"curies":[{"name":"wp","href":"https:\/\/api.w.org\/{rel}","templated":true}]}}