{"id":2906,"date":"2022-10-21T07:44:16","date_gmt":"2022-10-21T07:44:16","guid":{"rendered":"https:\/\/syri.tv\/?p=2906"},"modified":"2022-10-21T07:44:16","modified_gmt":"2022-10-21T07:44:16","slug":"xhafer-sejdiu-nderohet-me-titullin-ambasador-i-paqes-ne-zvicer","status":"publish","type":"post","link":"https:\/\/syri.tv\/?p=2906","title":{"rendered":"Xhafer Sejdiu nderohet me titullin Ambasador i Paqes n\u00eb Zvic\u00ebr"},"content":{"rendered":"<p>Xhafer Sejdiu p\u00ebr nj\u00eb koh\u00eb t\u00eb gjat\u00eb \u00ebsht\u00eb angazhuar n\u00eb organet e larta t\u00eb Sindikat\u00ebs \u201cUNIA\u201d fillimisht duke qen\u00eb an\u00ebtar i kryesis\u00eb dhe s\u00eb fundmi kryesues n\u00eb k\u00ebt\u00eb sindikat\u00eb p\u00ebr regjionin e Z\u00fcrich \u2013 Shaffausenit si dhe delegat i Industris\u00eb s\u00eb Nd\u00ebrtimtaris\u00eb Profesionale. Q\u00eb nga themelimi i k\u00ebtij organizimi Xhaferi ishte nd\u00ebr aktivist\u00ebt m\u00eb aktiv dhe po ashtu b\u00ebn\u00eb pjes\u00eb edhe n\u00eb grupin p\u00ebr migracion t\u00eb Sindikat\u00ebs UNIA. N\u00eb \u00e7do tubim, grev\u00eb, demonstrat\u00eb apo aksion ku luftohet p\u00ebr t\u00eb drejtat e pun\u00ebtor\u00ebve, aty \u00ebsht\u00eb Xhaferi. Fal\u00eb k\u00ebrkes\u00ebs dhe fjalimit t\u00eb tij bind\u00ebs, Kongresi i UNIA e ka b\u00eb tem\u00eb Marr\u00ebveshjen p\u00ebr pensione mes Kosov\u00ebs dhe Zvicr\u00ebs.<\/p>\n<p>Ai \u00ebsht\u00eb figura kryesore e aktivist\u00ebve sindikal\u00eb nga Z\u00fcrich-u dhe nj\u00eb simbol dhe shembull p\u00ebr shum\u00eb aktivist\u00eb sidomos p\u00ebr t\u00eb rinjt\u00eb. Vlen t\u00eb p\u00ebrmendet fakti q\u00eb m\u00eb 5 n\u00ebntor 2002: Ai s\u00eb bashku me 2.000 koleg\u00ebt e tij t\u00eb nd\u00ebrtimit t\u00eb Sindikat\u00ebs s\u00eb Nd\u00ebrtimtaris\u00eb dhe Industris\u00eb, bllokojn\u00eb Baregg-tunelin dhe autostrad\u00ebn zvicerane A1, p\u00ebrmes t\u00eb cilit veprim madh\u00ebshtor, n\u00eb fund ata arrit\u00ebn t\u00eb fitojn\u00eb t\u00eb drejt\u00ebn e pensionimit n\u00eb mosh\u00eb t\u00eb m\u00ebhersh\u00ebm (n\u00eb pension me 60 vjet, nd\u00ebrsa 5 vite m\u00eb her\u00ebt nga mosha e parapar\u00eb me ligj) p\u00ebr pun\u00ebtor\u00ebt e nd\u00ebrtimtaris\u00eb. Ai \u00ebsht\u00eb nj\u00eb sindikalist\u00eb shum\u00eb aktiv dhe sindikalizmi p\u00ebr vite me radh\u00eb ka form\u00ebsuar jet\u00ebn e tij.<\/p>\n<p>Duke qen\u00eb nj\u00eb pun\u00ebtor, veprimtar, nj\u00eb filantrop dhe mbi t\u00eb gjitha nj\u00eb atdhetar i devotsh\u00ebm Xhaferi \u00ebsht\u00eb i nderuar dhe i respektuar p\u00ebr gjith\u00eb ata q\u00eb e njohin dhe kan\u00eb pasur rastin ta takojn\u00eb.<\/p>\n<p>Ai \u00ebsht\u00eb nj\u00eb mb\u00ebshtet\u00ebs i interesave t\u00eb pun\u00ebtor\u00ebve tan\u00eb n\u00eb Zvic\u00ebr dhe mb\u00ebshtet\u00ebs i vazhduesh\u00ebm i gjitha l\u00ebvizjeve p\u00ebrparimtare n\u00eb Kosov\u00eb, Shqip\u00ebri e Maqedonin\u00eb e Veriut dhe gjithandej nga jetojn\u00eb shqiptar\u00ebt n\u00eb Diaspor\u00eb.<\/p>\n<p>Puna dhe kontributi i tij nd\u00ebr vite p\u00ebr \u00e7\u00ebshtjen shqiptare e b\u00ebjn\u00eb nj\u00eb njeri t\u00eb nderuar dhe t\u00eb respektuar kudo. Xhaferi vazhdon t\u00eb mbaj\u00eb lart\u00eb edhe vlerat m\u00eb t\u00eb \u00e7muarat, si\u00e7 ishte dhe mbetet lufta jon\u00eb \u00e7lirimtare, mb\u00ebshtet\u00ebs i shum\u00eb aksioneve humanitare, shoq\u00ebrore, atdhetare dhe \u00e7lirimtare.<\/p>\n<p>Nd\u00ebr t\u00eb tjera ai b\u00ebn\u00eb pjes\u00eb aktive edhe n\u00eb stafin e prointegra.ch, t\u00eb rrjeteve t\u00eb diaspor\u00ebs dhe l\u00ebvizjeve sociale n\u00eb Zvic\u00ebr dhe vendlindje.<\/p>\n<p><a href=\"https:\/\/prointegra.ch\/wp-content\/uploads\/2022\/10\/xhafer-sejdiu-nderimi.jpg\"><img loading=\"lazy\" loading=\"lazy\" decoding=\"async\" class=\"alignnone size-medium wp-image-2907\" src=\"https:\/\/syri.tv\/wp-content\/uploads\/2022\/10\/xhafer-sejdiu-nderimi-215x300.jpg\" alt=\"\" width=\"215\" height=\"300\" srcset=\"https:\/\/syri.tv\/wp-content\/uploads\/2022\/10\/xhafer-sejdiu-nderimi-215x300.jpg 215w, https:\/\/syri.tv\/wp-content\/uploads\/2022\/10\/xhafer-sejdiu-nderimi.jpg 640w\" sizes=\"auto, (max-width: 215px) 100vw, 215px\" \/><\/a><\/p>\n<p>Shprehim urimet tona t\u00eb ve\u00e7anta n\u00eb cil\u00ebsi t\u00eb Ambasadorit t\u00eb Paqes n\u00eb Evrop\u00eb dhe mb\u00ebshtetjen nga M\u00ebrgata shqiptare shprehet z. Tahir Shabani, Ambasador dhe lider p\u00ebr Paqen Bot\u00ebrore \u2013 President i Institutit p\u00ebr Bashk\u00ebpunim dhe Zhvillim dhe Miq\u00ebsis\u00eb n\u00eb Franc\u00eb. \/ shkruan Prointegra<\/p>\n","protected":false},"excerpt":{"rendered":"<p>Xhafer Sejdiu p\u00ebr nj\u00eb koh\u00eb t\u00eb gjat\u00eb \u00ebsht\u00eb angazhuar n\u00eb organet e larta t\u00eb Sindikat\u00ebs \u201cUNIA\u201d fillimisht duke qen\u00eb an\u00ebtar i kryesis\u00eb dhe s\u00eb fundmi kryesues n\u00eb k\u00ebt\u00eb sindikat\u00eb p\u00ebr regjionin e Z\u00fcrich \u2013 Shaffausenit si dhe delegat i Industris\u00eb s\u00eb Nd\u00ebrtimtaris\u00eb Profesionale. Q\u00eb nga themelimi i k\u00ebtij organizimi Xhaferi ishte nd\u00ebr aktivist\u00ebt m\u00eb aktiv [&hellip;]<\/p>\n","protected":false},"author":1,"featured_media":2908,"comment_status":"closed","ping_status":"closed","sticky":false,"template":"","format":"standard","meta":{"footnotes":""},"categories":[2],"tags":[],"class_list":{"0":"post-2906","1":"post","2":"type-post","3":"status-publish","4":"format-standard","5":"has-post-thumbnail","7":"category-zvicer"},"_links":{"self":[{"href":"https:\/\/syri.tv\/index.php?rest_route=\/wp\/v2\/posts\/2906","targetHints":{"allow":["GET"]}}],"collection":[{"href":"https:\/\/syri.tv\/index.php?rest_route=\/wp\/v2\/posts"}],"about":[{"href":"https:\/\/syri.tv\/index.php?rest_route=\/wp\/v2\/types\/post"}],"author":[{"embeddable":true,"href":"https:\/\/syri.tv\/index.php?rest_route=\/wp\/v2\/users\/1"}],"replies":[{"embeddable":true,"href":"https:\/\/syri.tv\/index.php?rest_route=%2Fwp%2Fv2%2Fcomments&post=2906"}],"version-history":[{"count":1,"href":"https:\/\/syri.tv\/index.php?rest_route=\/wp\/v2\/posts\/2906\/revisions"}],"predecessor-version":[{"id":2909,"href":"https:\/\/syri.tv\/index.php?rest_route=\/wp\/v2\/posts\/2906\/revisions\/2909"}],"wp:featuredmedia":[{"embeddable":true,"href":"https:\/\/syri.tv\/index.php?rest_route=\/wp\/v2\/media\/2908"}],"wp:attachment":[{"href":"https:\/\/syri.tv\/index.php?rest_route=%2Fwp%2Fv2%2Fmedia&parent=2906"}],"wp:term":[{"taxonomy":"category","embeddable":true,"href":"https:\/\/syri.tv\/index.php?rest_route=%2Fwp%2Fv2%2Fcategories&post=2906"},{"taxonomy":"post_tag","embeddable":true,"href":"https:\/\/syri.tv\/index.php?rest_route=%2Fwp%2Fv2%2Ftags&post=2906"}],"curies":[{"name":"wp","href":"https:\/\/api.w.org\/{rel}","templated":true}]}}