{"id":2894,"date":"2022-10-20T22:19:58","date_gmt":"2022-10-20T22:19:58","guid":{"rendered":"https:\/\/syri.tv\/?p=2894"},"modified":"2022-10-21T07:34:12","modified_gmt":"2022-10-21T07:34:12","slug":"unioni-i-klubeve-te-futbollit-shqiptar-ne-zvicer-u-mireprit-nga-kryetari-i-gjilanit-z-alban-hyseni","status":"publish","type":"post","link":"https:\/\/syri.tv\/?p=2894","title":{"rendered":"Unioni i Klubeve t\u00eb Futbollit Shqiptar n\u00eb Zvic\u00ebr u mir\u00ebprit nga Kryetari i Gjilanit z. Alban Hyseni"},"content":{"rendered":"<p>Unioni i Klubeve t\u00eb Futbollit Shqiptar n\u00eb Zvic\u00ebr\u00a0 n\u00eb bashk\u00ebpunim me FFK dhe t\u00eb mb\u00ebshtetur nga MPDJ q\u00ebndruan disa dit\u00eb rresht n\u00eb Kosov\u00eb me FC Kosova nga Z\u00fcrich fituese e Kup\u00ebs.<\/p>\n<p>Agjenda e cila ishte parapar\u00eb ndryshoi dhe UKSHFZ me FC Kosov\u00ebn nuk mund\u00ebn t\u00eb shkonin n\u00eb mbr\u00ebmjen e caktuar n\u00eb nj\u00eb nga Restorantet e Gjilanit pasi q\u00eb koha ishte e shkurt\u00ebr dhe ngarkesat ishin t\u00eb m\u00ebdha.<\/p>\n<p>P\u00ebrkrah takimeve t\u00eb ndryshme me p\u00ebrfaq\u00ebsues t\u00eb institucioneve e sidomos ato t\u00eb FFK, MPDJ dhe Ministrin\u00eb e Sportit dhe Kultur\u00ebs dhe intervistave t\u00eb ndryshme n\u00eb mediume t\u00eb ndryshme vendore stafi i ngusht\u00eb i UKSHFZ vizitoi shkurt\u00eb Gjilanin dhe Kryetarin z. Alban Hyseni<\/p>\n<p><img loading=\"lazy\" loading=\"lazy\" decoding=\"async\" class=\"alignnone size-medium wp-image-2896\" src=\"https:\/\/syri.tv\/wp-content\/uploads\/2022\/10\/2a-1-300x169.jpeg\" alt=\"\" width=\"300\" height=\"169\" srcset=\"https:\/\/syri.tv\/wp-content\/uploads\/2022\/10\/2a-1-300x169.jpeg 300w, https:\/\/syri.tv\/wp-content\/uploads\/2022\/10\/2a-1-1024x576.jpeg 1024w, https:\/\/syri.tv\/wp-content\/uploads\/2022\/10\/2a-1-768x432.jpeg 768w, https:\/\/syri.tv\/wp-content\/uploads\/2022\/10\/2a-1-1536x864.jpeg 1536w, https:\/\/syri.tv\/wp-content\/uploads\/2022\/10\/2a-1-2048x1152.jpeg 2048w, https:\/\/syri.tv\/wp-content\/uploads\/2022\/10\/2a-1-860x484.jpeg 860w\" sizes=\"auto, (max-width: 300px) 100vw, 300px\" \/> <img loading=\"lazy\" loading=\"lazy\" decoding=\"async\" class=\"alignnone size-medium wp-image-2897\" src=\"https:\/\/syri.tv\/wp-content\/uploads\/2022\/10\/3a-1-300x169.jpeg\" alt=\"\" width=\"300\" height=\"169\" srcset=\"https:\/\/syri.tv\/wp-content\/uploads\/2022\/10\/3a-1-300x169.jpeg 300w, https:\/\/syri.tv\/wp-content\/uploads\/2022\/10\/3a-1-1024x576.jpeg 1024w, https:\/\/syri.tv\/wp-content\/uploads\/2022\/10\/3a-1-768x432.jpeg 768w, https:\/\/syri.tv\/wp-content\/uploads\/2022\/10\/3a-1-1536x864.jpeg 1536w, https:\/\/syri.tv\/wp-content\/uploads\/2022\/10\/3a-1-2048x1152.jpeg 2048w, https:\/\/syri.tv\/wp-content\/uploads\/2022\/10\/3a-1-860x484.jpeg 860w\" sizes=\"auto, (max-width: 300px) 100vw, 300px\" \/><\/p>\n<p>UKSHFZ me Kryetarin Feti Demoli fal\u00ebnderon Kryetarin e komun\u00ebs s\u00eb Gjilanit p\u00ebr gatishm\u00ebrin\u00eb dhe planifikimit e koh\u00ebs p\u00ebr t\u00eb kaluar bashk\u00eb t\u00eb cilit n\u00eb em\u00ebr t\u00eb UKSHFZ i dor\u00ebzoi dhe i shprehu mir\u00ebnjohje\u00a0 duke i premtuar n\u00eb tersi te e ndihmojm\u00eb komun\u00ebn p\u00ebr zhvillim t\u00eb sportit dhe kukltur\u00ebs e n\u00eb\u00a0 ve\u00e7anti futbollin n\u00eb Gilan.<\/p>\n<p>Kryetari i Gjilanit z. Alban Hyseni \u00a0tha se me d\u00ebshir\u00eb e ka mir\u00ebpritur t\u00eb takoj\u00eb nj\u00eb klub si FC Kosova nga Zvicra bashk\u00eb me Unionin UKSHFZ p\u00ebr ti shprehur mir\u00ebseardhje n\u00eb vendlindje dhe shp\u00ebrblyer p\u00ebr rezultatet e arritura edhe p\u00ebr ti uruar suksese si n\u00eb Kup\u00ebn e Diaspor\u00ebs e po ashtu n\u00eb ligen e Zvicr\u00ebs.<\/p>\n<p><img loading=\"lazy\" loading=\"lazy\" decoding=\"async\" class=\"alignnone wp-image-2898\" src=\"https:\/\/syri.tv\/wp-content\/uploads\/2022\/10\/4a-1-300x225.jpeg\" alt=\"\" width=\"305\" height=\"229\" srcset=\"https:\/\/syri.tv\/wp-content\/uploads\/2022\/10\/4a-1-300x225.jpeg 300w, https:\/\/syri.tv\/wp-content\/uploads\/2022\/10\/4a-1-1024x768.jpeg 1024w, https:\/\/syri.tv\/wp-content\/uploads\/2022\/10\/4a-1-768x576.jpeg 768w, https:\/\/syri.tv\/wp-content\/uploads\/2022\/10\/4a-1-1536x1152.jpeg 1536w, https:\/\/syri.tv\/wp-content\/uploads\/2022\/10\/4a-1-2048x1536.jpeg 2048w, https:\/\/syri.tv\/wp-content\/uploads\/2022\/10\/4a-1-860x645.jpeg 860w\" sizes=\"auto, (max-width: 305px) 100vw, 305px\" \/> <img loading=\"lazy\" loading=\"lazy\" decoding=\"async\" class=\"alignnone wp-image-2899\" src=\"https:\/\/syri.tv\/wp-content\/uploads\/2022\/10\/5a-300x169.jpeg\" alt=\"\" width=\"405\" height=\"228\" srcset=\"https:\/\/syri.tv\/wp-content\/uploads\/2022\/10\/5a-300x169.jpeg 300w, https:\/\/syri.tv\/wp-content\/uploads\/2022\/10\/5a-1024x576.jpeg 1024w, https:\/\/syri.tv\/wp-content\/uploads\/2022\/10\/5a-768x432.jpeg 768w, https:\/\/syri.tv\/wp-content\/uploads\/2022\/10\/5a-1536x864.jpeg 1536w, https:\/\/syri.tv\/wp-content\/uploads\/2022\/10\/5a-2048x1152.jpeg 2048w, https:\/\/syri.tv\/wp-content\/uploads\/2022\/10\/5a-860x484.jpeg 860w\" sizes=\"auto, (max-width: 405px) 100vw, 405px\" \/><\/p>\n<p>Z. Alban Hyseni tha se ne jemi vend i bekuar q\u00eb kemi nj\u00eb m\u00ebrgat\u00eb shum\u00eb aktive e shpres\u00ebdh\u00ebn\u00ebse n\u00eb m\u00ebrgim dhe jeni dritarja q\u00eb reflekton me pulse shum\u00eb pozitivisht n\u00eb bot\u00eb p\u00ebr shtetit ton\u00eb.<\/p>\n<p>Ai me k\u00ebnaq\u00ebsi foli edhe p\u00ebr t\u00eb arriturat e futbollit t\u00eb Kosov\u00ebs dhe klubeve t\u00eb Komun\u00ebs \u00a0KF Drita dhe KF Gjilani q\u00eb ngadal\u00eb por sigurt po rrug\u00ebtojn\u00eb drejt Evrop\u00ebs.<\/p>\n<p>Kryetari i UKSHFZ z. Feti Demoli me stafin e ngusht\u00eb fal\u00ebnderoi Kryetarin e komun\u00ebs s\u00eb Gjilanit \u00a0z. Alban Hyseni dhe bashk\u00ebpun\u00ebtor\u00ebt\u00a0 e tij t\u00eb respektuar p\u00ebr mikpritjen bujare.<\/p>\n","protected":false},"excerpt":{"rendered":"<p>Unioni i Klubeve t\u00eb Futbollit Shqiptar n\u00eb Zvic\u00ebr\u00a0 n\u00eb bashk\u00ebpunim me FFK dhe t\u00eb mb\u00ebshtetur nga MPDJ q\u00ebndruan disa dit\u00eb rresht n\u00eb Kosov\u00eb me FC Kosova nga Z\u00fcrich fituese e Kup\u00ebs. Agjenda e cila ishte parapar\u00eb ndryshoi dhe UKSHFZ me FC Kosov\u00ebn nuk mund\u00ebn t\u00eb shkonin n\u00eb mbr\u00ebmjen e caktuar n\u00eb nj\u00eb nga Restorantet e [&hellip;]<\/p>\n","protected":false},"author":1,"featured_media":2895,"comment_status":"closed","ping_status":"closed","sticky":false,"template":"","format":"standard","meta":{"footnotes":""},"categories":[108],"tags":[],"class_list":{"0":"post-2894","1":"post","2":"type-post","3":"status-publish","4":"format-standard","5":"has-post-thumbnail","7":"category-kulture-2"},"_links":{"self":[{"href":"https:\/\/syri.tv\/index.php?rest_route=\/wp\/v2\/posts\/2894","targetHints":{"allow":["GET"]}}],"collection":[{"href":"https:\/\/syri.tv\/index.php?rest_route=\/wp\/v2\/posts"}],"about":[{"href":"https:\/\/syri.tv\/index.php?rest_route=\/wp\/v2\/types\/post"}],"author":[{"embeddable":true,"href":"https:\/\/syri.tv\/index.php?rest_route=\/wp\/v2\/users\/1"}],"replies":[{"embeddable":true,"href":"https:\/\/syri.tv\/index.php?rest_route=%2Fwp%2Fv2%2Fcomments&post=2894"}],"version-history":[{"count":6,"href":"https:\/\/syri.tv\/index.php?rest_route=\/wp\/v2\/posts\/2894\/revisions"}],"predecessor-version":[{"id":2905,"href":"https:\/\/syri.tv\/index.php?rest_route=\/wp\/v2\/posts\/2894\/revisions\/2905"}],"wp:featuredmedia":[{"embeddable":true,"href":"https:\/\/syri.tv\/index.php?rest_route=\/wp\/v2\/media\/2895"}],"wp:attachment":[{"href":"https:\/\/syri.tv\/index.php?rest_route=%2Fwp%2Fv2%2Fmedia&parent=2894"}],"wp:term":[{"taxonomy":"category","embeddable":true,"href":"https:\/\/syri.tv\/index.php?rest_route=%2Fwp%2Fv2%2Fcategories&post=2894"},{"taxonomy":"post_tag","embeddable":true,"href":"https:\/\/syri.tv\/index.php?rest_route=%2Fwp%2Fv2%2Ftags&post=2894"}],"curies":[{"name":"wp","href":"https:\/\/api.w.org\/{rel}","templated":true}]}}