{"id":2884,"date":"2022-10-18T17:07:46","date_gmt":"2022-10-18T17:07:46","guid":{"rendered":"https:\/\/syri.tv\/?p=2884"},"modified":"2022-10-18T17:07:46","modified_gmt":"2022-10-18T17:07:46","slug":"fc-llapi-eshte-fituese-e-turnirit-te-kupes-kosove-diaspore","status":"publish","type":"post","link":"https:\/\/syri.tv\/?p=2884","title":{"rendered":"FC Llapi \u00ebsht\u00eb fituese e turnirit t\u00eb Kup\u00ebs Kosov\u00eb &#8211; Diaspor\u00eb"},"content":{"rendered":"<p>Sot u zhvillua ndeshja e turnirit t\u00eb Kup\u00ebs n\u00eb Kampin Nacional t\u00eb FFK tmes FC Llapi \u2013 FC Kosova Z\u00fcrich Zvic\u00ebr.<\/p>\n<p>FC Llapi doli m\u00eb e mira duke mposhtur kund\u00ebrshtarin FC Kosova nga Zvicra\u00a0 me rezultat 3me 1<\/p>\n<p>Ndeshja u zhvillua n\u00eb atmosfer\u00eb festive ku shum\u00eb familjar\u00eb nga Kosova t\u00eb futbollist\u00ebve t\u00eb FC Kosova ishin n\u00eb stadiumin e Hajvalis\u00eb duke i mir\u00ebpritur me duartrokitje t\u00eb pand\u00ebrprera.<\/p>\n<p>FFK me kryetarin Agim Ademi bashk\u00eb me <span style=\"color: #282828;\"><span style=\"font-family: Oxygen, sans-serif;\"><span style=\"font-size: medium;\">Drejtori i departamentit p\u00ebr Diaspor\u00eb z.Syl\u00eb Ukshini dhe udh\u00ebheq\u00ebs i divizionit p\u00ebr kultur rini dhe sport p\u00ebr Diaspor\u00eb z. Elis Badalli <\/span><\/span><\/span>dhe Kryetarin e UKSHFZ z. Feti Demoli ishin mir\u00eb t\u00eb organizuar si nga p\u00ebrzgjedhja e refer\u00ebve profesionist stadiumi i zbukuruar dhe me shp\u00ebrblime e mir\u00ebnjohje p\u00ebr ekipet n\u00eb teren.<\/p>\n<p><img loading=\"lazy\" loading=\"lazy\" decoding=\"async\" class=\"alignnone size-medium wp-image-2886\" src=\"https:\/\/syri.tv\/wp-content\/uploads\/2022\/10\/2-2-300x192.jpeg\" alt=\"\" width=\"300\" height=\"192\" srcset=\"https:\/\/syri.tv\/wp-content\/uploads\/2022\/10\/2-2-300x192.jpeg 300w, https:\/\/syri.tv\/wp-content\/uploads\/2022\/10\/2-2-768x493.jpeg 768w, https:\/\/syri.tv\/wp-content\/uploads\/2022\/10\/2-2-860x552.jpeg 860w, https:\/\/syri.tv\/wp-content\/uploads\/2022\/10\/2-2.jpeg 1024w\" sizes=\"auto, (max-width: 300px) 100vw, 300px\" \/> <img loading=\"lazy\" loading=\"lazy\" decoding=\"async\" class=\"alignnone  wp-image-2887\" src=\"https:\/\/syri.tv\/wp-content\/uploads\/2022\/10\/3-1-300x182.jpeg\" alt=\"\" width=\"316\" height=\"192\" srcset=\"https:\/\/syri.tv\/wp-content\/uploads\/2022\/10\/3-1-300x182.jpeg 300w, https:\/\/syri.tv\/wp-content\/uploads\/2022\/10\/3-1-768x466.jpeg 768w, https:\/\/syri.tv\/wp-content\/uploads\/2022\/10\/3-1-860x522.jpeg 860w, https:\/\/syri.tv\/wp-content\/uploads\/2022\/10\/3-1.jpeg 1024w\" sizes=\"auto, (max-width: 316px) 100vw, 316px\" \/><\/p>\n<p>Pas intervistave t\u00eb shumta pas ndeshjes, p\u00ebrfaq\u00ebsuesit nga Kosova dhe Zvicra u shprehen se kjo form\u00eb \u00ebsht\u00eb ur\u00eb lidhja e futbollin dhe t\u00eb rinjt\u00eb nga Diaspora me vendlindjen p\u00ebr nj\u00eb shpres\u00eb q\u00eb n\u00eb t\u00eb ardhmen t\u00eb jen edhe pjes\u00eb e reprezentacionit t\u00eb Kosov\u00ebs.<\/p>\n<p>Agim Ademi Kryetar i FFK nd\u00ebr t\u00eb tjera tha se k\u00ebshtu bashk\u00eb jemi m\u00eb t\u00eb fuqish\u00ebm dhe aktiviteti i vendlindjes me diaspor\u00ebn duhet t\u00eb intensifikohet p\u00ebr interesa t\u00eb p\u00ebrbashk\u00ebta p\u00ebr nj\u00eb zhvillim pozitiv.<\/p>\n<p>P\u00ebrfaq\u00ebsuesi i MPJD z. tha se interesimi jon\u00eb \u00ebsht\u00eb q\u00eb ti mb\u00ebshtesim n\u00eb mund\u00ebsit\u00eb q\u00eb i kemi t\u00eb rinjt\u00eb nga diaspora n\u00eb k\u00ebt\u00eb rast UKSHFZ dhe FC Kosova por edhe t\u00eb tjer\u00ebt sepse ju jeni ambasador\u00ebt e unitetit t\u00eb shtetit ton\u00eb n\u00eb kultur\u00eb dhe sport.<\/p>\n<p><img loading=\"lazy\" loading=\"lazy\" decoding=\"async\" class=\"alignnone  wp-image-2888\" src=\"https:\/\/syri.tv\/wp-content\/uploads\/2022\/10\/4-1-300x200.jpeg\" alt=\"\" width=\"338\" height=\"225\" srcset=\"https:\/\/syri.tv\/wp-content\/uploads\/2022\/10\/4-1-300x200.jpeg 300w, https:\/\/syri.tv\/wp-content\/uploads\/2022\/10\/4-1-768x513.jpeg 768w, https:\/\/syri.tv\/wp-content\/uploads\/2022\/10\/4-1-330x220.jpeg 330w, https:\/\/syri.tv\/wp-content\/uploads\/2022\/10\/4-1-420x280.jpeg 420w, https:\/\/syri.tv\/wp-content\/uploads\/2022\/10\/4-1-615x410.jpeg 615w, https:\/\/syri.tv\/wp-content\/uploads\/2022\/10\/4-1-860x574.jpeg 860w, https:\/\/syri.tv\/wp-content\/uploads\/2022\/10\/4-1.jpeg 1024w\" sizes=\"auto, (max-width: 338px) 100vw, 338px\" \/>\u00a0 <img loading=\"lazy\" loading=\"lazy\" decoding=\"async\" class=\"alignnone  wp-image-2890\" src=\"https:\/\/syri.tv\/wp-content\/uploads\/2022\/10\/11-300x156.png\" alt=\"\" width=\"429\" height=\"223\" srcset=\"https:\/\/syri.tv\/wp-content\/uploads\/2022\/10\/11-300x156.png 300w, https:\/\/syri.tv\/wp-content\/uploads\/2022\/10\/11-1024x531.png 1024w, https:\/\/syri.tv\/wp-content\/uploads\/2022\/10\/11-768x399.png 768w, https:\/\/syri.tv\/wp-content\/uploads\/2022\/10\/11-1536x797.png 1536w, https:\/\/syri.tv\/wp-content\/uploads\/2022\/10\/11-860x446.png 860w, https:\/\/syri.tv\/wp-content\/uploads\/2022\/10\/11.png 1684w\" sizes=\"auto, (max-width: 429px) 100vw, 429px\" \/><\/p>\n<p>Kryetari i UKSHFZ z. Feti Demoli u shpreh shum\u00eb i lumtur me p\u00ebrfundimin e turnirit t\u00eb Kup\u00ebs Kosove &#8211; Diaspore dhe e \u00e7mon pa mas\u00eb angazhimin dhe ndihm\u00ebn e FFK e n\u00eb ve\u00e7anti kryetarin z. Agim Ademi q\u00eb mund\u00ebson nj\u00eb turnir t\u00eb karakterit madhor.<\/p>\n<p>Z. Demoli fal\u00ebnderon edhe Ministrin e Pun\u00ebve t\u00eb Jashtme dhe Diaspor\u00ebs z. \u2026..p\u00ebr mb\u00ebshtetjen qe ju ofrua UKSHFZ dhe FC Kosova nga Zvicra duke treguar se shteti i Kosov\u00ebs \u00ebsht\u00eb pran m\u00ebrgimtar\u00ebve.<\/p>\n<p><img loading=\"lazy\" loading=\"lazy\" decoding=\"async\" class=\"alignnone  wp-image-2891\" src=\"https:\/\/syri.tv\/wp-content\/uploads\/2022\/10\/12-300x162.png\" alt=\"\" width=\"415\" height=\"224\" srcset=\"https:\/\/syri.tv\/wp-content\/uploads\/2022\/10\/12-300x162.png 300w, https:\/\/syri.tv\/wp-content\/uploads\/2022\/10\/12-1024x555.png 1024w, https:\/\/syri.tv\/wp-content\/uploads\/2022\/10\/12-768x416.png 768w, https:\/\/syri.tv\/wp-content\/uploads\/2022\/10\/12-1536x832.png 1536w, https:\/\/syri.tv\/wp-content\/uploads\/2022\/10\/12-860x466.png 860w, https:\/\/syri.tv\/wp-content\/uploads\/2022\/10\/12.png 1972w\" sizes=\"auto, (max-width: 415px) 100vw, 415px\" \/> <img loading=\"lazy\" loading=\"lazy\" decoding=\"async\" class=\"alignnone size-medium wp-image-2889\" src=\"https:\/\/syri.tv\/wp-content\/uploads\/2022\/10\/5-300x225.jpg\" alt=\"\" width=\"300\" height=\"225\" srcset=\"https:\/\/syri.tv\/wp-content\/uploads\/2022\/10\/5-300x225.jpg 300w, https:\/\/syri.tv\/wp-content\/uploads\/2022\/10\/5-1024x768.jpg 1024w, https:\/\/syri.tv\/wp-content\/uploads\/2022\/10\/5-768x576.jpg 768w, https:\/\/syri.tv\/wp-content\/uploads\/2022\/10\/5-1536x1152.jpg 1536w, https:\/\/syri.tv\/wp-content\/uploads\/2022\/10\/5-2048x1536.jpg 2048w, https:\/\/syri.tv\/wp-content\/uploads\/2022\/10\/5-860x645.jpg 860w\" sizes=\"auto, (max-width: 300px) 100vw, 300px\" \/><\/p>\n<p>P\u00ebrfaq\u00ebsuesi i FC Kosova z. \u2026.. fal\u00ebnderon t\u00eb gjith\u00eb p\u00ebr organizimin dhe u shpreh shum\u00eb i lumtur p\u00ebr k\u00ebt\u00eb ndeshje pavar\u00ebsisht fituesit sepse ne jemi t\u00eb k\u00ebnaqur me loj\u00ebn dhe kemi sh\u00ebtitur Kosov\u00ebn ne disa qytete shum\u00eb interesante p\u00ebr klubin dhe lojtar\u00ebt<\/p>\n<p>P\u00ebrfaq\u00ebsuesi i FC Llapit tha se ishte nj\u00eb eksperienc\u00eb shum\u00eb e mir\u00eb t\u00eb zhvillohet nj\u00eb ndeshje e rangut t\u00eb lart\u00eb ndaj nj\u00eb klubi shqiptar nga Zvicra si q\u00eb \u00ebsht\u00eb FC Kosova t\u00eb cil\u00ebt kan\u00eb nj\u00eb ekip jasht\u00ebzakonisht t\u00eb mir\u00eb dhe jan\u00eb t\u00eb disiplinuar<\/p>\n","protected":false},"excerpt":{"rendered":"<p>Sot u zhvillua ndeshja e turnirit t\u00eb Kup\u00ebs n\u00eb Kampin Nacional t\u00eb FFK tmes FC Llapi \u2013 FC Kosova Z\u00fcrich Zvic\u00ebr. FC Llapi doli m\u00eb e mira duke mposhtur kund\u00ebrshtarin FC Kosova nga Zvicra\u00a0 me rezultat 3me 1 Ndeshja u zhvillua n\u00eb atmosfer\u00eb festive ku shum\u00eb familjar\u00eb nga Kosova t\u00eb futbollist\u00ebve t\u00eb FC Kosova ishin [&hellip;]<\/p>\n","protected":false},"author":1,"featured_media":2885,"comment_status":"closed","ping_status":"closed","sticky":false,"template":"","format":"standard","meta":{"footnotes":""},"categories":[106],"tags":[],"class_list":{"0":"post-2884","1":"post","2":"type-post","3":"status-publish","4":"format-standard","5":"has-post-thumbnail","7":"category-sport"},"_links":{"self":[{"href":"https:\/\/syri.tv\/index.php?rest_route=\/wp\/v2\/posts\/2884","targetHints":{"allow":["GET"]}}],"collection":[{"href":"https:\/\/syri.tv\/index.php?rest_route=\/wp\/v2\/posts"}],"about":[{"href":"https:\/\/syri.tv\/index.php?rest_route=\/wp\/v2\/types\/post"}],"author":[{"embeddable":true,"href":"https:\/\/syri.tv\/index.php?rest_route=\/wp\/v2\/users\/1"}],"replies":[{"embeddable":true,"href":"https:\/\/syri.tv\/index.php?rest_route=%2Fwp%2Fv2%2Fcomments&post=2884"}],"version-history":[{"count":1,"href":"https:\/\/syri.tv\/index.php?rest_route=\/wp\/v2\/posts\/2884\/revisions"}],"predecessor-version":[{"id":2892,"href":"https:\/\/syri.tv\/index.php?rest_route=\/wp\/v2\/posts\/2884\/revisions\/2892"}],"wp:featuredmedia":[{"embeddable":true,"href":"https:\/\/syri.tv\/index.php?rest_route=\/wp\/v2\/media\/2885"}],"wp:attachment":[{"href":"https:\/\/syri.tv\/index.php?rest_route=%2Fwp%2Fv2%2Fmedia&parent=2884"}],"wp:term":[{"taxonomy":"category","embeddable":true,"href":"https:\/\/syri.tv\/index.php?rest_route=%2Fwp%2Fv2%2Fcategories&post=2884"},{"taxonomy":"post_tag","embeddable":true,"href":"https:\/\/syri.tv\/index.php?rest_route=%2Fwp%2Fv2%2Ftags&post=2884"}],"curies":[{"name":"wp","href":"https:\/\/api.w.org\/{rel}","templated":true}]}}