{"id":2870,"date":"2022-10-17T19:11:16","date_gmt":"2022-10-17T19:11:16","guid":{"rendered":"https:\/\/syri.tv\/?p=2870"},"modified":"2022-10-17T19:11:16","modified_gmt":"2022-10-17T19:11:16","slug":"ukshfz-dhe-fc-kosova-sot-pasdite-u-mirepriten-ne-ffk-dhe-kryetari-z-agim-ademi","status":"publish","type":"post","link":"https:\/\/syri.tv\/?p=2870","title":{"rendered":"UKSHFZ dhe FC Kosova sot pasdite u mir\u00ebprit\u00ebn n\u00eb FFK dhe Kryetari z. Agim Ademi"},"content":{"rendered":"<p>UKSHFZ dhe FC Kosova nga Zvicra sot shijojn\u00eb mikpritjen bujare nga Kryetari z. Agim Ademi me stafin e FFK dhe ndajn\u00eb k\u00ebnaq\u00ebsin\u00eb e dy anshme t\u00eb jen s\u00eb bashku.<\/p>\n<p>Z. Agim Ademi mban kujtimet dhe premtimet nga finalja e Kup\u00ebs s\u00eb UKSHFZ me 26 Qershor t\u00eb k\u00ebtij viti n\u00eb Zvic\u00ebr q\u00eb qysh pas ndeshjes finale FC Prishtina Bern kund\u00ebr Fc Kosova Z\u00fcrich ku at\u00ebher\u00eb tha se do t\u00eb jeni t\u00eb mir\u00ebpritur dhe t\u00eb mb\u00ebshtetur nga ne.<\/p>\n<p><img loading=\"lazy\" loading=\"lazy\" decoding=\"async\" class=\"alignnone size-medium wp-image-2872\" src=\"https:\/\/syri.tv\/wp-content\/uploads\/2022\/10\/image00002-169x300.jpeg\" alt=\"\" width=\"169\" height=\"300\" srcset=\"https:\/\/syri.tv\/wp-content\/uploads\/2022\/10\/image00002-169x300.jpeg 169w, https:\/\/syri.tv\/wp-content\/uploads\/2022\/10\/image00002-576x1024.jpeg 576w, https:\/\/syri.tv\/wp-content\/uploads\/2022\/10\/image00002-768x1365.jpeg 768w, https:\/\/syri.tv\/wp-content\/uploads\/2022\/10\/image00002-864x1536.jpeg 864w, https:\/\/syri.tv\/wp-content\/uploads\/2022\/10\/image00002-1152x2048.jpeg 1152w, https:\/\/syri.tv\/wp-content\/uploads\/2022\/10\/image00002-860x1529.jpeg 860w, https:\/\/syri.tv\/wp-content\/uploads\/2022\/10\/image00002-1536x2731.jpeg 1536w, https:\/\/syri.tv\/wp-content\/uploads\/2022\/10\/image00002-scaled.jpeg 1440w\" sizes=\"auto, (max-width: 169px) 100vw, 169px\" \/> <img loading=\"lazy\" loading=\"lazy\" decoding=\"async\" class=\"alignnone size-medium wp-image-2873\" src=\"https:\/\/syri.tv\/wp-content\/uploads\/2022\/10\/image00016-1-169x300.jpeg\" alt=\"\" width=\"169\" height=\"300\" srcset=\"https:\/\/syri.tv\/wp-content\/uploads\/2022\/10\/image00016-1-169x300.jpeg 169w, https:\/\/syri.tv\/wp-content\/uploads\/2022\/10\/image00016-1-576x1024.jpeg 576w, https:\/\/syri.tv\/wp-content\/uploads\/2022\/10\/image00016-1-768x1365.jpeg 768w, https:\/\/syri.tv\/wp-content\/uploads\/2022\/10\/image00016-1-864x1536.jpeg 864w, https:\/\/syri.tv\/wp-content\/uploads\/2022\/10\/image00016-1-1152x2048.jpeg 1152w, https:\/\/syri.tv\/wp-content\/uploads\/2022\/10\/image00016-1-860x1529.jpeg 860w, https:\/\/syri.tv\/wp-content\/uploads\/2022\/10\/image00016-1-1536x2731.jpeg 1536w, https:\/\/syri.tv\/wp-content\/uploads\/2022\/10\/image00016-1-scaled.jpeg 1440w\" sizes=\"auto, (max-width: 169px) 100vw, 169px\" \/> <img loading=\"lazy\" loading=\"lazy\" decoding=\"async\" class=\"alignnone size-medium wp-image-2874\" src=\"https:\/\/syri.tv\/wp-content\/uploads\/2022\/10\/image00018-1-225x300.jpeg\" alt=\"\" width=\"225\" height=\"300\" srcset=\"https:\/\/syri.tv\/wp-content\/uploads\/2022\/10\/image00018-1-225x300.jpeg 225w, https:\/\/syri.tv\/wp-content\/uploads\/2022\/10\/image00018-1-768x1024.jpeg 768w, https:\/\/syri.tv\/wp-content\/uploads\/2022\/10\/image00018-1-1152x1536.jpeg 1152w, https:\/\/syri.tv\/wp-content\/uploads\/2022\/10\/image00018-1-1536x2048.jpeg 1536w, https:\/\/syri.tv\/wp-content\/uploads\/2022\/10\/image00018-1-860x1147.jpeg 860w, https:\/\/syri.tv\/wp-content\/uploads\/2022\/10\/image00018-1-scaled.jpeg 1920w\" sizes=\"auto, (max-width: 225px) 100vw, 225px\" \/> <img loading=\"lazy\" loading=\"lazy\" decoding=\"async\" class=\"alignnone size-medium wp-image-2876\" src=\"https:\/\/syri.tv\/wp-content\/uploads\/2022\/10\/image00022-1-225x300.jpeg\" alt=\"\" width=\"225\" height=\"300\" srcset=\"https:\/\/syri.tv\/wp-content\/uploads\/2022\/10\/image00022-1-225x300.jpeg 225w, https:\/\/syri.tv\/wp-content\/uploads\/2022\/10\/image00022-1-768x1024.jpeg 768w, https:\/\/syri.tv\/wp-content\/uploads\/2022\/10\/image00022-1-1152x1536.jpeg 1152w, https:\/\/syri.tv\/wp-content\/uploads\/2022\/10\/image00022-1-1536x2048.jpeg 1536w, https:\/\/syri.tv\/wp-content\/uploads\/2022\/10\/image00022-1-860x1147.jpeg 860w, https:\/\/syri.tv\/wp-content\/uploads\/2022\/10\/image00022-1-scaled.jpeg 1920w\" sizes=\"auto, (max-width: 225px) 100vw, 225px\" \/><\/p>\n<p>FFK organizatore e finales s\u00eb Kup\u00ebs p\u00ebr Diaspor\u00ebn ne bashk\u00ebpunim t\u00eb ngusht\u00eb me UKSHFZ, kan\u00eb b\u00ebr\u00eb t\u00eb mundur q\u00eb gjat\u00eb q\u00ebndrimit n\u00eb Kosov\u00eb FC Kosova munden si ekip t\u00eb l\u00ebvizin lirsh\u00ebm n\u00eb Kosov\u00eb.Nd\u00ebr t\u00eb tjera \u00ebsht\u00eb siguruar edhe autobusin sipas nevojave t\u00eb tyre e nj\u00ebkoh\u00ebsisht\u00eb fush\u00ebn e st\u00ebrvitjeve dhe organizimin e plot\u00eb t\u00eb zhvillimit t\u00eb ndeshjes s\u00eb madhe finalen e Kup\u00ebs s\u00eb Diaspor\u00ebs ne Kampin Nacional t\u00eb FFK.<\/p>\n<p>Z. Feti Demoli fal\u00ebnderoi z. Agim Ademi dhe FFK p\u00ebr mb\u00ebshtetjen e pa rezerve ndaj unionit duke theksuar se \u00ebsht\u00eb njeriu i cili jep kontributin e vecant\u00eb ndaj futbollit t\u00eb Diaspor\u00ebs.<\/p>\n<p><img loading=\"lazy\" loading=\"lazy\" decoding=\"async\" class=\"alignnone  wp-image-2878\" src=\"https:\/\/syri.tv\/wp-content\/uploads\/2022\/10\/image00013-300x169.jpeg\" alt=\"\" width=\"405\" height=\"228\" srcset=\"https:\/\/syri.tv\/wp-content\/uploads\/2022\/10\/image00013-300x169.jpeg 300w, https:\/\/syri.tv\/wp-content\/uploads\/2022\/10\/image00013-1024x576.jpeg 1024w, https:\/\/syri.tv\/wp-content\/uploads\/2022\/10\/image00013-768x432.jpeg 768w, https:\/\/syri.tv\/wp-content\/uploads\/2022\/10\/image00013-1536x864.jpeg 1536w, https:\/\/syri.tv\/wp-content\/uploads\/2022\/10\/image00013-2048x1152.jpeg 2048w, https:\/\/syri.tv\/wp-content\/uploads\/2022\/10\/image00013-860x484.jpeg 860w\" sizes=\"auto, (max-width: 405px) 100vw, 405px\" \/> <img loading=\"lazy\" loading=\"lazy\" decoding=\"async\" class=\"alignnone size-medium wp-image-2877\" src=\"https:\/\/syri.tv\/wp-content\/uploads\/2022\/10\/image00010-1-300x225.jpeg\" alt=\"\" width=\"300\" height=\"225\" srcset=\"https:\/\/syri.tv\/wp-content\/uploads\/2022\/10\/image00010-1-300x225.jpeg 300w, https:\/\/syri.tv\/wp-content\/uploads\/2022\/10\/image00010-1-1024x768.jpeg 1024w, https:\/\/syri.tv\/wp-content\/uploads\/2022\/10\/image00010-1-768x576.jpeg 768w, https:\/\/syri.tv\/wp-content\/uploads\/2022\/10\/image00010-1-1536x1152.jpeg 1536w, https:\/\/syri.tv\/wp-content\/uploads\/2022\/10\/image00010-1-2048x1536.jpeg 2048w, https:\/\/syri.tv\/wp-content\/uploads\/2022\/10\/image00010-1-860x645.jpeg 860w\" sizes=\"auto, (max-width: 300px) 100vw, 300px\" \/><\/p>\n<p>Agim Ademi n\u00eb em\u00ebr t\u00eb FFK ndau edhe mir\u00ebnjohje UKSHFZ dhe simbolizoi institucionin aktiv n\u00eb Zvic\u00ebr duke vlersuar pun\u00ebn e tyre e thekson se t\u00eb bashkuar b\u00ebjm\u00eb fuqin\u00eb.<\/p>\n<p>Z. Feti Demoli i ndau edhe mir\u00ebnjohje Z. Agim Ademi dhe FFK &#8211; s\u00eb p\u00ebr angazhimin, organizimin e Kup\u00ebs s\u00eb Diaspor\u00ebs dhe mb\u00ebshtetjen e pa rezerv\u00eb ndaj unionit dhe FC Kosova.<\/p>\n<p><img loading=\"lazy\" loading=\"lazy\" decoding=\"async\" class=\"alignnone  wp-image-2879\" src=\"https:\/\/syri.tv\/wp-content\/uploads\/2022\/10\/image00005-300x169.jpeg\" alt=\"\" width=\"392\" height=\"221\" srcset=\"https:\/\/syri.tv\/wp-content\/uploads\/2022\/10\/image00005-300x169.jpeg 300w, https:\/\/syri.tv\/wp-content\/uploads\/2022\/10\/image00005-1024x576.jpeg 1024w, https:\/\/syri.tv\/wp-content\/uploads\/2022\/10\/image00005-768x432.jpeg 768w, https:\/\/syri.tv\/wp-content\/uploads\/2022\/10\/image00005-1536x864.jpeg 1536w, https:\/\/syri.tv\/wp-content\/uploads\/2022\/10\/image00005-2048x1152.jpeg 2048w, https:\/\/syri.tv\/wp-content\/uploads\/2022\/10\/image00005-860x484.jpeg 860w\" sizes=\"auto, (max-width: 392px) 100vw, 392px\" \/> <img loading=\"lazy\" loading=\"lazy\" decoding=\"async\" class=\"alignnone size-medium wp-image-2880\" src=\"https:\/\/syri.tv\/wp-content\/uploads\/2022\/10\/image00025-300x225.jpeg\" alt=\"\" width=\"300\" height=\"225\" srcset=\"https:\/\/syri.tv\/wp-content\/uploads\/2022\/10\/image00025-300x225.jpeg 300w, https:\/\/syri.tv\/wp-content\/uploads\/2022\/10\/image00025-1024x768.jpeg 1024w, https:\/\/syri.tv\/wp-content\/uploads\/2022\/10\/image00025-768x576.jpeg 768w, https:\/\/syri.tv\/wp-content\/uploads\/2022\/10\/image00025-1536x1152.jpeg 1536w, https:\/\/syri.tv\/wp-content\/uploads\/2022\/10\/image00025-2048x1536.jpeg 2048w, https:\/\/syri.tv\/wp-content\/uploads\/2022\/10\/image00025-860x645.jpeg 860w\" sizes=\"auto, (max-width: 300px) 100vw, 300px\" \/><\/p>\n<p>Edhe FC Kosova fal\u00ebnderojn\u00eb z. Agim Ademi dhe FFK e n\u00eb ve\u00e7anti shprehet Nusret limani Kryetar se nj\u00eb organizim i p\u00ebrmasave t\u00eb m\u00ebdha t\u00eb nj\u00eb klubi t\u00eb futbollit fitues i Kup\u00ebs nga Diaspora t\u00eb ndeshet me Klubin fitues t\u00eb Kup\u00ebs n\u00eb Kosov\u00eb k\u00ebrkon angazhim t\u00eb madh dhe \u00ebsht\u00eb nj\u00eb kosto q\u00eb FFK investon p\u00ebr nj\u00eb te ardhme t\u00eb af\u00ebrt sidomos p\u00ebr rinin\u00eb dhe talentet e Diaspor\u00ebs.<\/p>\n<p><img loading=\"lazy\" loading=\"lazy\" decoding=\"async\" class=\"alignnone size-medium wp-image-2882\" src=\"https:\/\/syri.tv\/wp-content\/uploads\/2022\/10\/image00033-300x225.jpeg\" alt=\"\" width=\"300\" height=\"225\" srcset=\"https:\/\/syri.tv\/wp-content\/uploads\/2022\/10\/image00033-300x225.jpeg 300w, https:\/\/syri.tv\/wp-content\/uploads\/2022\/10\/image00033-1024x768.jpeg 1024w, https:\/\/syri.tv\/wp-content\/uploads\/2022\/10\/image00033-768x576.jpeg 768w, https:\/\/syri.tv\/wp-content\/uploads\/2022\/10\/image00033-1536x1152.jpeg 1536w, https:\/\/syri.tv\/wp-content\/uploads\/2022\/10\/image00033-2048x1536.jpeg 2048w, https:\/\/syri.tv\/wp-content\/uploads\/2022\/10\/image00033-860x645.jpeg 860w\" sizes=\"auto, (max-width: 300px) 100vw, 300px\" \/> <img loading=\"lazy\" loading=\"lazy\" decoding=\"async\" class=\"alignnone size-medium wp-image-2881\" src=\"https:\/\/syri.tv\/wp-content\/uploads\/2022\/10\/image00030-300x225.jpeg\" alt=\"\" width=\"300\" height=\"225\" srcset=\"https:\/\/syri.tv\/wp-content\/uploads\/2022\/10\/image00030-300x225.jpeg 300w, https:\/\/syri.tv\/wp-content\/uploads\/2022\/10\/image00030-1024x768.jpeg 1024w, https:\/\/syri.tv\/wp-content\/uploads\/2022\/10\/image00030-768x576.jpeg 768w, https:\/\/syri.tv\/wp-content\/uploads\/2022\/10\/image00030-1536x1152.jpeg 1536w, https:\/\/syri.tv\/wp-content\/uploads\/2022\/10\/image00030-2048x1536.jpeg 2048w, https:\/\/syri.tv\/wp-content\/uploads\/2022\/10\/image00030-860x645.jpeg 860w\" sizes=\"auto, (max-width: 300px) 100vw, 300px\" \/><\/p>\n<p>Po ashtu edhe futbollistet e FC Kosova jan\u00eb t\u00eb lumtur q\u00eb gjinden sot n\u00eb FFK institucion m\u00eb i lart\u00eb i futbollit t\u00eb shtetit t\u00eb cil\u00ebt kujdesen p\u00ebr klubin dhe futbollistet m\u00ebrgimtar me nj\u00eb organizim madh\u00ebshtor para publikut vend\u00ebs p\u00ebr t\u00eb dy ekipet.<\/p>\n","protected":false},"excerpt":{"rendered":"<p>UKSHFZ dhe FC Kosova nga Zvicra sot shijojn\u00eb mikpritjen bujare nga Kryetari z. Agim Ademi me stafin e FFK dhe ndajn\u00eb k\u00ebnaq\u00ebsin\u00eb e dy anshme t\u00eb jen s\u00eb bashku. Z. Agim Ademi mban kujtimet dhe premtimet nga finalja e Kup\u00ebs s\u00eb UKSHFZ me 26 Qershor t\u00eb k\u00ebtij viti n\u00eb Zvic\u00ebr q\u00eb qysh pas ndeshjes finale [&hellip;]<\/p>\n","protected":false},"author":1,"featured_media":2871,"comment_status":"closed","ping_status":"closed","sticky":false,"template":"","format":"standard","meta":{"footnotes":""},"categories":[106],"tags":[],"class_list":{"0":"post-2870","1":"post","2":"type-post","3":"status-publish","4":"format-standard","5":"has-post-thumbnail","7":"category-sport"},"_links":{"self":[{"href":"https:\/\/syri.tv\/index.php?rest_route=\/wp\/v2\/posts\/2870","targetHints":{"allow":["GET"]}}],"collection":[{"href":"https:\/\/syri.tv\/index.php?rest_route=\/wp\/v2\/posts"}],"about":[{"href":"https:\/\/syri.tv\/index.php?rest_route=\/wp\/v2\/types\/post"}],"author":[{"embeddable":true,"href":"https:\/\/syri.tv\/index.php?rest_route=\/wp\/v2\/users\/1"}],"replies":[{"embeddable":true,"href":"https:\/\/syri.tv\/index.php?rest_route=%2Fwp%2Fv2%2Fcomments&post=2870"}],"version-history":[{"count":1,"href":"https:\/\/syri.tv\/index.php?rest_route=\/wp\/v2\/posts\/2870\/revisions"}],"predecessor-version":[{"id":2883,"href":"https:\/\/syri.tv\/index.php?rest_route=\/wp\/v2\/posts\/2870\/revisions\/2883"}],"wp:featuredmedia":[{"embeddable":true,"href":"https:\/\/syri.tv\/index.php?rest_route=\/wp\/v2\/media\/2871"}],"wp:attachment":[{"href":"https:\/\/syri.tv\/index.php?rest_route=%2Fwp%2Fv2%2Fmedia&parent=2870"}],"wp:term":[{"taxonomy":"category","embeddable":true,"href":"https:\/\/syri.tv\/index.php?rest_route=%2Fwp%2Fv2%2Fcategories&post=2870"},{"taxonomy":"post_tag","embeddable":true,"href":"https:\/\/syri.tv\/index.php?rest_route=%2Fwp%2Fv2%2Ftags&post=2870"}],"curies":[{"name":"wp","href":"https:\/\/api.w.org\/{rel}","templated":true}]}}