{"id":2775,"date":"2022-10-08T11:25:59","date_gmt":"2022-10-08T11:25:59","guid":{"rendered":"https:\/\/syri.tv\/?p=2775"},"modified":"2022-10-08T11:25:59","modified_gmt":"2022-10-08T11:25:59","slug":"te-dashur-galet-e-mi-te-ballkanit-ilirik-te-nderuar-bashkevendes","status":"publish","type":"post","link":"https:\/\/syri.tv\/?p=2775","title":{"rendered":"T\u00eb dashur Gal\u00ebt e mi t\u00eb Ballkanit Ilirik, t\u00eb nderuar Bashk\u00ebvend\u00ebs!"},"content":{"rendered":"<figure id=\"attachment_2776\" aria-describedby=\"caption-attachment-2776\" style=\"width: 195px\" class=\"wp-caption alignnone\"><img loading=\"lazy\" loading=\"lazy\" decoding=\"async\" class=\"wp-image-2776\" src=\"https:\/\/syri.tv\/wp-content\/uploads\/2022\/10\/fs-300x261.jpg\" alt=\"\" width=\"195\" height=\"170\" srcset=\"https:\/\/syri.tv\/wp-content\/uploads\/2022\/10\/fs-300x261.jpg 300w, https:\/\/syri.tv\/wp-content\/uploads\/2022\/10\/fs-768x668.jpg 768w, https:\/\/syri.tv\/wp-content\/uploads\/2022\/10\/fs-860x748.jpg 860w, https:\/\/syri.tv\/wp-content\/uploads\/2022\/10\/fs.jpg 984w\" sizes=\"auto, (max-width: 195px) 100vw, 195px\" \/><figcaption id=\"caption-attachment-2776\" class=\"wp-caption-text\">Shkruan: Fadil Selmani<\/figcaption><\/figure>\n<p>Gjat\u00eb k\u00ebtij muaji tetor 2022, \u00ebsht\u00eb duke u zhvilluar procesi i regjistrimit t\u00eb popullat\u00ebs edhe n\u00eb Preshev\u00eb, Medvegj\u00eb e Bujanoc.<\/p>\n<p>Ky regjistrim \u00ebsht\u00eb duke u kryer me shum\u00eb shkelje, q\u00ebllimi final \u00ebsht\u00eb t\u00eb reduktohen sa m\u00eb shum\u00eb banor\u00ebt autokton n\u00eb k\u00ebto tri komuna n\u00eb Dardanin Veri-Lindore, dmth neve Shqiptar\u00ebve.<\/p>\n<p>Plan-programi i hegjemonizmit serb\u00eb p\u00ebr shp\u00ebrnguljet etnike, filluar nj\u00eb shekull e gjysm\u00eb m\u00eb par\u00eb prej t\u00eb Molla e Kuqe (1878) ende po vazhdon edhe n\u00eb dit\u00eb tona dhe ne Gal\u00ebt e Ballkanit (PMB), arrit\u00ebm t\u00eb rezistojm\u00eb si shumic\u00eb n\u00eb trojet tona deri pas Gjenocidit t\u00eb fundit serb\u00eb mbi shqiptar\u00eb n\u00eb Kosov\u00eb 1998-99.<\/p>\n<p>Mir\u00ebpo pas disfat\u00ebs politiko-ushtarake t\u00eb Serbis\u00eb n\u00eb Kosov\u00eb, si shenj\u00eb hakmarrje ndaj humbjes t\u00eb Dardanis\u00eb Qendrore, ajo b\u00ebri edhe Gjenocidin Psikologjik\u00eb kundrejt tri komunave Preshev\u00eb, Medvegj\u00eb e Bujanoc, me shp\u00ebrnguljet etnike \u00abn\u00ebn heshtje\u00ab (1999-2000), p\u00ebr t \u2018arrit n\u00eb kulmin e hegjemonizmit, me Pasivizimin e adresave, t\u00eb cilat jan\u00eb t\u00eb intensifikuara nga viti 2017, me \u00e7ka po kryhet edhe Gjenocidi Administrativ\u00eb k\u00ebsaj radhe, dhe regjistrimi i popullat\u00ebs e ka p\u00ebr q\u00ebllim varrosjen definitive kolektive t\u00eb banor\u00ebve autokton ?!\u2026<\/p>\n<p>P\u00ebr ta parandaluar p\u00ebrfundimisht politik\u00ebn hegjemoniste e shoviniste mbi k\u00ebto tri komuna, Ju ftoi q\u00eb n\u00eb form\u00eb t\u00eb bashkuar t\u00eb shkojm\u00eb t\u00eb tentojm\u00eb t\u00eb regjistrohemi edhe pse paraprakisht e di q\u00eb sistemi do t \u2018provoi t\u00eb b\u00ebj\u00eb \u00e7mos p\u00ebr t \u2019mos ju regjistruar, mir\u00ebpo \u00ebsht\u00eb edhe nj\u00eb sfid\u00eb e radh\u00ebs, me t\u00eb cil\u00ebn duhet t\u00eb ballafaqohemi p\u00ebr me pas argumente shtes\u00eb se Serbia nuk \u00ebsht\u00eb e interesuar ti zbaton detyrimet universale t\u00eb drejtave t\u00eb njeriut dhe shtetit t\u00eb s\u00eb drejt\u00ebs e mbi t\u00eb gjitha t\u00eb drejtat e banor\u00ebve Autokton.<\/p>\n<p>Andaj Autokton e Gal\u00eb i Ballkanit , mos u frik\u00ebso! Shko n\u00eb vendin t\u00ebnd e tento t\u00eb regjistrohesh, shko n\u00eb Vendin e Art\u00eb, pra n\u00eb Vendlindjen t\u00ebnde, aty ku me gjak e mund na lind\u00ebn, rrit\u00ebn, ushqyen e shkolluan t\u00eb par\u00eb tan\u00eb.<\/p>\n<p>K\u00ebt\u00eb ua kemi borxh Plis bardh\u00ebve e shpirtbardh\u00ebve tan\u00eb.<\/p>\n<p>Tokat tona Ilire nuk do t\u2019ia falim askujt n\u00eb k\u00ebt\u00eb Bot\u00eb !<\/p>\n","protected":false},"excerpt":{"rendered":"<p>Gjat\u00eb k\u00ebtij muaji tetor 2022, \u00ebsht\u00eb duke u zhvilluar procesi i regjistrimit t\u00eb popullat\u00ebs edhe n\u00eb Preshev\u00eb, Medvegj\u00eb e Bujanoc. Ky regjistrim \u00ebsht\u00eb duke u kryer me shum\u00eb shkelje, q\u00ebllimi final \u00ebsht\u00eb t\u00eb reduktohen sa m\u00eb shum\u00eb banor\u00ebt autokton n\u00eb k\u00ebto tri komuna n\u00eb Dardanin Veri-Lindore, dmth neve Shqiptar\u00ebve. Plan-programi i hegjemonizmit serb\u00eb p\u00ebr shp\u00ebrnguljet [&hellip;]<\/p>\n","protected":false},"author":1,"featured_media":2777,"comment_status":"closed","ping_status":"closed","sticky":false,"template":"","format":"standard","meta":{"footnotes":""},"categories":[9],"tags":[],"class_list":{"0":"post-2775","1":"post","2":"type-post","3":"status-publish","4":"format-standard","5":"has-post-thumbnail","7":"category-vendi"},"_links":{"self":[{"href":"https:\/\/syri.tv\/index.php?rest_route=\/wp\/v2\/posts\/2775","targetHints":{"allow":["GET"]}}],"collection":[{"href":"https:\/\/syri.tv\/index.php?rest_route=\/wp\/v2\/posts"}],"about":[{"href":"https:\/\/syri.tv\/index.php?rest_route=\/wp\/v2\/types\/post"}],"author":[{"embeddable":true,"href":"https:\/\/syri.tv\/index.php?rest_route=\/wp\/v2\/users\/1"}],"replies":[{"embeddable":true,"href":"https:\/\/syri.tv\/index.php?rest_route=%2Fwp%2Fv2%2Fcomments&post=2775"}],"version-history":[{"count":1,"href":"https:\/\/syri.tv\/index.php?rest_route=\/wp\/v2\/posts\/2775\/revisions"}],"predecessor-version":[{"id":2778,"href":"https:\/\/syri.tv\/index.php?rest_route=\/wp\/v2\/posts\/2775\/revisions\/2778"}],"wp:featuredmedia":[{"embeddable":true,"href":"https:\/\/syri.tv\/index.php?rest_route=\/wp\/v2\/media\/2777"}],"wp:attachment":[{"href":"https:\/\/syri.tv\/index.php?rest_route=%2Fwp%2Fv2%2Fmedia&parent=2775"}],"wp:term":[{"taxonomy":"category","embeddable":true,"href":"https:\/\/syri.tv\/index.php?rest_route=%2Fwp%2Fv2%2Fcategories&post=2775"},{"taxonomy":"post_tag","embeddable":true,"href":"https:\/\/syri.tv\/index.php?rest_route=%2Fwp%2Fv2%2Ftags&post=2775"}],"curies":[{"name":"wp","href":"https:\/\/api.w.org\/{rel}","templated":true}]}}