{"id":2767,"date":"2022-10-03T11:37:34","date_gmt":"2022-10-03T11:37:34","guid":{"rendered":"https:\/\/syri.tv\/?p=2767"},"modified":"2022-10-03T11:37:34","modified_gmt":"2022-10-03T11:37:34","slug":"gazetari-preshevar-arben-mehmeti-i-cili-jeton-dhe-vepron-ne-zvicer-ka-reaguar-per-regjistrimin-e-popullsise-shqiptare-ne-presheve-bujanoc-dhe-medvegje","status":"publish","type":"post","link":"https:\/\/syri.tv\/?p=2767","title":{"rendered":"Gazetari Preshevar Arben Mehmeti i cili jeton dhe vepron n\u00eb Zvic\u00ebr ka reaguar p\u00ebr regjistrimin e popullsis\u00eb shqiptare n\u00eb Preshev\u00eb, Bujanoc dhe Medvegj\u00eb."},"content":{"rendered":"<p>Ai b\u00ebri thirrje shqiptar\u00ebve \u00a0t\u00eb regjistrohen, \u00a0ku do q\u00eb \u00a0jan\u00eb n\u00eb \u00a0Serbi si dhe \u00a0t\u00eb \u00a0gjith\u00eb shqiptar\u00ebt q\u00eb \u00a0kan n\u00ebnshtet\u00ebsi t\u00eb Serbis\u00eb q\u00eb \u00a0jetojn\u00eb n\u00eb Evrop\u00eb, duke theksuar se kjo \u00ebsht\u00eb kund\u00ebrp\u00ebrgjigja m\u00eb e mir\u00eb p\u00ebr politikat diskriminuese ndaj shqiptar\u00ebve n\u00eb k\u00ebto tre komuna me shumic\u00eb shqiptare . Regjistrimi i popullsis\u00eb n\u00eb Lugin\u00eb t\u00eb Preshev\u00ebs \u00ebsht\u00eb shum\u00eb i r\u00ebnd\u00ebsish\u00ebm, andaj ftoj qytetar\u00ebt e Lugin\u00ebs q\u00eb t\u00eb marrin pjes\u00eb n\u00eb regjistrim, por shohim se po mungon nj\u00eb fushat\u00eb sensibilizuese nga t\u00eb gjitha partit\u00eb politike n\u00eb Lugin\u00eb t\u00eb Preshev\u00ebs.<\/p>\n<p>Mehmeti thekson se \u00ebsht\u00eb obligim komb\u00ebtar dhe nder\u00eb i \u00e7do qytetarit shqiptar\u00eb \u00a0q\u00eb jeton n\u00eb Serbi dhe n\u00eb diaspor\u00eb q\u00eb ta kryej regjistrimin p\u00ebr veten dhe familjen e tij, \u00a0qe ti themi me t\u00eb v\u00ebrtet\u00eb Serbis\u00eb \u00a0se ne jemi nj\u00eb dhe nj\u00eb \u00a0komb.<\/p>\n<p>N\u00eb fund un\u00eb si gazetar dhe qytetar\u00eb apo banor\u00eb i Lugin\u00ebs s\u00eb Preshev\u00ebs, kam besim t\u00eb plot\u00eb tek \u00e7do regjistrues q\u00eb do ta kryej k\u00ebt\u00eb detyr\u00eb me p\u00ebrgjegj\u00ebsi ,uroj q\u00eb qytetar\u00ebt t\u00eb p\u00ebrgjigjen n\u00eb m\u00ebnyr\u00eb masive ndaj regjistrimit i cili ka dometh\u00ebnie t\u00eb madhe p\u00ebr qytetar\u00ebt e Lugin\u00ebs s\u00eb Preshev\u00ebs. \u00a0Regjistrimi i popullsis\u00eb shqiptare n\u00eb Lugin\u00eb e Preshev\u00ebs ka filluar q\u00eb nga 01 Tetori i k\u00ebtij viti dhe do mbaroj\u00eb \u00a0me 31 Tetor, \u00a0andaj dil dhe regjistrohu thuaj po un\u00eb mundem .<\/p>\n","protected":false},"excerpt":{"rendered":"<p>Ai b\u00ebri thirrje shqiptar\u00ebve \u00a0t\u00eb regjistrohen, \u00a0ku do q\u00eb \u00a0jan\u00eb n\u00eb \u00a0Serbi si dhe \u00a0t\u00eb \u00a0gjith\u00eb shqiptar\u00ebt q\u00eb \u00a0kan n\u00ebnshtet\u00ebsi t\u00eb Serbis\u00eb q\u00eb \u00a0jetojn\u00eb n\u00eb Evrop\u00eb, duke theksuar se kjo \u00ebsht\u00eb kund\u00ebrp\u00ebrgjigja m\u00eb e mir\u00eb p\u00ebr politikat diskriminuese ndaj shqiptar\u00ebve n\u00eb k\u00ebto tre komuna me shumic\u00eb shqiptare . Regjistrimi i popullsis\u00eb n\u00eb Lugin\u00eb t\u00eb Preshev\u00ebs [&hellip;]<\/p>\n","protected":false},"author":1,"featured_media":2768,"comment_status":"closed","ping_status":"closed","sticky":false,"template":"","format":"standard","meta":{"footnotes":""},"categories":[9],"tags":[],"class_list":{"0":"post-2767","1":"post","2":"type-post","3":"status-publish","4":"format-standard","5":"has-post-thumbnail","7":"category-vendi"},"_links":{"self":[{"href":"https:\/\/syri.tv\/index.php?rest_route=\/wp\/v2\/posts\/2767","targetHints":{"allow":["GET"]}}],"collection":[{"href":"https:\/\/syri.tv\/index.php?rest_route=\/wp\/v2\/posts"}],"about":[{"href":"https:\/\/syri.tv\/index.php?rest_route=\/wp\/v2\/types\/post"}],"author":[{"embeddable":true,"href":"https:\/\/syri.tv\/index.php?rest_route=\/wp\/v2\/users\/1"}],"replies":[{"embeddable":true,"href":"https:\/\/syri.tv\/index.php?rest_route=%2Fwp%2Fv2%2Fcomments&post=2767"}],"version-history":[{"count":1,"href":"https:\/\/syri.tv\/index.php?rest_route=\/wp\/v2\/posts\/2767\/revisions"}],"predecessor-version":[{"id":2769,"href":"https:\/\/syri.tv\/index.php?rest_route=\/wp\/v2\/posts\/2767\/revisions\/2769"}],"wp:featuredmedia":[{"embeddable":true,"href":"https:\/\/syri.tv\/index.php?rest_route=\/wp\/v2\/media\/2768"}],"wp:attachment":[{"href":"https:\/\/syri.tv\/index.php?rest_route=%2Fwp%2Fv2%2Fmedia&parent=2767"}],"wp:term":[{"taxonomy":"category","embeddable":true,"href":"https:\/\/syri.tv\/index.php?rest_route=%2Fwp%2Fv2%2Fcategories&post=2767"},{"taxonomy":"post_tag","embeddable":true,"href":"https:\/\/syri.tv\/index.php?rest_route=%2Fwp%2Fv2%2Ftags&post=2767"}],"curies":[{"name":"wp","href":"https:\/\/api.w.org\/{rel}","templated":true}]}}