{"id":2717,"date":"2022-09-13T14:57:22","date_gmt":"2022-09-13T14:57:22","guid":{"rendered":"https:\/\/syri.tv\/?p=2717"},"modified":"2022-09-13T14:57:22","modified_gmt":"2022-09-13T14:57:22","slug":"kamberi-ja-thot-ne-sy-vuciqit-kosova-eshte-e-pavarur-duhet-te-ja-thoni-te-verteten-serbeve","status":"publish","type":"post","link":"https:\/\/syri.tv\/?p=2717","title":{"rendered":"Kamberi ja thot n\u00eb sy Vu\u00e7iqit: Kosova \u00ebsht\u00eb e pavarur, duhet t\u00eb ja thoni t\u00eb v\u00ebrtet\u00ebn serb\u00ebve"},"content":{"rendered":"<p><strong>N\u00eb Kuvendin e Serbis\u00eb ka filluar seanca e posa\u00e7me n\u00eb t\u00eb cil\u00ebn presidenti Vu\u00e7iq prezanton dokumentin zyrtar t\u00eb procesit t\u00eb negociatave me Kosov\u00ebn, raporton rtvpresheva.com.<\/strong><\/p>\n<p>Pas fjalimit t\u00eb gjat\u00eb t\u00eb Vu\u00e7iqit i cili nd\u00ebr t\u00eb tjera theksoi se Serbia nuk do ta njoh\u00eb asnj\u00ebher\u00eb Kosov\u00ebn dhe se me Albin Kurtin \u00ebsht\u00eb gati se e pamunur t\u00eb bisedohet, fjal\u00ebn e mori deputeti i vet\u00ebm shqiptar, Shaip Kamberi.<\/p>\n<p>&#171;Se kush \u00ebsht\u00eb n\u00eb krye t\u00eb Qeveris\u00eb s\u00eb Kosov\u00ebs nuk vendosni ju por vendos populli i Kosov\u00ebs&#187; deklaroi Kamberi<\/p>\n<p>Kamberi n\u00eb diskutimin e tij k\u00ebrkoi nga Vu\u00e7iqi q\u00eb t\u00eb k\u00ebrkoj falje p\u00ebr krimet e shumta t\u00eb shkaktuara n\u00eb Kosov\u00eb nga ana e Serbis\u00eb.<\/p>\n<p>&#171;Kosova \u00ebsht\u00eb e pavarur dhe duhet q\u00eb k\u00ebt\u00eb t\u00eb v\u00ebrtet\u00eb t\u00eb ja thoni serb\u00ebve&#187; ka porositur Shaip Kamberi presidentin e Serbis\u00eb, Aleksandar Vu\u00e7iq.<\/p>\n<p>N\u00eb diskutimin e tij, Shaip Kamberi ka potencuar se marr\u00ebveshja mes Kosov\u00ebs dhe Serbis\u00eb duhet t\u00eb bazohet n\u00eb reciprocitet, p\u00ebrcjell rtvpresheva.com<\/p>\n<p>&#171;N\u00eb Lugin\u00eb t\u00eb Preshev\u00ebs cenohen t\u00eb drejtat e qytetar\u00ebve. Shqiptar\u00ebve nuk i pranohen diplomat nga Kosova gj\u00eb q\u00eb shkakton shp\u00ebrnguljen e shqiptar\u00ebve nga trojet e veta&#187; ka theksuar Kamberi.<\/p>\n<p>Fjalimi i zotit Kamberi ka shkaktuar polemika t\u00eb m\u00ebdha n\u00eb parlamentin serb sidomos t\u00eb partive t\u00eb ekstremit t\u00eb djatht\u00eb t\u00eb cil\u00ebt kan\u00eb then\u00eb se &#171;\u00ebsht\u00eb turp q\u00eb t\u00eb lejohet nj\u00eb shqiptar\u00eb n\u00eb parlamntin e Serbis\u00eb ta quaj Kosov\u00ebn t\u00eb pavarur&#187;.<\/p>\n<p><span style=\"\">Diskutimet n\u00eb parlamentin serb jan\u00eb duke vazhduar\/Mediaindex \/<\/span><\/p>\n","protected":false},"excerpt":{"rendered":"<p>N\u00eb Kuvendin e Serbis\u00eb ka filluar seanca e posa\u00e7me n\u00eb t\u00eb cil\u00ebn presidenti Vu\u00e7iq prezanton dokumentin zyrtar t\u00eb procesit t\u00eb negociatave me Kosov\u00ebn, raporton rtvpresheva.com. Pas fjalimit t\u00eb gjat\u00eb t\u00eb Vu\u00e7iqit i cili nd\u00ebr t\u00eb tjera theksoi se Serbia nuk do ta njoh\u00eb asnj\u00ebher\u00eb Kosov\u00ebn dhe se me Albin Kurtin \u00ebsht\u00eb gati se e pamunur [&hellip;]<\/p>\n","protected":false},"author":1,"featured_media":2718,"comment_status":"closed","ping_status":"closed","sticky":false,"template":"","format":"standard","meta":{"footnotes":""},"categories":[9],"tags":[],"class_list":{"0":"post-2717","1":"post","2":"type-post","3":"status-publish","4":"format-standard","5":"has-post-thumbnail","7":"category-vendi"},"_links":{"self":[{"href":"https:\/\/syri.tv\/index.php?rest_route=\/wp\/v2\/posts\/2717","targetHints":{"allow":["GET"]}}],"collection":[{"href":"https:\/\/syri.tv\/index.php?rest_route=\/wp\/v2\/posts"}],"about":[{"href":"https:\/\/syri.tv\/index.php?rest_route=\/wp\/v2\/types\/post"}],"author":[{"embeddable":true,"href":"https:\/\/syri.tv\/index.php?rest_route=\/wp\/v2\/users\/1"}],"replies":[{"embeddable":true,"href":"https:\/\/syri.tv\/index.php?rest_route=%2Fwp%2Fv2%2Fcomments&post=2717"}],"version-history":[{"count":1,"href":"https:\/\/syri.tv\/index.php?rest_route=\/wp\/v2\/posts\/2717\/revisions"}],"predecessor-version":[{"id":2719,"href":"https:\/\/syri.tv\/index.php?rest_route=\/wp\/v2\/posts\/2717\/revisions\/2719"}],"wp:featuredmedia":[{"embeddable":true,"href":"https:\/\/syri.tv\/index.php?rest_route=\/wp\/v2\/media\/2718"}],"wp:attachment":[{"href":"https:\/\/syri.tv\/index.php?rest_route=%2Fwp%2Fv2%2Fmedia&parent=2717"}],"wp:term":[{"taxonomy":"category","embeddable":true,"href":"https:\/\/syri.tv\/index.php?rest_route=%2Fwp%2Fv2%2Fcategories&post=2717"},{"taxonomy":"post_tag","embeddable":true,"href":"https:\/\/syri.tv\/index.php?rest_route=%2Fwp%2Fv2%2Ftags&post=2717"}],"curies":[{"name":"wp","href":"https:\/\/api.w.org\/{rel}","templated":true}]}}