{"id":2714,"date":"2022-09-09T21:07:36","date_gmt":"2022-09-09T21:07:36","guid":{"rendered":"https:\/\/syri.tv\/?p=2714"},"modified":"2022-09-09T21:10:19","modified_gmt":"2022-09-09T21:10:19","slug":"ternava-gjergji-e-krasniqi-arrijne-ne-hage-vizitojne-ish-kreret-e-uck-se","status":"publish","type":"post","link":"https:\/\/syri.tv\/?p=2714","title":{"rendered":"T\u00ebrnava, Gjergji e Krasniqi arrijn\u00eb n\u00eb Hag\u00eb, vizitojn\u00eb ish-krer\u00ebt e U\u00c7K-s\u00eb"},"content":{"rendered":"<p>Sot n\u00eb Hag\u00eb kan\u00eb arritur tre klerik\u00eb fetar\u00eb nga Kosova, pasi nes\u00ebr do t\u00eb vizitojn\u00eb ish-krer\u00ebt e U\u00c7K-s\u00eb q\u00eb ndodhen n\u00eb paraburgim.<\/p>\n<p>&#171;Myftiu i Bashk\u00ebsis\u00eb Islame t\u00eb Kosov\u00ebs, Naim T\u00ebrvana, Ipeshkvi i Kosov\u00ebs, Imzot Dod\u00eb Gjergji dhe Pastori i Kish\u00ebs Protestante t\u00eb Kosov\u00ebs, Artur Krasniqi, jan\u00eb nisur sot n\u00eb m\u00ebngjes p\u00ebr n\u00eb Hag\u00eb, dhe nes\u00ebr pritet t\u00eb vizitojn\u00eb ish-krer\u00ebt e U\u00c7K-s\u00eb&#187;, ka treguar p\u00ebr <em>Klankosova.tv<\/em> z\u00ebdh\u00ebn\u00ebsi i BIK-ut, Ahmet Sadriu.<\/p>\n<p>Kjo \u00ebsht\u00eb hera e par\u00eb q\u00eb klerik\u00ebt fetar\u00eb bashkohen p\u00ebr t&#8217;i vizituar ish-drejtuesit e U\u00c7K-s\u00eb, t\u00eb cil\u00ebt tash e gati dy vjet jan\u00eb duk\u00eb q\u00ebndruar n\u00eb Qendr\u00ebn e Paraburgimit n\u00eb Hag\u00eb, si t\u00eb akuzuar nga Dhomat e Specializuara t\u00eb Kosov\u00ebs.<\/p>\n","protected":false},"excerpt":{"rendered":"<p>Sot n\u00eb Hag\u00eb kan\u00eb arritur tre klerik\u00eb fetar\u00eb nga Kosova, pasi nes\u00ebr do t\u00eb vizitojn\u00eb ish-krer\u00ebt e U\u00c7K-s\u00eb q\u00eb ndodhen n\u00eb paraburgim. &#171;Myftiu i Bashk\u00ebsis\u00eb Islame t\u00eb Kosov\u00ebs, Naim T\u00ebrvana, Ipeshkvi i Kosov\u00ebs, Imzot Dod\u00eb Gjergji dhe Pastori i Kish\u00ebs Protestante t\u00eb Kosov\u00ebs, Artur Krasniqi, jan\u00eb nisur sot n\u00eb m\u00ebngjes p\u00ebr n\u00eb Hag\u00eb, dhe nes\u00ebr [&hellip;]<\/p>\n","protected":false},"author":1,"featured_media":2715,"comment_status":"closed","ping_status":"closed","sticky":false,"template":"","format":"standard","meta":{"footnotes":""},"categories":[9],"tags":[],"class_list":{"0":"post-2714","1":"post","2":"type-post","3":"status-publish","4":"format-standard","5":"has-post-thumbnail","7":"category-vendi"},"_links":{"self":[{"href":"https:\/\/syri.tv\/index.php?rest_route=\/wp\/v2\/posts\/2714","targetHints":{"allow":["GET"]}}],"collection":[{"href":"https:\/\/syri.tv\/index.php?rest_route=\/wp\/v2\/posts"}],"about":[{"href":"https:\/\/syri.tv\/index.php?rest_route=\/wp\/v2\/types\/post"}],"author":[{"embeddable":true,"href":"https:\/\/syri.tv\/index.php?rest_route=\/wp\/v2\/users\/1"}],"replies":[{"embeddable":true,"href":"https:\/\/syri.tv\/index.php?rest_route=%2Fwp%2Fv2%2Fcomments&post=2714"}],"version-history":[{"count":1,"href":"https:\/\/syri.tv\/index.php?rest_route=\/wp\/v2\/posts\/2714\/revisions"}],"predecessor-version":[{"id":2716,"href":"https:\/\/syri.tv\/index.php?rest_route=\/wp\/v2\/posts\/2714\/revisions\/2716"}],"wp:featuredmedia":[{"embeddable":true,"href":"https:\/\/syri.tv\/index.php?rest_route=\/wp\/v2\/media\/2715"}],"wp:attachment":[{"href":"https:\/\/syri.tv\/index.php?rest_route=%2Fwp%2Fv2%2Fmedia&parent=2714"}],"wp:term":[{"taxonomy":"category","embeddable":true,"href":"https:\/\/syri.tv\/index.php?rest_route=%2Fwp%2Fv2%2Fcategories&post=2714"},{"taxonomy":"post_tag","embeddable":true,"href":"https:\/\/syri.tv\/index.php?rest_route=%2Fwp%2Fv2%2Ftags&post=2714"}],"curies":[{"name":"wp","href":"https:\/\/api.w.org\/{rel}","templated":true}]}}