{"id":2708,"date":"2022-09-06T11:23:27","date_gmt":"2022-09-06T11:23:27","guid":{"rendered":"https:\/\/syri.tv\/?p=2708"},"modified":"2022-09-06T11:23:27","modified_gmt":"2022-09-06T11:23:27","slug":"ardita-sinani-falenderon-ministrat-bislimi-e-nagavci-per-kontributin-e-madh-per-luginen","status":"publish","type":"post","link":"https:\/\/syri.tv\/?p=2708","title":{"rendered":"Ardita Sinani falenderon ministrat Bislimi e Nagavci p\u00ebr kontributin e madh p\u00ebr Lugin\u00ebn"},"content":{"rendered":"<p><strong>Reciprociteti midis serb\u00ebve n\u00eb Kosov\u00eb dhe shqiptar\u00ebve n\u00eb Serbi \u00ebsht\u00eb garanc\u00eb p\u00ebr paqe t\u00eb q\u00ebndrueshme e p\u00ebr k\u00ebt\u00eb dhe tema t\u00eb tjera bashk\u00ebbiseduan sot n\u00eb Preshev\u00eb ish kryetarja Ardita Sinani me Z\u00ebv\u00ebnd\u00ebskryeministrin e Republik\u00ebs s\u00eb Kosov\u00ebs, z.Besnik Bislimi dhe Ministren p\u00ebr Arsim, Shkenc\u00eb, Teknologji dhe Inovacion (MASHTI), znj. Arb\u00ebrie Nagavci<\/strong><\/p>\n<p>&#171;I falenderova p\u00ebr ndarjen buxhetore prej dy milion euro p\u00ebr Lugin\u00ebn e Preshev\u00ebs nga ana e Qeveris\u00eb s\u00eb Republik\u00ebs s\u00eb Kosov\u00ebs. P\u00ebr kontributin me librat falas. P\u00ebr p\u00ebrfshirjen e \u00e7\u00ebshtjes s\u00eb Lugin\u00ebs s\u00eb Preshev\u00ebs n\u00eb dialogun midis Kosov\u00ebs dhe Serbis\u00eb n\u00eb Bruksel<br \/>\n<span style=\"\">Sa m\u00eb t\u00eb bashk\u00ebrenduar p\u00ebr politika barazitare dhe simetrike, aq m\u00eb shum\u00eb mund\u00ebsi p\u00ebr liri, drejt\u00ebsi dhe zhvillim&#187; ka deklaruar zonja Sinani nga Mediaindex<\/span><\/p>\n","protected":false},"excerpt":{"rendered":"<p>Reciprociteti midis serb\u00ebve n\u00eb Kosov\u00eb dhe shqiptar\u00ebve n\u00eb Serbi \u00ebsht\u00eb garanc\u00eb p\u00ebr paqe t\u00eb q\u00ebndrueshme e p\u00ebr k\u00ebt\u00eb dhe tema t\u00eb tjera bashk\u00ebbiseduan sot n\u00eb Preshev\u00eb ish kryetarja Ardita Sinani me Z\u00ebv\u00ebnd\u00ebskryeministrin e Republik\u00ebs s\u00eb Kosov\u00ebs, z.Besnik Bislimi dhe Ministren p\u00ebr Arsim, Shkenc\u00eb, Teknologji dhe Inovacion (MASHTI), znj. Arb\u00ebrie Nagavci &#171;I falenderova p\u00ebr ndarjen buxhetore [&hellip;]<\/p>\n","protected":false},"author":1,"featured_media":2709,"comment_status":"closed","ping_status":"closed","sticky":false,"template":"","format":"standard","meta":{"footnotes":""},"categories":[9],"tags":[],"class_list":{"0":"post-2708","1":"post","2":"type-post","3":"status-publish","4":"format-standard","5":"has-post-thumbnail","7":"category-vendi"},"_links":{"self":[{"href":"https:\/\/syri.tv\/index.php?rest_route=\/wp\/v2\/posts\/2708","targetHints":{"allow":["GET"]}}],"collection":[{"href":"https:\/\/syri.tv\/index.php?rest_route=\/wp\/v2\/posts"}],"about":[{"href":"https:\/\/syri.tv\/index.php?rest_route=\/wp\/v2\/types\/post"}],"author":[{"embeddable":true,"href":"https:\/\/syri.tv\/index.php?rest_route=\/wp\/v2\/users\/1"}],"replies":[{"embeddable":true,"href":"https:\/\/syri.tv\/index.php?rest_route=%2Fwp%2Fv2%2Fcomments&post=2708"}],"version-history":[{"count":1,"href":"https:\/\/syri.tv\/index.php?rest_route=\/wp\/v2\/posts\/2708\/revisions"}],"predecessor-version":[{"id":2710,"href":"https:\/\/syri.tv\/index.php?rest_route=\/wp\/v2\/posts\/2708\/revisions\/2710"}],"wp:featuredmedia":[{"embeddable":true,"href":"https:\/\/syri.tv\/index.php?rest_route=\/wp\/v2\/media\/2709"}],"wp:attachment":[{"href":"https:\/\/syri.tv\/index.php?rest_route=%2Fwp%2Fv2%2Fmedia&parent=2708"}],"wp:term":[{"taxonomy":"category","embeddable":true,"href":"https:\/\/syri.tv\/index.php?rest_route=%2Fwp%2Fv2%2Fcategories&post=2708"},{"taxonomy":"post_tag","embeddable":true,"href":"https:\/\/syri.tv\/index.php?rest_route=%2Fwp%2Fv2%2Ftags&post=2708"}],"curies":[{"name":"wp","href":"https:\/\/api.w.org\/{rel}","templated":true}]}}