{"id":2703,"date":"2022-09-06T11:18:39","date_gmt":"2022-09-06T11:18:39","guid":{"rendered":"https:\/\/syri.tv\/?p=2703"},"modified":"2022-09-06T11:18:39","modified_gmt":"2022-09-06T11:18:39","slug":"bislimi-ka-ardhur-momenti-qe-ceshtja-e-lugines-se-presheves-te-marre-vemendje-edhe-nga-bashkesia-nderkombetare","status":"publish","type":"post","link":"https:\/\/syri.tv\/?p=2703","title":{"rendered":"Bislimi: Ka ardhur momenti q\u00eb \u00e7\u00ebshtja e Lugin\u00ebs s\u00eb Preshev\u00ebs t\u00eb marr\u00eb v\u00ebmendje edhe nga bashk\u00ebsia nd\u00ebrkomb\u00ebtare"},"content":{"rendered":"<p><strong>Z\u00ebvend\u00ebskryeministri Besnik Bislimi ka shkruar n\u00eb Facebook p\u00ebr vizit\u00ebn q\u00eb ka zhvilluar sot n\u00eb Lugin\u00eb t\u00eb Preshev\u00ebs, bashk\u00eb me Ministren e Arsimit, Arb\u00ebrie Nagavci.<\/strong><\/p>\n<p>P\u00ebrmes nj\u00eb postimi n\u00eb Facebook, Bislimi ka th\u00ebn\u00eb se ka ardhur momenti q\u00eb \u00e7\u00ebshtja e Lugin\u00ebs s\u00eb Preshev\u00ebs t\u00eb marr\u00eb v\u00ebmendje edhe nga bashk\u00ebsia nd\u00ebrkomb\u00ebtare.<\/p>\n<p>&#171;Ka ardhur momenti q\u00eb \u00e7\u00ebshtja e Lugin\u00ebs s\u00eb Preshev\u00ebs t\u00eb marr\u00eb v\u00ebmendje edhe nga bashk\u00ebsia nd\u00ebrkomb\u00ebtare. Problematikat serioze si shpopullimi, garantimi i t\u00eb drejtave p\u00ebr shqiptar\u00ebt, regjistrimi i popullsis\u00eb, njohja e diplomave, mungesa e investimeve nga institucionet, tashm\u00eb duhet t\u00eb trajtohen gjer\u00ebsisht. P\u00ebr ne si Qeveri \u00ebsht\u00eb me r\u00ebnd\u00ebsi garantimi i simetris\u00eb dhe barazis\u00eb n\u00eb t\u00eb drejta mes qytetar\u00ebve shqiptar\u00eb n\u00eb Lugin\u00eb dhe atyre serb n\u00eb Kosov\u00eb&#187;, ka shkruar Bislimi.<\/p>\n<p>Bislimi ka njoftuar se p\u00ebrve\u00e7 takimit me lider\u00ebt politik\u00eb t\u00eb Preshev\u00ebs dhe Bujanovcit, bashk\u00eb me Nagavcin kan\u00eb shp\u00ebrndar\u00eb tekstet m\u00ebsimore p\u00ebr nx\u00ebn\u00ebsit e shkollave fillore, n\u00eb fshatrat T\u00ebrnoc t\u00eb Madh dhe Rainc\u00eb.<\/p>\n<p>&#171;4010 nx\u00ebn\u00ebs p\u00ebrfituan tekstet falas p\u00ebr m\u00ebsimin n\u00eb gjuh\u00ebn shqipe n\u00eb t\u00eb gjitha klasat fillore. Jemi t\u00eb g\u00ebzuar p\u00ebr mbulimin e k\u00ebsaj kostoje por nj\u00ebkoh\u00ebsisht edhe t\u00eb brengosur q\u00eb kemi ndar\u00eb libra p\u00ebr kaq pak nx\u00ebn\u00ebs duke ditur q\u00eb deri para pak viteve n\u00eb Lugin\u00ebn e Preshev\u00ebs fillonin shkollat m\u00eb shum\u00eb se 13 mij\u00eb&#187;, ka shkruar Bislimi.<\/p>\n<p>Postimi i tij i plot\u00eb:<\/p>\n<p>Vizit\u00eb e r\u00ebnd\u00ebsishme gjat\u00eb dit\u00ebs s\u00eb sotme n\u00eb Lugin\u00ebn e Preshev\u00ebs. S\u00eb bashku me ministren e Ministris\u00eb s\u00eb Arsimit, Shkenc\u00ebs, Teknologjis\u00eb dhe Inovacionit, Arb\u00ebrie Nagavci, takuam lider\u00eb politik t\u00eb Preshev\u00ebs dhe Bujanocit dhe shp\u00ebrndam\u00eb tekstet m\u00ebsimore p\u00ebr nx\u00ebn\u00ebsit e shkollave fillore, n\u00eb fshatrat T\u00ebrnoc t\u00eb Madh dhe Rainc\u00eb.<\/p>\n<p>4010 nx\u00ebn\u00ebs p\u00ebrfituan tekstet falas p\u00ebr m\u00ebsimin n\u00eb gjuh\u00ebn shqipe n\u00eb t\u00eb gjitha klasat fillore. Jemi t\u00eb g\u00ebzuar p\u00ebr mbulimin e k\u00ebsaj kostoje por nj\u00ebkoh\u00ebsisht edhe t\u00eb brengosur q\u00eb kemi ndar\u00eb libra p\u00ebr kaq pak nx\u00ebn\u00ebs duke ditur q\u00eb deri para pak viteve n\u00eb Lugin\u00ebn e Preshev\u00ebs fillonin shkollat m\u00eb shum\u00eb se 13 mij\u00eb.<\/p>\n<p>Ka ardhur momenti q\u00eb \u00e7\u00ebshtja e Lugin\u00ebs s\u00eb Preshev\u00ebs t\u00eb marr\u00eb v\u00ebmendje edhe nga bashk\u00ebsia nd\u00ebrkomb\u00ebtare. Problematikat serioze si shpopullimi, garantimi i t\u00eb drejtave p\u00ebr shqiptar\u00ebt, regjistrimi i popullsis\u00eb, njohja e diplomave, mungesa e investimeve nga institucionet, tashm\u00eb duhet t\u00eb trajtohen gjer\u00ebsisht.<\/p>\n<p>P\u00ebr ne si Qeveri \u00ebsht\u00eb me r\u00ebnd\u00ebsi garantimi i simetris\u00eb dhe barazis\u00eb n\u00eb t\u00eb drejta mes qytetar\u00ebve shqiptar\u00eb n\u00eb Lugin\u00eb dhe atyre serb n\u00eb Kosov\u00eb. MediaIndex<\/p>\n","protected":false},"excerpt":{"rendered":"<p>Z\u00ebvend\u00ebskryeministri Besnik Bislimi ka shkruar n\u00eb Facebook p\u00ebr vizit\u00ebn q\u00eb ka zhvilluar sot n\u00eb Lugin\u00eb t\u00eb Preshev\u00ebs, bashk\u00eb me Ministren e Arsimit, Arb\u00ebrie Nagavci. P\u00ebrmes nj\u00eb postimi n\u00eb Facebook, Bislimi ka th\u00ebn\u00eb se ka ardhur momenti q\u00eb \u00e7\u00ebshtja e Lugin\u00ebs s\u00eb Preshev\u00ebs t\u00eb marr\u00eb v\u00ebmendje edhe nga bashk\u00ebsia nd\u00ebrkomb\u00ebtare. &#171;Ka ardhur momenti q\u00eb \u00e7\u00ebshtja e [&hellip;]<\/p>\n","protected":false},"author":1,"featured_media":2704,"comment_status":"closed","ping_status":"closed","sticky":false,"template":"","format":"standard","meta":{"footnotes":""},"categories":[9],"tags":[],"class_list":{"0":"post-2703","1":"post","2":"type-post","3":"status-publish","4":"format-standard","5":"has-post-thumbnail","7":"category-vendi"},"_links":{"self":[{"href":"https:\/\/syri.tv\/index.php?rest_route=\/wp\/v2\/posts\/2703","targetHints":{"allow":["GET"]}}],"collection":[{"href":"https:\/\/syri.tv\/index.php?rest_route=\/wp\/v2\/posts"}],"about":[{"href":"https:\/\/syri.tv\/index.php?rest_route=\/wp\/v2\/types\/post"}],"author":[{"embeddable":true,"href":"https:\/\/syri.tv\/index.php?rest_route=\/wp\/v2\/users\/1"}],"replies":[{"embeddable":true,"href":"https:\/\/syri.tv\/index.php?rest_route=%2Fwp%2Fv2%2Fcomments&post=2703"}],"version-history":[{"count":1,"href":"https:\/\/syri.tv\/index.php?rest_route=\/wp\/v2\/posts\/2703\/revisions"}],"predecessor-version":[{"id":2705,"href":"https:\/\/syri.tv\/index.php?rest_route=\/wp\/v2\/posts\/2703\/revisions\/2705"}],"wp:featuredmedia":[{"embeddable":true,"href":"https:\/\/syri.tv\/index.php?rest_route=\/wp\/v2\/media\/2704"}],"wp:attachment":[{"href":"https:\/\/syri.tv\/index.php?rest_route=%2Fwp%2Fv2%2Fmedia&parent=2703"}],"wp:term":[{"taxonomy":"category","embeddable":true,"href":"https:\/\/syri.tv\/index.php?rest_route=%2Fwp%2Fv2%2Fcategories&post=2703"},{"taxonomy":"post_tag","embeddable":true,"href":"https:\/\/syri.tv\/index.php?rest_route=%2Fwp%2Fv2%2Ftags&post=2703"}],"curies":[{"name":"wp","href":"https:\/\/api.w.org\/{rel}","templated":true}]}}