{"id":2700,"date":"2022-09-05T10:02:34","date_gmt":"2022-09-05T10:02:34","guid":{"rendered":"https:\/\/syri.tv\/?p=2700"},"modified":"2022-09-05T10:02:34","modified_gmt":"2022-09-05T10:02:34","slug":"bislimi-e-nagavci-me-keshillin-kombetar-shqiptar-do-ti-rrisim-fondet-per-luginen","status":"publish","type":"post","link":"https:\/\/syri.tv\/?p=2700","title":{"rendered":"Bislimi e Nagavci me K\u00ebshillin Komb\u00ebtar Shqiptar: Do t\u2019i rrisim fondet p\u00ebr Lugin\u00ebn"},"content":{"rendered":"<article>Ka filluar takimi i z\u00ebvend\u00ebskryeministrit t\u00eb par\u00eb p\u00ebr Integrim Evropian, Zhvillim dhe Dialog i Kosov\u00ebs, Besnik Bislimi, s\u00eb bashku me ministren e Arsimit, Arb\u00ebrie Nagavci, n\u00eb Lugin\u00ebn e Preshev\u00ebs.<\/p>\n<p>K\u00ebshilli Komb\u00ebtar Shqiptar n\u00eb Bujanoc ka pritur z\u00ebvend\u00ebskryeministrin, Bislimi dhe ministren e Nagavcin.<\/p>\n<p>Bislimi ka th\u00ebn\u00eb se \u00ebsht\u00eb i k\u00ebnaqur q\u00eb sado pak Kosova do t\u00eb b\u00ebj\u00eb di\u00e7ka p\u00ebr qytetar\u00ebt n\u00eb Lugin\u00ebn e Preshev\u00ebs.<\/p>\n<p>Po ashtu, ai ka shtuar se kan\u00eb ndar\u00eb fondin prej 2 milion eurosh, por sipas tij, ky \u00ebsht\u00eb vet\u00ebm nj\u00eb fond fillestar, pasi \u00ebsht\u00eb filluar me iden q\u00eb t\u00eb t\u00eb ardh\u00ebm t\u00eb rritet n\u00eb num\u00ebr.<\/p>\n<p>&#171;K\u00ebnaq\u00ebsi bashk\u00ebbisedimi me ju, dhe mund\u00ebsia q\u00eb sado pak Kosova t\u00eb b\u00ebj\u00eb di\u00e7ka p\u00ebr v\u00ebllez\u00ebrit tan\u00eb n\u00eb Lugin\u00eb kemi ndar\u00eb fondin p\u00ebr 2 milion por vet\u00ebm si fond fillestar me iden\u00eb q\u00eb t\u00eb ardhm\u00ebn t\u00eb rritet n\u00eb v\u00ebllim, p\u00ebr dallim \u00ebsht\u00eb rritur n\u00eb bashk\u00ebpunim&#187;, ka deklaruar Bislimi.<\/p>\n<figure id=\"attachment_84694\" class=\"wp-caption aligncenter\"><img decoding=\"async\" class=\"size-full wp-image-84694\" src=\"https:\/\/www.dukagjini.com\/wp-content\/uploads\/2022\/09\/ggg.png\" sizes=\"(max-width: 1369px) 100vw, 1369px\" srcset=\"https:\/\/www.dukagjini.com\/wp-content\/uploads\/2022\/09\/ggg.png 1369w, https:\/\/www.dukagjini.com\/wp-content\/uploads\/2022\/09\/ggg-300x151.png 300w, https:\/\/www.dukagjini.com\/wp-content\/uploads\/2022\/09\/ggg-1024x516.png 1024w, https:\/\/www.dukagjini.com\/wp-content\/uploads\/2022\/09\/ggg-768x387.png 768w, https:\/\/www.dukagjini.com\/wp-content\/uploads\/2022\/09\/ggg-150x76.png 150w, https:\/\/www.dukagjini.com\/wp-content\/uploads\/2022\/09\/ggg-696x351.png 696w, https:\/\/www.dukagjini.com\/wp-content\/uploads\/2022\/09\/ggg-1068x538.png 1068w\" width=\"100%\" height=\"100%\" \/><figcaption id=\"caption-attachment-84694\" class=\"wp-caption-text\">Z\u00ebvend\u00ebskryeministri i par\u00eb p\u00ebr Integrim Evropian, Zhvillim dhe Dialog i Kosov\u00ebs, Besnik Bislimi, ministrja e Arsimit, Arb\u00ebrie Nagavci<\/figcaption><\/figure>\n<p>Nd\u00ebrkaq, Bsilmi ka th\u00ebn\u00eb se fondi \u00ebsht\u00eb rritur n\u00eb bashk\u00ebpunim, pasi shum\u00eb shpejt edhe Shqip\u00ebria do t&#8217;i bashkangjitet k\u00ebtij fondi.<\/p>\n<p>Gjithashtu, ai ka th\u00ebn\u00eb se kjo \u00ebsht\u00eb nj\u00eb mund\u00ebsi q\u00eb ndikimi i p\u00ebrmir\u00ebsimit t\u00eb qytetar\u00ebve n\u00eb Lugin\u00eb sipas tij, t\u00eb shtohet duksh\u00ebm.<\/p>\n<p>&#171;M\u00eb shpres\u00eb q\u00eb shum\u00eb shpejt edhe Shqip\u00ebria i bashkangjitet k\u00ebtij fondi n\u00eb m\u00ebnyr\u00eb q\u00eb mund\u00ebsia jon\u00eb p\u00ebr me ndiku n\u00eb p\u00ebrmir\u00ebsimin n\u00eb jet\u00ebn e qytetar\u00ebve n\u00eb Lugin\u00eb t\u00eb shtohet duksh\u00ebm. Ideja jon\u00eb \u00ebsht\u00eb q\u00eb t\u00eb mb\u00ebshtesim aktivitet e shoq\u00ebris\u00eb civile n\u00eb fushat e ndryshme si Kultur\u00eb, Hsitori por edhe n\u00eb Komunikim e t\u00eb tjera&#187;, ka th\u00ebn\u00eb Bislimi.\/Dukagjini\/<\/p>\n<p>&nbsp;<\/p>\n<\/article>\n<div class=\"post-tags\"><\/div>\n<div class=\"sharing-block\"><\/div>\n","protected":false},"excerpt":{"rendered":"<p>Ka filluar takimi i z\u00ebvend\u00ebskryeministrit t\u00eb par\u00eb p\u00ebr Integrim Evropian, Zhvillim dhe Dialog i Kosov\u00ebs, Besnik Bislimi, s\u00eb bashku me ministren e Arsimit, Arb\u00ebrie Nagavci, n\u00eb Lugin\u00ebn e Preshev\u00ebs. K\u00ebshilli Komb\u00ebtar Shqiptar n\u00eb Bujanoc ka pritur z\u00ebvend\u00ebskryeministrin, Bislimi dhe ministren e Nagavcin. Bislimi ka th\u00ebn\u00eb se \u00ebsht\u00eb i k\u00ebnaqur q\u00eb sado pak Kosova do t\u00eb [&hellip;]<\/p>\n","protected":false},"author":1,"featured_media":2701,"comment_status":"closed","ping_status":"closed","sticky":false,"template":"","format":"standard","meta":{"footnotes":""},"categories":[9],"tags":[],"class_list":{"0":"post-2700","1":"post","2":"type-post","3":"status-publish","4":"format-standard","5":"has-post-thumbnail","7":"category-vendi"},"_links":{"self":[{"href":"https:\/\/syri.tv\/index.php?rest_route=\/wp\/v2\/posts\/2700","targetHints":{"allow":["GET"]}}],"collection":[{"href":"https:\/\/syri.tv\/index.php?rest_route=\/wp\/v2\/posts"}],"about":[{"href":"https:\/\/syri.tv\/index.php?rest_route=\/wp\/v2\/types\/post"}],"author":[{"embeddable":true,"href":"https:\/\/syri.tv\/index.php?rest_route=\/wp\/v2\/users\/1"}],"replies":[{"embeddable":true,"href":"https:\/\/syri.tv\/index.php?rest_route=%2Fwp%2Fv2%2Fcomments&post=2700"}],"version-history":[{"count":1,"href":"https:\/\/syri.tv\/index.php?rest_route=\/wp\/v2\/posts\/2700\/revisions"}],"predecessor-version":[{"id":2702,"href":"https:\/\/syri.tv\/index.php?rest_route=\/wp\/v2\/posts\/2700\/revisions\/2702"}],"wp:featuredmedia":[{"embeddable":true,"href":"https:\/\/syri.tv\/index.php?rest_route=\/wp\/v2\/media\/2701"}],"wp:attachment":[{"href":"https:\/\/syri.tv\/index.php?rest_route=%2Fwp%2Fv2%2Fmedia&parent=2700"}],"wp:term":[{"taxonomy":"category","embeddable":true,"href":"https:\/\/syri.tv\/index.php?rest_route=%2Fwp%2Fv2%2Fcategories&post=2700"},{"taxonomy":"post_tag","embeddable":true,"href":"https:\/\/syri.tv\/index.php?rest_route=%2Fwp%2Fv2%2Ftags&post=2700"}],"curies":[{"name":"wp","href":"https:\/\/api.w.org\/{rel}","templated":true}]}}