{"id":2691,"date":"2022-09-02T20:13:50","date_gmt":"2022-09-02T20:13:50","guid":{"rendered":"https:\/\/syri.tv\/?p=2691"},"modified":"2022-09-02T20:13:50","modified_gmt":"2022-09-02T20:13:50","slug":"shqiptaret-e-sarganserlandit-ne-zvicer-behen-me-mjek-am-shqiptare-dr-mirsad-osmani-nga-sllupcani-hapi-ordinancen-e-tij","status":"publish","type":"post","link":"https:\/\/syri.tv\/?p=2691","title":{"rendered":"Shqiptar\u00ebt e Sarganserlandit n\u00eb Zvic\u00ebr b\u00ebhen me mjek am shqiptar\u00eb, dr. Mirsad Osmani nga Sllup\u00e7ani hapi ordinanc\u00ebn e tij!"},"content":{"rendered":"<p>Nga 1 shtatori i k\u00ebtij viti m\u00ebrgimtar\u00ebt shqiptar\u00eb q\u00eb jetojn\u00eb dhe veprojn\u00eb n\u00eb zon\u00ebn e Sarganserlandit, kantoni i St. Gallen-it n\u00eb Zvic\u00ebr, do t\u00eb ken\u00eb n\u00eb dispozicion sh\u00ebrbimet e mjekut t\u00eb p\u00ebrgjithsh\u00ebm shqiptar Mirsad Osmani me prejardhje nga Sllup\u00e7ani i komun\u00ebs s\u00eb Likov\u00ebs,<\/p>\n<p>Dr.Mirsad Osmani ordinanc\u00ebn e tij e ka hapur n\u00eb Flums, nd\u00ebrsa mund t\u00eb regjistrohen pacient\u00eb nga e t\u00ebr\u00eb zona e Sarganserlandit.<\/p>\n<p>Lajmin p\u00ebr hapjen e k\u00ebsaj ordinanc\u00ebs e kan\u00eb mir\u00ebpritur t\u00eb gjith\u00eb m\u00ebrgimtar\u00ebt shqiptar\u00eb t\u00eb asaj zone.<\/p>\n<p>\u201cEdhe kjo d\u00ebshir e imja q\u00eb t\u00eb kem mjekun am shqiptar\u00eb u b\u00eb realitet. Prej sot mjek sht\u00ebpie do ta kem mjekun m\u00eb t\u00eb mir\u00eb dr.Mirsad Osmanin. Dokit i uroj pun\u00eb t\u00eb mbar\u00eb dhe i uroj t\u00eb na b\u00ebj edhe m\u00eb tutje krenar me k\u00ebto hapa kaq t\u00eb m\u00ebdhenj n\u00eb karieren e tij\u201d, ka deklaruar Orhan Osmani, familjar\u00eb i ngusht\u00eb i tij.<\/p>\n<p><img loading=\"lazy\" loading=\"lazy\" decoding=\"async\" class=\"alignnone size-medium wp-image-16670\" src=\"https:\/\/open-tv.mk\/wp-content\/uploads\/2022\/09\/orhan-osmani-225x300.jpg\" sizes=\"auto, (max-width: 225px) 100vw, 225px\" srcset=\"https:\/\/open-tv.mk\/wp-content\/uploads\/2022\/09\/orhan-osmani-225x300.jpg 225w, https:\/\/open-tv.mk\/wp-content\/uploads\/2022\/09\/orhan-osmani-768x1024.jpg 768w, https:\/\/open-tv.mk\/wp-content\/uploads\/2022\/09\/orhan-osmani-750x1000.jpg 750w, https:\/\/open-tv.mk\/wp-content\/uploads\/2022\/09\/orhan-osmani.jpg 843w\" alt=\"\" width=\"225\" height=\"300\" data-pin-no-hover=\"true\" \/><\/p>\n<p>\u201cHapja e ordinanc\u00ebs s\u00eb dr. Mirsadit na ka g\u00ebzuar t\u00eb gjith\u00ebve. Un\u00eb do t\u00eb regjistrohem me gjith\u00eb familjen, sepse dr. Mirsadi \u00ebsht\u00eb shum\u00eb i sjellsh\u00ebm, \u00ebsht\u00eb i thjesht\u00eb dhe t\u00eb ndihmon n\u00eb \u00e7do mund\u00ebsi. E do krejt rajoni\u201d, thot\u00eb Dritan Alili, i cili jeton dhe vepron n\u00eb Sargans, me prejardhje nga Vaksinca e komun\u00eb s\u00eb Likov\u00ebs.<\/p>\n<p>Per Syri TV &#8211; Arben Mehmeti<\/p>\n","protected":false},"excerpt":{"rendered":"<p>Nga 1 shtatori i k\u00ebtij viti m\u00ebrgimtar\u00ebt shqiptar\u00eb q\u00eb jetojn\u00eb dhe veprojn\u00eb n\u00eb zon\u00ebn e Sarganserlandit, kantoni i St. Gallen-it n\u00eb Zvic\u00ebr, do t\u00eb ken\u00eb n\u00eb dispozicion sh\u00ebrbimet e mjekut t\u00eb p\u00ebrgjithsh\u00ebm shqiptar Mirsad Osmani me prejardhje nga Sllup\u00e7ani i komun\u00ebs s\u00eb Likov\u00ebs, Dr.Mirsad Osmani ordinanc\u00ebn e tij e ka hapur n\u00eb Flums, nd\u00ebrsa mund [&hellip;]<\/p>\n","protected":false},"author":1,"featured_media":2692,"comment_status":"closed","ping_status":"closed","sticky":false,"template":"","format":"standard","meta":{"footnotes":""},"categories":[2],"tags":[],"class_list":{"0":"post-2691","1":"post","2":"type-post","3":"status-publish","4":"format-standard","5":"has-post-thumbnail","7":"category-zvicer"},"_links":{"self":[{"href":"https:\/\/syri.tv\/index.php?rest_route=\/wp\/v2\/posts\/2691","targetHints":{"allow":["GET"]}}],"collection":[{"href":"https:\/\/syri.tv\/index.php?rest_route=\/wp\/v2\/posts"}],"about":[{"href":"https:\/\/syri.tv\/index.php?rest_route=\/wp\/v2\/types\/post"}],"author":[{"embeddable":true,"href":"https:\/\/syri.tv\/index.php?rest_route=\/wp\/v2\/users\/1"}],"replies":[{"embeddable":true,"href":"https:\/\/syri.tv\/index.php?rest_route=%2Fwp%2Fv2%2Fcomments&post=2691"}],"version-history":[{"count":1,"href":"https:\/\/syri.tv\/index.php?rest_route=\/wp\/v2\/posts\/2691\/revisions"}],"predecessor-version":[{"id":2693,"href":"https:\/\/syri.tv\/index.php?rest_route=\/wp\/v2\/posts\/2691\/revisions\/2693"}],"wp:featuredmedia":[{"embeddable":true,"href":"https:\/\/syri.tv\/index.php?rest_route=\/wp\/v2\/media\/2692"}],"wp:attachment":[{"href":"https:\/\/syri.tv\/index.php?rest_route=%2Fwp%2Fv2%2Fmedia&parent=2691"}],"wp:term":[{"taxonomy":"category","embeddable":true,"href":"https:\/\/syri.tv\/index.php?rest_route=%2Fwp%2Fv2%2Fcategories&post=2691"},{"taxonomy":"post_tag","embeddable":true,"href":"https:\/\/syri.tv\/index.php?rest_route=%2Fwp%2Fv2%2Ftags&post=2691"}],"curies":[{"name":"wp","href":"https:\/\/api.w.org\/{rel}","templated":true}]}}