{"id":2683,"date":"2022-08-31T07:52:06","date_gmt":"2022-08-31T07:52:06","guid":{"rendered":"https:\/\/syri.tv\/?p=2683"},"modified":"2022-08-31T07:52:06","modified_gmt":"2022-08-31T07:52:06","slug":"profili-fals-dhe-shpifjet-ne-rrjetin-social-nje-motiv-i-vrasjes-se-vellait-dhe-kunates-ne-tirane","status":"publish","type":"post","link":"https:\/\/syri.tv\/?p=2683","title":{"rendered":"Profili fals dhe shpifjet ne rrjetin social nj\u00eb motiv i vrasjes s\u00eb v\u00ebllait dhe kunat\u00ebs n\u00eb Tiran\u00eb"},"content":{"rendered":"<p>Dit\u00ebn e sotme u jepet lamtumira e fundit Alban dhe Nora Muskurtit, t\u00eb cil\u00ebt u vran\u00eb dje nga v\u00ebllai i k\u00ebtij t\u00eb fundit n\u00eb agjencin\u00eb e tyre imobilare n\u00eb rrug\u00ebn \u201cMyslym Shyri\u201d.<\/p>\n<p>\u00c7ifti i bashk\u00ebshort\u00ebve do t\u00eb p\u00ebrcillen p\u00ebr n\u00eb banes\u00ebn e fundit sot n\u00eb or\u00ebn 16:00.<\/p>\n<p>Arsen Muskurti vrau dje v\u00ebllan\u00eb dhe kunat\u00ebn e tij. Ai ra n\u00eb prangat e policis\u00eb m\u00eb von\u00eb pas krimit \u00eb lagjen \u201c5 Maji\u201d, ku t\u00eb pranish\u00ebm gjat\u00eb momentit t\u00eb arrestimit ka qen\u00eb edhe bashk\u00ebshortja, djali i tij dhe nj\u00eb avokat.<\/p>\n<p>Autori dhe viktimat kan\u00eb patur bizneset pran\u00eb nj\u00ebri-tjetrit. Nd\u00ebrkoh\u00eb q\u00eb t\u00eb nj\u00ebjta burime b\u00ebjn\u00eb me dije se Arseni ishte konfliktuar me t\u00eb v\u00ebllain dhe bashk\u00ebshorten e tij m\u00eb par\u00eb. E gjith\u00eb ngjarja dyshohet se ka nisur pas nj\u00eb konflikti familjar.<\/p>\n<p>N\u00eb profilin e autorit t\u00eb ngjarjes n\u00eb Facebook ai akuzonte kunat\u00ebn e tij se fshihej pas nj\u00eb profili fals, e cila e akuzon p\u00ebr lidhje jasht\u00ebmartesore.<\/p>\n<p><em>&#8212;<\/em><\/p>\n<p><em>JU Q\u00cb KENI FACEBOOK dhe \u00cbAST UP t\u00eb rrem\u00eb apo q\u00eb ja keni vjedhur FB-kun dikujt tjet\u00ebr, jeni nj\u00ebri nga k\u00ebto persona VISJANA DADA banore n\u00eb POGRADEC lagja industriale nd\u00ebrtesa nr 28, ARTUR XHUKELLARI banor n\u00eb POGRADEC lagja industriale nd\u00ebrtesa nr 28 i shpallur n\u00eb k\u00ebrkim nd\u00ebrkomb\u00ebtar, VISJANA letrat p\u00ebr burg i ka c\u00ebshtje dit\u00ebsh, dhe d\u00ebmshp\u00ebrblim gjithashtu.<\/em><\/p>\n<p><em>Ti DRITAN MUSKURTI i njohur si ALBAN MUSKURTI pronar i NOOR TRAVEL q\u00eb d\u00ebrgon njer\u00ebz n\u00eb UMRA n\u00eb ARABI i b\u00ebr\u00eb LANET (mallkuar) nga N\u00cbNA me zem\u00ebr e me shpirt, haram qum\u00ebshti i n\u00ebn\u00ebs q\u00eb merresh me t\u00eb tilla akuza, shpifje, shantazhe, skuthurinash etj\u2026<\/em><\/p>\n<p><em>TI NORA MUSKURTI bashk\u00ebshortja e Dritanit (Albanit) nga mllefi q\u00eb ka p\u00ebr vjehrr\u00ebn e saj q\u00eb e ka b\u00ebr\u00eb LANET.<\/em><\/p>\n<p><em>K\u00ebto q\u00eb keni b\u00ebr\u00eb JU i din\u00eb t\u00eb gjith\u00eb njer\u00ebzit, FISI, KOMSHINJT\u00cb, SHOK, MIQ &amp; Dashamir\u00ebs t\u00eb gjith\u00eb i din\u00eb cfar\u00eb keni b\u00ebre ju t\u00eb dy burr\u00eb e grua, TURP p\u00ebr DRITAN MUSKURTI q\u00eb flet k\u00ebshtu kund\u00ebr v\u00ebllait t\u00eb tij prej n\u00ebne, TURP p\u00ebr NORA MUSKURTI, q\u00eb flet k\u00ebshtu kund\u00ebr kunatit t\u00eb saj.<\/em><\/p>\n<p><em>Populli thot\u00eb: Ai q\u00eb mundohet t\u00eb hedh v\u00ebllain n\u00eb grop\u00eb bjen vet\u00eb n\u00eb grop\u00eb.<\/em><\/p>\n<p><em>N\u00cbNA n\u00ebse vdes do vdes vet\u00ebm nga depresioni q\u00eb po shkaktojn\u00eb k\u00ebto individ\u00eb familjes ton\u00eb dhe 10 familjeve t\u00eb tjera q\u00eb ju kan\u00eb hy n\u00eb HAK dhe ju kan\u00eb b\u00ebr\u00eb zullum.<\/em><\/p>\n<p><em>Dhe p\u00ebr k\u00ebt\u00eb gj\u00eb DRITAN MUSKURTI, NORA MUSKURTI, VISJANA DADA,\u00a0 ARTUR XHUKELLARI do t\u00eb mbajn\u00eb p\u00ebrgjegj\u00ebsi para ZOTIT, shtetit dhe njer\u00ebzve.<\/em><\/p>\n<p><em>Pra i keni b\u00ebr\u00eb zullum 11 familjeve ato familje kan\u00eb vellez\u00ebr, xhaxhallar\u00eb, dajallar\u00eb, kushirinj\u00eb, q\u00eb nuk ju a falin k\u00ebt\u00eb q\u00eb keni b\u00ebr\u00eb se i keni prek nderin dhe krenarin\u00eb.<\/em><\/p>\n<p><em>Varr mos pacit kushdo qoft\u00eb pas k\u00ebtyre profileve n\u00eb facebook q\u00eb nxirni dhe foto t\u00eb t\u00eb tjer\u00ebve n\u00eb fb dhe foto f\u00ebmij\u00ebsh, turp, a keni zem\u00ebr ju a keni ndjenja tju vij\u00eb TURP, haram e pacit hallall nuk e keni sa t\u00eb jemi gjall\u00eb dhe ky haram do tju shoq\u00ebrroje dhe gjat\u00eb vdekjes.<\/em><\/p>\n<p><em>C\u00ebshtjen tuaj ja kemi l\u00ebn\u00eb ZOTIT t\u00eb LART\u00cbMADH\u00cbRUAR dhe pastaj shtetit me institucionet p\u00ebrkat\u00ebse.<\/em><\/p>\n<p><em>Do tju vij dhe ju dita e dh\u00ebnies s\u00eb llogaris\u00eb.<\/em><\/p>\n<p><em>Amin. Ja ALLAH Ja ALLAH ja ALLAH<\/em><\/p>\n<p><strong>\/Abcnews.al\/<\/strong><\/p>\n<p>\/abcnews.al<\/p>\n","protected":false},"excerpt":{"rendered":"<p>Dit\u00ebn e sotme u jepet lamtumira e fundit Alban dhe Nora Muskurtit, t\u00eb cil\u00ebt u vran\u00eb dje nga v\u00ebllai i k\u00ebtij t\u00eb fundit n\u00eb agjencin\u00eb e tyre imobilare n\u00eb rrug\u00ebn \u201cMyslym Shyri\u201d. \u00c7ifti i bashk\u00ebshort\u00ebve do t\u00eb p\u00ebrcillen p\u00ebr n\u00eb banes\u00ebn e fundit sot n\u00eb or\u00ebn 16:00. Arsen Muskurti vrau dje v\u00ebllan\u00eb dhe kunat\u00ebn e [&hellip;]<\/p>\n","protected":false},"author":1,"featured_media":2684,"comment_status":"closed","ping_status":"closed","sticky":false,"template":"","format":"standard","meta":{"footnotes":""},"categories":[9],"tags":[],"class_list":{"0":"post-2683","1":"post","2":"type-post","3":"status-publish","4":"format-standard","5":"has-post-thumbnail","7":"category-vendi"},"_links":{"self":[{"href":"https:\/\/syri.tv\/index.php?rest_route=\/wp\/v2\/posts\/2683","targetHints":{"allow":["GET"]}}],"collection":[{"href":"https:\/\/syri.tv\/index.php?rest_route=\/wp\/v2\/posts"}],"about":[{"href":"https:\/\/syri.tv\/index.php?rest_route=\/wp\/v2\/types\/post"}],"author":[{"embeddable":true,"href":"https:\/\/syri.tv\/index.php?rest_route=\/wp\/v2\/users\/1"}],"replies":[{"embeddable":true,"href":"https:\/\/syri.tv\/index.php?rest_route=%2Fwp%2Fv2%2Fcomments&post=2683"}],"version-history":[{"count":1,"href":"https:\/\/syri.tv\/index.php?rest_route=\/wp\/v2\/posts\/2683\/revisions"}],"predecessor-version":[{"id":2685,"href":"https:\/\/syri.tv\/index.php?rest_route=\/wp\/v2\/posts\/2683\/revisions\/2685"}],"wp:featuredmedia":[{"embeddable":true,"href":"https:\/\/syri.tv\/index.php?rest_route=\/wp\/v2\/media\/2684"}],"wp:attachment":[{"href":"https:\/\/syri.tv\/index.php?rest_route=%2Fwp%2Fv2%2Fmedia&parent=2683"}],"wp:term":[{"taxonomy":"category","embeddable":true,"href":"https:\/\/syri.tv\/index.php?rest_route=%2Fwp%2Fv2%2Fcategories&post=2683"},{"taxonomy":"post_tag","embeddable":true,"href":"https:\/\/syri.tv\/index.php?rest_route=%2Fwp%2Fv2%2Ftags&post=2683"}],"curies":[{"name":"wp","href":"https:\/\/api.w.org\/{rel}","templated":true}]}}