{"id":2676,"date":"2022-08-26T08:53:26","date_gmt":"2022-08-26T08:53:26","guid":{"rendered":"https:\/\/syri.tv\/?p=2676"},"modified":"2022-08-26T08:53:26","modified_gmt":"2022-08-26T08:53:26","slug":"ish-kryetarja-e-presheves-escobar-dhe-lajcak-ju-ftoj-qe-te-na-takoni-edhe-neve-shqiptareve-ne-serbi","status":"publish","type":"post","link":"https:\/\/syri.tv\/?p=2676","title":{"rendered":"Ish-kryetarja e Preshev\u00ebs : Escobar dhe Laj\u00e7ak, ju ftoj q\u00eb t\u00eb na takoni edhe neve shqiptar\u00ebve n\u00eb Serbi"},"content":{"rendered":"<p>Ish-kryetarja e komun\u00ebs s\u00eb Preshev\u00ebs, Ardita Sinani, ka shprehur keqardhje nga t\u00eb d\u00ebrguarit amerikan p\u00ebr Ballkanin P\u00ebrndimor, Gabriel Escobar dhe emisarit special t\u00eb BE-s\u00eb p\u00ebr dialogun Kosov\u00eb \u2013 Serbi, Miroslav Laj\u00e7ak, p\u00ebr faktin se asnj\u00ebri nga k\u00ebta nuk i takuan t\u00eb zgjedhurit e shqiptar\u00ebve n\u00eb Serbi.<\/p>\n<p>Sinani i ka k\u00ebrkuar Laj\u00e7akut e Escobarit q\u00eb t\u2019i takoj\u00eb, qoft\u00eb edhe ve\u00e7 p\u00ebr t\u2019i d\u00ebgjuar t\u00eb zgjedhurit shqiptar\u00eb n\u00eb Serbi.<\/p>\n<p>\u201cZ.Escobar dhe z.Laj\u00e7ak, ju ftoj q\u00eb t\u00eb na takoni edhe neve, t\u00eb zgjedhurit e shqiptar\u00ebve n\u00eb Serbi. P\u00ebr t\u2019na d\u00ebgjuar. S\u00eb paku\u201d, shkroi ajo.<\/p>\n<p>Ajo tha se \u00ebsht\u00eb i kuptuesh\u00ebm takimi i Escobarit e Laj\u00e7akut me kryetar\u00ebt e kat\u00ebr komunave me shumic\u00eb serbe t\u00eb veriut t\u00eb Kosov\u00ebs, por e pakuptueshme mungesa e takimeve me t\u00eb zgjedhurit e shqiptar\u00ebve t\u00eb Lugin\u00ebs s\u00eb Preshev\u00ebs.<\/p>\n<p>\u201cKjo qasje madje edhe mund t\u00eb kontribuoj\u00eb n\u00eb d\u00ebrgimin e mesazheve t\u00eb gabuara p\u00ebr qarqet q\u00eb po nxisin destabilizimin e gjendjes s\u00eb siguris\u00eb dhe stabilitetit n\u00eb Ballkanin Per\u00ebndimor, sikurse tash n\u00eb veriun e Kosov\u00ebs\u201d.<\/p>\n<p>\u201cShqiptar\u00ebt n\u00eb Lugin\u00ebn e Preshev\u00ebs n\u00eb ve\u00e7anti dhe ata n\u00eb Serbi n\u00eb p\u00ebrgjith\u00ebsi, si komunitet joshumic\u00eb, mbeten t\u00eb diskriminuar dhe t\u00eb shtypur. K\u00ebt\u00eb e konfirmojn\u00eb me dekada edhe raportet e ndryshme zyrtare t\u00eb instancave t\u00eb Bashkimit Evropian dhe t\u00eb administratave respektive amerikane\u201d, \u00ebsht\u00eb shprehur Sinani, transmeton Klankosova.tv.<\/p>\n<p>Tutje, ajo p\u00ebrmendi faktin se Lugina e Preshev\u00ebs si rajon por edhe shqiptar\u00ebt n\u00eb Serbi p\u00ebrballen me shum\u00eb probleme p\u00ebr shkak t\u00eb mosnormalizimi t\u00eb marr\u00ebdh\u00ebnieve Kosov\u00eb \u2013 Serbi.<\/p>\n<p>\u201cShum\u00eb t\u00eb diplomuar\u00ebve shqiptar\u00eb n\u00eb universitetet e Kosov\u00ebs, shtetas t\u00eb Republik\u00ebs s\u00eb Serbis\u00eb, nuk ju njihen diplomat p\u00ebr rreth 15 vite me radh\u00eb. Ky \u00ebsht\u00eb vet\u00ebm nj\u00ebri prej problemeve q\u00eb nd\u00ebrlidhet me raportet Kosov\u00eb-Serbi. Shum\u00eb \u00e7\u00ebshtje q\u00eb trajtohen n\u00eb dialogun Kosov\u00eb-Serbi kan\u00eb t\u00eb b\u00ebjn\u00eb drejtp\u00ebrdrejt\u00eb me Lugin\u00ebn e Preshev\u00ebs si rajon, e me shqiptar\u00ebt e Serbis\u00eb n\u00eb p\u00ebrgjith\u00ebsi\u201d.<\/p>\n<p>\u201cPrandaj \u00ebsht\u00eb kund\u00ebrproduktive q\u00eb n\u00eb nj\u00eb proces normalizimi t\u00eb raporteve midis Kosov\u00ebs dhe Serbis\u00eb t\u00eb p\u00ebrfshihet \u00e7\u00ebshtja e komunitetit joshumic\u00eb serb t\u00eb Kosov\u00ebs dhe jo edhe \u00e7\u00ebshtja e komunitetit joshumic\u00eb shqiptar n\u00eb Serbi\u201d, shkroi Sinani, p\u00ebrcjell Klankosova.tv.<\/p>\n<p>Ajo tha se p\u00ebrfshirja e t\u00eb zgjedhurve nga t\u00eb dyja pal\u00ebt n\u00eb proces \u00ebsht\u00eb n\u00eb sh\u00ebrbim t\u00eb stabilitetit, siguris\u00eb, evropianizimit dhe demokracis\u00eb s\u00eb Ballakanit.<\/p>\n","protected":false},"excerpt":{"rendered":"<p>Ish-kryetarja e komun\u00ebs s\u00eb Preshev\u00ebs, Ardita Sinani, ka shprehur keqardhje nga t\u00eb d\u00ebrguarit amerikan p\u00ebr Ballkanin P\u00ebrndimor, Gabriel Escobar dhe emisarit special t\u00eb BE-s\u00eb p\u00ebr dialogun Kosov\u00eb \u2013 Serbi, Miroslav Laj\u00e7ak, p\u00ebr faktin se asnj\u00ebri nga k\u00ebta nuk i takuan t\u00eb zgjedhurit e shqiptar\u00ebve n\u00eb Serbi. Sinani i ka k\u00ebrkuar Laj\u00e7akut e Escobarit q\u00eb t\u2019i [&hellip;]<\/p>\n","protected":false},"author":1,"featured_media":2677,"comment_status":"closed","ping_status":"closed","sticky":false,"template":"","format":"standard","meta":{"footnotes":""},"categories":[9],"tags":[],"class_list":{"0":"post-2676","1":"post","2":"type-post","3":"status-publish","4":"format-standard","5":"has-post-thumbnail","7":"category-vendi"},"_links":{"self":[{"href":"https:\/\/syri.tv\/index.php?rest_route=\/wp\/v2\/posts\/2676","targetHints":{"allow":["GET"]}}],"collection":[{"href":"https:\/\/syri.tv\/index.php?rest_route=\/wp\/v2\/posts"}],"about":[{"href":"https:\/\/syri.tv\/index.php?rest_route=\/wp\/v2\/types\/post"}],"author":[{"embeddable":true,"href":"https:\/\/syri.tv\/index.php?rest_route=\/wp\/v2\/users\/1"}],"replies":[{"embeddable":true,"href":"https:\/\/syri.tv\/index.php?rest_route=%2Fwp%2Fv2%2Fcomments&post=2676"}],"version-history":[{"count":1,"href":"https:\/\/syri.tv\/index.php?rest_route=\/wp\/v2\/posts\/2676\/revisions"}],"predecessor-version":[{"id":2678,"href":"https:\/\/syri.tv\/index.php?rest_route=\/wp\/v2\/posts\/2676\/revisions\/2678"}],"wp:featuredmedia":[{"embeddable":true,"href":"https:\/\/syri.tv\/index.php?rest_route=\/wp\/v2\/media\/2677"}],"wp:attachment":[{"href":"https:\/\/syri.tv\/index.php?rest_route=%2Fwp%2Fv2%2Fmedia&parent=2676"}],"wp:term":[{"taxonomy":"category","embeddable":true,"href":"https:\/\/syri.tv\/index.php?rest_route=%2Fwp%2Fv2%2Fcategories&post=2676"},{"taxonomy":"post_tag","embeddable":true,"href":"https:\/\/syri.tv\/index.php?rest_route=%2Fwp%2Fv2%2Ftags&post=2676"}],"curies":[{"name":"wp","href":"https:\/\/api.w.org\/{rel}","templated":true}]}}