{"id":2643,"date":"2022-08-09T06:56:45","date_gmt":"2022-08-09T06:56:45","guid":{"rendered":"https:\/\/syri.tv\/?p=2643"},"modified":"2022-08-09T06:56:45","modified_gmt":"2022-08-09T06:56:45","slug":"profesori-amerikan-serwer-qe-po-trazon-gjithe-serbine-ku-eshte-asociacioni-i-komunave-me-shumice-shqiptare-brenda-serbise","status":"publish","type":"post","link":"https:\/\/syri.tv\/?p=2643","title":{"rendered":"Profesori Amerikan Serwer q\u00eb po trazon gjith\u00eb Serbin\u00eb: \u201cKu \u00ebsht\u00eb asociacioni i komunave me shumic\u00eb shqiptare brenda Serbis\u00eb\u201d"},"content":{"rendered":"<p><strong>Profesori Amerikan Serwer q\u00eb po trazon gjith\u00eb Serbin\u00eb: \u201cKu \u00ebsht\u00eb asociacioni i komunave me shumic\u00eb shqiptare brenda Serbis\u00eb\u201d<\/strong><\/p>\n<p>Profesori n\u00eb Universitetin \u201cJohns Hopkins\u201d, Daniel Serwer, ka folur p\u00ebr marr\u00ebdh\u00ebniet mes Kosov\u00ebs e ShBA-s\u00eb, dialogun Kosov\u00eb \u2013 Serbi e Asociacionin e Komunave me Shumic\u00eb Serbe.<\/p>\n<p>Serwer n\u00eb \u201cEdicioni Special\u201d tha se amerikan\u00ebt e konsiderojn\u00eb dialogun si t\u00eb r\u00ebnd\u00ebsishme p\u00ebr marr\u00ebdh\u00ebniet mes Kosov\u00ebs e Shteteve t\u00eb Bashkuara t\u00eb Amerik\u00ebs.<\/p>\n<p>Ai tha se marr\u00ebdh\u00ebniet Kosov\u00eb \u2013 ShBA jan\u00eb shum\u00eb t\u00eb mira, pasi sipas tij, Kosova \u00ebsht\u00eb nj\u00eb mb\u00ebshtet\u00ebse e fort\u00eb e Per\u00ebndimit n\u00eb p\u00ebrgjith\u00ebsi, e ShBA-s\u00eb n\u00eb ve\u00e7anti dhe se d\u00ebshiron t\u00eb jet\u00eb an\u00ebtare e NATO-s.<\/p>\n<p>\u201cJu e dini se nuk ka asnj\u00eb problem t\u00eb madh dypal\u00ebsh, por Shtetet e Bashkuara duan q\u00eb dialogu me Serbin\u00eb t\u00eb vazhdoj\u00eb. Nuk shoh q\u00eb dita e njohjes do t\u00eb vij\u00eb s\u00eb shpejti, por mendoj se \u00ebsht\u00eb e r\u00ebnd\u00ebsishme q\u00eb dialogu t\u00eb bazohet n\u00eb njohjen si objektiv\u00eb p\u00ebrfundimtare dhe n\u00ebse BE, SHBA dhe Kosova bien dakord q\u00eb njohja \u00ebsht\u00eb faza e fundit e dialogut, kjo \u00ebsht\u00eb nj\u00eb gj\u00eb e mir\u00eb\u201d, \u00ebsht\u00eb shprehur Serwer.<\/p>\n<p>Tutje, ai ka folur edhe p\u00ebr q\u00ebndrimet e kryeministrit t\u00eb Kosov\u00ebs, Albin Kurti, p\u00ebr t\u00eb cilin tha se nuk ka ndonj\u00eb dyshim n\u00eb t\u00eb, por sipas tij, ka nj\u00eb histori t\u00eb keqe mes amerikan\u00ebve dhe Albin Kurtit.<\/p>\n<p>\u201cLidhet pjes\u00ebrisht me periudh\u00ebn e tij n\u00eb opozit\u00eb, kur ai drejtoi disa protesta t\u00eb dhunshme, jo vet\u00ebm jasht\u00eb parlamentit por edhe brenda, dhe kjo shkaktoi shum\u00eb shqet\u00ebsime n\u00eb Washington dhe mendoj se nj\u00eb pjes\u00eb e k\u00ebtij shqet\u00ebsimi vazhdon, por tani mendoj se \u00e7\u00ebshtja kryesore \u00ebsht\u00eb dialogu Beograd- Prishtin\u00eb\u201d, \u00ebsht\u00eb shprehur Serwer , njofton Klankosova.tv.<\/p>\n<p>Sa i p\u00ebrket c\u00ebshtjes s\u00eb Asociacionit t\u00eb Komunave me Shumic\u00eb Serbe, Serwer tha se q\u00ebndrimi i kryeministrit Kurti p\u00ebr k\u00ebt\u00eb tem\u00eb i shkakton Washingtonit djegie, pasi sipas tij, ata duan ta shohin k\u00ebt\u00eb tem\u00eb n\u00eb dialog.<\/p>\n<p>\u201cP\u00ebr shembull njohja diplomatike, shk\u00ebmbimi i nd\u00ebrsjell\u00eb i ambasador\u00ebve, n\u00eb k\u00ebt\u00eb m\u00ebnyr\u00eb mendoj se asociacioni do t\u00eb dukej shum\u00eb m\u00eb ndryshe nga k\u00ebndv\u00ebshtrimi i Kosov\u00ebs, gjithashtu mendoj se Kosova ka t\u00eb drejt\u00eb t\u00eb insistoj\u00eb q\u00eb p\u00ebr \u00e7do gj\u00eb q\u00eb i jep Serbis\u00eb t\u00eb k\u00ebrkoj\u00eb t\u00eb nj\u00ebjt\u00ebn prapa. Pra q\u00eb Serbia t\u00eb jet\u00eb e p\u00ebrgatitur t\u2019i jap\u00eb Kosov\u00ebs ekuivalentin e asaj q\u00eb merr. Un\u00eb e di se Albini \u00ebsht\u00eb i ashp\u00ebr n\u00eb k\u00ebt\u00eb parim\u201d.<\/p>\n<p>\u201cKu \u00ebsht\u00eb asociacioni i komunave me shumic\u00eb shqiptare brenda Serbis\u00eb, ku jan\u00eb p\u00ebrfaq\u00ebsuesit, vendet rezerv\u00eb p\u00ebr shqiptar\u00ebt n\u00eb parlamentin serb? dua t\u00eb them se ka shum\u00eb gj\u00ebra q\u00eb mund t\u00eb diskutohen n\u00ebse d\u00ebshironi, por p\u00ebr t\u00eb diskutuar mbi asociacionin un\u00eb mendoj se \u00ebsht\u00eb gabim t\u00eb thuash jo nuk do ta diskutojm\u00eb fare. Edhe n\u00ebse ka nj\u00eb problem me Kushtetut\u00ebn. Kushtetutat mund t\u00eb ndryshohen\u201d, \u00ebsht\u00eb shprehur Serwer n\u00eb \u201cEdicioni Special\u201d .<\/p>\n<p>Ai shtoi se nuk po sugjeron q\u00eb t\u00eb ndryshohet Kushtetuta e Kosov\u00ebs, por sipas tij, duke e ditur q\u00eb asociacioni \u00ebsht\u00eb gj\u00ebja q\u00eb Serbia e d\u00ebshiron m\u00eb s\u00eb shumti dhe njohja \u00ebsht\u00eb gj\u00ebja q\u00eb Kosova e do m\u00eb s\u00eb shumti, at\u00ebher\u00eb, si\u00e7 tha ai, k\u00ebto t\u00eb dyja duhet t\u00eb diskutohen bashk\u00eb.<\/p>\n","protected":false},"excerpt":{"rendered":"<p>Profesori Amerikan Serwer q\u00eb po trazon gjith\u00eb Serbin\u00eb: \u201cKu \u00ebsht\u00eb asociacioni i komunave me shumic\u00eb shqiptare brenda Serbis\u00eb\u201d Profesori n\u00eb Universitetin \u201cJohns Hopkins\u201d, Daniel Serwer, ka folur p\u00ebr marr\u00ebdh\u00ebniet mes Kosov\u00ebs e ShBA-s\u00eb, dialogun Kosov\u00eb \u2013 Serbi e Asociacionin e Komunave me Shumic\u00eb Serbe. Serwer n\u00eb \u201cEdicioni Special\u201d tha se amerikan\u00ebt e konsiderojn\u00eb dialogun si [&hellip;]<\/p>\n","protected":false},"author":1,"featured_media":2644,"comment_status":"closed","ping_status":"closed","sticky":false,"template":"","format":"standard","meta":{"footnotes":""},"categories":[10],"tags":[],"class_list":{"0":"post-2643","1":"post","2":"type-post","3":"status-publish","4":"format-standard","5":"has-post-thumbnail","7":"category-bota"},"_links":{"self":[{"href":"https:\/\/syri.tv\/index.php?rest_route=\/wp\/v2\/posts\/2643","targetHints":{"allow":["GET"]}}],"collection":[{"href":"https:\/\/syri.tv\/index.php?rest_route=\/wp\/v2\/posts"}],"about":[{"href":"https:\/\/syri.tv\/index.php?rest_route=\/wp\/v2\/types\/post"}],"author":[{"embeddable":true,"href":"https:\/\/syri.tv\/index.php?rest_route=\/wp\/v2\/users\/1"}],"replies":[{"embeddable":true,"href":"https:\/\/syri.tv\/index.php?rest_route=%2Fwp%2Fv2%2Fcomments&post=2643"}],"version-history":[{"count":1,"href":"https:\/\/syri.tv\/index.php?rest_route=\/wp\/v2\/posts\/2643\/revisions"}],"predecessor-version":[{"id":2645,"href":"https:\/\/syri.tv\/index.php?rest_route=\/wp\/v2\/posts\/2643\/revisions\/2645"}],"wp:featuredmedia":[{"embeddable":true,"href":"https:\/\/syri.tv\/index.php?rest_route=\/wp\/v2\/media\/2644"}],"wp:attachment":[{"href":"https:\/\/syri.tv\/index.php?rest_route=%2Fwp%2Fv2%2Fmedia&parent=2643"}],"wp:term":[{"taxonomy":"category","embeddable":true,"href":"https:\/\/syri.tv\/index.php?rest_route=%2Fwp%2Fv2%2Fcategories&post=2643"},{"taxonomy":"post_tag","embeddable":true,"href":"https:\/\/syri.tv\/index.php?rest_route=%2Fwp%2Fv2%2Ftags&post=2643"}],"curies":[{"name":"wp","href":"https:\/\/api.w.org\/{rel}","templated":true}]}}