{"id":2627,"date":"2022-07-31T12:37:33","date_gmt":"2022-07-31T12:37:33","guid":{"rendered":"https:\/\/syri.tv\/?p=2627"},"modified":"2022-07-31T12:37:33","modified_gmt":"2022-07-31T12:37:33","slug":"ne-sherbim-te-gjuhes-dhe-shkolles-shqipe","status":"publish","type":"post","link":"https:\/\/syri.tv\/?p=2627","title":{"rendered":"\u201cN\u00eb sh\u00ebrbim t\u00eb gjuh\u00ebs dhe shkoll\u00ebs shqipe\u201d"},"content":{"rendered":"<p>T\u00eb enjten, me dat\u00ebn 28 korrik 2022 p\u00ebrfaq\u00ebsuesit e K\u00ebshillit Koordinues t\u00eb Arsimtar\u00ebve n\u00eb Diaspor\u00eb (KKAD), Dr. Vaxhid Sejdiu (kryetar) dhe Mustaf\u00eb Krasniqi (n\u00ebnkryetar) zhvilluan nj\u00eb takim pune me drejtorin e Institutit Albanologjik n\u00eb Prishtin\u00eb z. Hysen Matoshin.<\/p>\n<p>Nj\u00eb takim mbres\u00ebl\u00ebn\u00ebs, nj\u00eb takim brenda t\u00eb cilit u prezantuan p\u00ebrpjekjet dhe angazhimet e m\u00ebsuesve n\u00eb Diaspor\u00eb rreth organizimit t\u00eb m\u00ebsimit plot\u00ebsues. Nj\u00eb mision q\u00eb k\u00ebrkon pun\u00eb dhe p\u00ebrkushtim vullnetar\u00eb t\u00eb t\u00eb gjith\u00eb faktor\u00ebve relevant\u00eb me q\u00ebllim, q\u00eb n\u00eb or\u00ebt m\u00ebsimore t\u00eb m\u00ebsimit plot\u00ebsues n\u00eb gjuh\u00ebn shqipe t\u00eb p\u00ebrfshihen sa m\u00eb shum\u00eb f\u00ebmij\u00eb shqiptar\u00eb, t\u00eb cil\u00ebt pa fajin e tyre lindin dhe rrit\u00ebn larg atdheut.<\/p>\n<p>Nj\u00eb bashk\u00ebbisedim se si t\u00eb veprojm\u00eb n\u00ebn hijen e flamurit \u201cNj\u00eb komb \u2013 nj\u00eb gjuh\u00eb\u201d, sepse kudo ku jetojn\u00eb dhe veprojn\u00eb shqiptar\u00ebt, f\u00ebmij\u00ebt e tyre kan\u00eb t\u00eb drejt\u00eb ta m\u00ebsojn\u00eb, ruajn\u00eb dhe zhvillojn\u00eb gjuh\u00ebn amtare, kan\u00eb nevoj\u00eb p\u00ebr mbrojtjen e identitetit komb\u00ebtar ashtu si\u00e7 kan\u00eb nevoj\u00eb p\u00ebr integrimin e tyre n\u00eb shoq\u00ebrit\u00eb e vendeve prit\u00ebse.<\/p>\n<p>Sensibilizimi i prind\u00ebrve shqiptar\u00eb n\u00eb ruajtjen e gjuh\u00ebs amtare \u00ebsht\u00eb obligim i t\u00eb gjith\u00ebve, n\u00eb ve\u00e7anti i institucioneve komb\u00ebtare. Faleminderit drejtor, prof. dr. Hysen Matoshi p\u00ebr mikpritjen. Faleminderit p\u00ebr durimin t\u00eb d\u00ebgjoni shqet\u00ebsimet tona, sfidat me t\u00eb cilat p\u00ebrballet ky lloj m\u00ebsimi, si dhe gatishm\u00ebrin\u00eb q\u00eb s\u00eb bashku t\u00eb punojm\u00eb dhe t\u00eb veprojm\u00eb q\u00eb f\u00ebmij\u00ebt shqiptar\u00eb t`i ken\u00eb sa m\u00eb af\u00ebr pikat shkollore, me q\u00ebllim q\u00eb ta m\u00ebsojn\u00eb n\u00eb m\u00ebnyr\u00eb institucionale gjuh\u00ebn e n\u00ebn\u00ebs.<\/p>\n<p>P\u00ebrhapja e dituris\u00eb n\u00eb gjuh\u00ebn shqipe \u00ebsht\u00eb sfid\u00eb e koh\u00ebs sepse numri i f\u00ebmij\u00ebve shqiptar\u00eb q\u00eb regjistrohen n\u00eb shkollat e vendit n\u00eb Evrop\u00ebn per\u00ebndimore dhe m\u00eb gjer\u00eb n\u00eb bot\u00eb rritet dita \u2013 dit\u00ebs.<\/p>\n<p>P\u00ebr k\u00ebt\u00eb q\u00ebllim duhet t\u00eb veprojm\u00eb t\u00eb gjitha bashk\u00ebrisht n\u00eb sh\u00ebrbim t\u00eb ruajtjes s\u00eb gjuh\u00ebs dhe kultur\u00ebs komb\u00ebtare. Fakt \u00ebsht\u00eb se numri i f\u00ebmij\u00ebve q\u00eb ndjekin or\u00ebt m\u00ebsimore n\u00eb gjuh\u00ebn amtare \u00ebsht\u00eb i vog\u00ebl, n\u00eb krahasim me f\u00ebmij\u00ebt q\u00eb jan\u00eb t\u00eb regjistruara n\u00eb shkollat e vendit. Prandaj n\u00eb k\u00ebt\u00eb m\u00ebnyr\u00eb duhet t\u00eb veprojm\u00eb t\u00eb gjith\u00eb bashk\u00ebrisht me q\u00ebllim q\u00eb t\u00eb mos b\u00ebhet von\u00eb.<\/p>\n<p>Institucionet tona t\u00eb pavarura, arsimore dhe shkencore kan\u00eb nj\u00eb rol t\u00eb paz\u00ebvend\u00ebsuesh\u00ebm n\u00eb sensibilizimin e prind\u00ebrve shqiptar\u00eb q\u00eb f\u00ebmij\u00ebt e tyre ta ruajn\u00eb gjuh\u00ebn amtare.<\/p>\n<p>S\u00eb bashku mundemi!<\/p>\n<p>Prishtin\u00eb, 28 korrik 2022<\/p>\n<p>KKAD- sektori p\u00ebr informim<\/p>\n","protected":false},"excerpt":{"rendered":"<p>T\u00eb enjten, me dat\u00ebn 28 korrik 2022 p\u00ebrfaq\u00ebsuesit e K\u00ebshillit Koordinues t\u00eb Arsimtar\u00ebve n\u00eb Diaspor\u00eb (KKAD), Dr. Vaxhid Sejdiu (kryetar) dhe Mustaf\u00eb Krasniqi (n\u00ebnkryetar) zhvilluan nj\u00eb takim pune me drejtorin e Institutit Albanologjik n\u00eb Prishtin\u00eb z. Hysen Matoshin. Nj\u00eb takim mbres\u00ebl\u00ebn\u00ebs, nj\u00eb takim brenda t\u00eb cilit u prezantuan p\u00ebrpjekjet dhe angazhimet e m\u00ebsuesve n\u00eb Diaspor\u00eb [&hellip;]<\/p>\n","protected":false},"author":1,"featured_media":2628,"comment_status":"closed","ping_status":"closed","sticky":false,"template":"","format":"standard","meta":{"footnotes":""},"categories":[2],"tags":[],"class_list":{"0":"post-2627","1":"post","2":"type-post","3":"status-publish","4":"format-standard","5":"has-post-thumbnail","7":"category-zvicer"},"_links":{"self":[{"href":"https:\/\/syri.tv\/index.php?rest_route=\/wp\/v2\/posts\/2627","targetHints":{"allow":["GET"]}}],"collection":[{"href":"https:\/\/syri.tv\/index.php?rest_route=\/wp\/v2\/posts"}],"about":[{"href":"https:\/\/syri.tv\/index.php?rest_route=\/wp\/v2\/types\/post"}],"author":[{"embeddable":true,"href":"https:\/\/syri.tv\/index.php?rest_route=\/wp\/v2\/users\/1"}],"replies":[{"embeddable":true,"href":"https:\/\/syri.tv\/index.php?rest_route=%2Fwp%2Fv2%2Fcomments&post=2627"}],"version-history":[{"count":1,"href":"https:\/\/syri.tv\/index.php?rest_route=\/wp\/v2\/posts\/2627\/revisions"}],"predecessor-version":[{"id":2629,"href":"https:\/\/syri.tv\/index.php?rest_route=\/wp\/v2\/posts\/2627\/revisions\/2629"}],"wp:featuredmedia":[{"embeddable":true,"href":"https:\/\/syri.tv\/index.php?rest_route=\/wp\/v2\/media\/2628"}],"wp:attachment":[{"href":"https:\/\/syri.tv\/index.php?rest_route=%2Fwp%2Fv2%2Fmedia&parent=2627"}],"wp:term":[{"taxonomy":"category","embeddable":true,"href":"https:\/\/syri.tv\/index.php?rest_route=%2Fwp%2Fv2%2Fcategories&post=2627"},{"taxonomy":"post_tag","embeddable":true,"href":"https:\/\/syri.tv\/index.php?rest_route=%2Fwp%2Fv2%2Ftags&post=2627"}],"curies":[{"name":"wp","href":"https:\/\/api.w.org\/{rel}","templated":true}]}}