{"id":2610,"date":"2022-07-19T17:11:51","date_gmt":"2022-07-19T17:11:51","guid":{"rendered":"https:\/\/syri.tv\/?p=2610"},"modified":"2022-07-19T17:11:51","modified_gmt":"2022-07-19T17:11:51","slug":"si-ta-dallojme-intelektualin-e-vertete-nga-pseudointelektuali","status":"publish","type":"post","link":"https:\/\/syri.tv\/?p=2610","title":{"rendered":"SI TA DALLOJM\u00cb INTELEKTUALIN E V\u00cbRTET\u00cb NGA PSEUDOINTELEKTUALI?"},"content":{"rendered":"<div dir=\"auto\"><img loading=\"lazy\" loading=\"lazy\" decoding=\"async\" class=\"alignnone  wp-image-2611\" src=\"https:\/\/syri.tv\/wp-content\/uploads\/2022\/07\/Ahmet-Asani-291x300.png\" alt=\"\" width=\"150\" height=\"155\" srcset=\"https:\/\/syri.tv\/wp-content\/uploads\/2022\/07\/Ahmet-Asani-291x300.png 291w, https:\/\/syri.tv\/wp-content\/uploads\/2022\/07\/Ahmet-Asani.png 622w\" sizes=\"auto, (max-width: 150px) 100vw, 150px\" \/><\/div>\n<div dir=\"auto\">Shkruan: Ahmet Asani<\/div>\n<div dir=\"auto\">\n<p>\u25aa\ufe0e Dallimi mes intelektualit t\u00eb v\u00ebrtet\u00eb dhe atij t\u00eb rrejsh\u00ebm- pseudo intelektualit, \u00ebsht\u00eb se i pari \u00ebsht\u00eb i ditur e i vendosur dhe nuk ndalet se lexuari e studiuari, kurse i dyti \u00ebsht\u00eb mediok\u00ebr q\u00eb ka marr nj\u00eb diplom\u00eb, por q\u00eb \u00ebsht\u00eb i padije dhe nuk lexon e studion fare!<\/p>\n<p>\u25aa\ufe0e Intelektuali i v\u00ebrtet\u00eb si besimtar shkencor q\u00eb \u00ebsht\u00eb, besimin e bazon ne dije &#8211; shkenc\u00eb dhe n\u00eb logjik\u00ebn e Frym\u00ebs Krijuese Njer\u00ebzore, kurse pseudo intelektuali nuk ka mendim te vetin, por shkon kah t\u00eb fryj era!<\/p>\n<p>\u25aa\ufe0e Pseudo intelektuali i cili deri dje i ka sh\u00ebrbyer ideologjis\u00eb monisto- komuniste, sot ose \u00ebsht\u00eb n\u00eb sh\u00ebrbim te ndonj\u00eb organizimi kriptokomunist-monist, ose n\u00eb sh\u00ebrbim t\u00eb ndonj\u00eb sitemi monist &#8211; fetar!<\/p>\n<p>\u25aa\ufe0e Intelektuali i v\u00ebrtet\u00eb \u00ebsht\u00eb vizionar, jeton me popullin i ndien hallet e tij, vepron n\u00eb kohen dhe vendin e duhur, i parasheh gj\u00ebrat q\u00eb mund t\u00eb ndodhin dhe e ka guximin t&#8217;i paralajm\u00ebroj njer\u00ebzit p\u00ebr t\u00eb k\u00ebqijat q\u00eb mund t\u00eb ndodhin!<\/p>\n<p>\u25aa\ufe0e Pseudo intelektualit, si mediok\u00ebr q\u00eb \u00ebsht\u00eb, nuk i b\u00ebhet von\u00eb p\u00ebr asgj\u00eb, ai flet e shkruan pasi t\u00eb ndodhin gj\u00ebrat, dhe k\u00ebt\u00eb e b\u00ebn\u00eb p\u00ebr interes t\u00eb vetin e jo p\u00ebr interes t\u00eb popullit!<\/p>\n<\/div>\n","protected":false},"excerpt":{"rendered":"<p>Shkruan: Ahmet Asani \u25aa\ufe0e Dallimi mes intelektualit t\u00eb v\u00ebrtet\u00eb dhe atij t\u00eb rrejsh\u00ebm- pseudo intelektualit, \u00ebsht\u00eb se i pari \u00ebsht\u00eb i ditur e i vendosur dhe nuk ndalet se lexuari e studiuari, kurse i dyti \u00ebsht\u00eb mediok\u00ebr q\u00eb ka marr nj\u00eb diplom\u00eb, por q\u00eb \u00ebsht\u00eb i padije dhe nuk lexon e studion fare! \u25aa\ufe0e Intelektuali [&hellip;]<\/p>\n","protected":false},"author":1,"featured_media":2611,"comment_status":"closed","ping_status":"closed","sticky":false,"template":"","format":"standard","meta":{"footnotes":""},"categories":[2],"tags":[],"class_list":{"0":"post-2610","1":"post","2":"type-post","3":"status-publish","4":"format-standard","5":"has-post-thumbnail","7":"category-zvicer"},"_links":{"self":[{"href":"https:\/\/syri.tv\/index.php?rest_route=\/wp\/v2\/posts\/2610","targetHints":{"allow":["GET"]}}],"collection":[{"href":"https:\/\/syri.tv\/index.php?rest_route=\/wp\/v2\/posts"}],"about":[{"href":"https:\/\/syri.tv\/index.php?rest_route=\/wp\/v2\/types\/post"}],"author":[{"embeddable":true,"href":"https:\/\/syri.tv\/index.php?rest_route=\/wp\/v2\/users\/1"}],"replies":[{"embeddable":true,"href":"https:\/\/syri.tv\/index.php?rest_route=%2Fwp%2Fv2%2Fcomments&post=2610"}],"version-history":[{"count":1,"href":"https:\/\/syri.tv\/index.php?rest_route=\/wp\/v2\/posts\/2610\/revisions"}],"predecessor-version":[{"id":2612,"href":"https:\/\/syri.tv\/index.php?rest_route=\/wp\/v2\/posts\/2610\/revisions\/2612"}],"wp:featuredmedia":[{"embeddable":true,"href":"https:\/\/syri.tv\/index.php?rest_route=\/wp\/v2\/media\/2611"}],"wp:attachment":[{"href":"https:\/\/syri.tv\/index.php?rest_route=%2Fwp%2Fv2%2Fmedia&parent=2610"}],"wp:term":[{"taxonomy":"category","embeddable":true,"href":"https:\/\/syri.tv\/index.php?rest_route=%2Fwp%2Fv2%2Fcategories&post=2610"},{"taxonomy":"post_tag","embeddable":true,"href":"https:\/\/syri.tv\/index.php?rest_route=%2Fwp%2Fv2%2Ftags&post=2610"}],"curies":[{"name":"wp","href":"https:\/\/api.w.org\/{rel}","templated":true}]}}