{"id":2603,"date":"2022-07-11T23:27:35","date_gmt":"2022-07-11T23:27:35","guid":{"rendered":"https:\/\/syri.tv\/?p=2603"},"modified":"2022-07-11T23:27:35","modified_gmt":"2022-07-11T23:27:35","slug":"shaip-kamberi-organizon-koktej-falenderimi-per-lagjen-e-strukareve-ne-ternoc","status":"publish","type":"post","link":"https:\/\/syri.tv\/?p=2603","title":{"rendered":"Shaip Kamberi organizon Koktej Falenderimi p\u00ebr Lagj\u00ebn e Strukar\u00ebve n\u00eb T\u00ebrnoc."},"content":{"rendered":"<p><strong>Sot edhe zyrtarisht, Komisioni Republikan Zgjedhor ka certifikuar rezultatet e zgjedhjeve dhe ka b\u00ebr\u00eb ndarjen e mandateve ku \u00ebsht\u00eb zyrtarizuar mandati i deputetit Shaip Kamberi, raporton rtvpresheva.com<\/strong><\/p>\n<p>Prandaj, n\u00eb shenj\u00eb falenderimi p\u00ebr p\u00ebrkrahjen e vazhdueshme q\u00eb kjo lagje u detyrua 5 her\u00eb t\u00eb votoj\u00eb n\u00eb nj\u00eb proces t\u00eb veshtir\u00eb zgjedhor, i cili u kuror\u00ebzua me fitore, Shaip Kamberi ka ftuar banor\u00ebt e Lagjes s\u00eb Strukar\u00ebve n\u00eb koktej q\u00eb do t\u00eb organizohet n\u00eb oborrin e shkoll\u00ebs n\u00eb Lagjen e Strukar\u00ebve prej or\u00ebs 19.<\/p>\n<p>\u201cN\u00eb shenj\u00eb falenderimi p\u00ebr p\u00ebrkrahjen e vazhdueshme q\u00eb na keni dh\u00ebn\u00eb n\u00eb nj\u00eb proces t\u00eb veshtir\u00eb zgjedhor, t\u00eb cilin e kuror\u00ebzuam me fitore, ftoj banor\u00ebt e Lagj\u00ebs s\u00eb Strukar\u00ebve, nes\u00ebr, n\u00eb koktej q\u00eb do t\u00eb organizohet n\u00eb oborrin e shkoll\u00ebs n\u00eb Lagjen e Strukar\u00ebve prej or\u00ebs 19:30. Faleminderit gjith\u00ebsecilit. Shihemi nes\u00ebr\u201d ka shkruar z.Kamberi<\/p>\n","protected":false},"excerpt":{"rendered":"<p>Sot edhe zyrtarisht, Komisioni Republikan Zgjedhor ka certifikuar rezultatet e zgjedhjeve dhe ka b\u00ebr\u00eb ndarjen e mandateve ku \u00ebsht\u00eb zyrtarizuar mandati i deputetit Shaip Kamberi, raporton rtvpresheva.com Prandaj, n\u00eb shenj\u00eb falenderimi p\u00ebr p\u00ebrkrahjen e vazhdueshme q\u00eb kjo lagje u detyrua 5 her\u00eb t\u00eb votoj\u00eb n\u00eb nj\u00eb proces t\u00eb veshtir\u00eb zgjedhor, i cili u kuror\u00ebzua me [&hellip;]<\/p>\n","protected":false},"author":1,"featured_media":2604,"comment_status":"closed","ping_status":"closed","sticky":false,"template":"","format":"standard","meta":{"footnotes":""},"categories":[9],"tags":[],"class_list":{"0":"post-2603","1":"post","2":"type-post","3":"status-publish","4":"format-standard","5":"has-post-thumbnail","7":"category-vendi"},"_links":{"self":[{"href":"https:\/\/syri.tv\/index.php?rest_route=\/wp\/v2\/posts\/2603","targetHints":{"allow":["GET"]}}],"collection":[{"href":"https:\/\/syri.tv\/index.php?rest_route=\/wp\/v2\/posts"}],"about":[{"href":"https:\/\/syri.tv\/index.php?rest_route=\/wp\/v2\/types\/post"}],"author":[{"embeddable":true,"href":"https:\/\/syri.tv\/index.php?rest_route=\/wp\/v2\/users\/1"}],"replies":[{"embeddable":true,"href":"https:\/\/syri.tv\/index.php?rest_route=%2Fwp%2Fv2%2Fcomments&post=2603"}],"version-history":[{"count":1,"href":"https:\/\/syri.tv\/index.php?rest_route=\/wp\/v2\/posts\/2603\/revisions"}],"predecessor-version":[{"id":2605,"href":"https:\/\/syri.tv\/index.php?rest_route=\/wp\/v2\/posts\/2603\/revisions\/2605"}],"wp:featuredmedia":[{"embeddable":true,"href":"https:\/\/syri.tv\/index.php?rest_route=\/wp\/v2\/media\/2604"}],"wp:attachment":[{"href":"https:\/\/syri.tv\/index.php?rest_route=%2Fwp%2Fv2%2Fmedia&parent=2603"}],"wp:term":[{"taxonomy":"category","embeddable":true,"href":"https:\/\/syri.tv\/index.php?rest_route=%2Fwp%2Fv2%2Fcategories&post=2603"},{"taxonomy":"post_tag","embeddable":true,"href":"https:\/\/syri.tv\/index.php?rest_route=%2Fwp%2Fv2%2Ftags&post=2603"}],"curies":[{"name":"wp","href":"https:\/\/api.w.org\/{rel}","templated":true}]}}