{"id":2504,"date":"2022-06-12T08:49:32","date_gmt":"2022-06-12T08:49:32","guid":{"rendered":"https:\/\/syri.tv\/?p=2504"},"modified":"2022-06-12T08:49:32","modified_gmt":"2022-06-12T08:49:32","slug":"tri-dekadat-e-referendumit-te-krahines-shqiptare","status":"publish","type":"post","link":"https:\/\/syri.tv\/?p=2504","title":{"rendered":"Tri dekadat e Referendumit t\u00eb Krahin\u00ebs Shqiptare"},"content":{"rendered":"<p>Shkruan: Refik HASANI<\/p>\n<div dir=\"auto\">Me rastin e 30-vjetorit jubilar t\u00eb mbajtjes s\u00eb Referendumit t\u00eb 1 e 2 Mars-it 1992,popullata me shumic\u00eb shqiptare t\u00eb Komun\u00ebs s\u00eb Preshev\u00ebs, Medvegj\u00ebs dhe Bujanocit, shpalli k\u00ebt\u00eb krahin\u00eb si Autonome, duke themeluar edhe Kuvendin p\u00ebr Autonomi Territoriale-Politike t\u00eb shqiptar\u00ebve t\u00eb tri komunave.<\/div>\n<div dir=\"auto\"><\/div>\n<div dir=\"auto\">M\u00eb dat\u00ebn\u00a0 1 e 2 Mars 2022, po b\u00ebhen\u00a0 tri dekada, q\u00eb kur m\u00eb dat\u00ebn 1 e 2 Mars 1992, u mbajt\u00ebn p\u00ebr dy dit\u00eb rresht\u00eb, shprehja e vullnetit\u00a0 dhe ishte p\u00ebrcaktimi politik e Juridik i s\u00eb\u00a0 ardhmes\u00a0 duke\u00a0 marr\u00eb p\u00ebrgjegj\u00ebsin\u00eb p\u00ebr\u00a0 ta shtruar\u00eb-ngritur\u00a0 p\u00ebr zgjidhje \u00e7\u00ebshtjen e k\u00ebsaj Krahin\u00eb-duke respektuar aspirat\u00ebn e shprehur n\u00eb form\u00eb plebishitare t\u00eb Referendumit.<\/div>\n<div dir=\"auto\">I pasuar pas Referendumit \u00ebsht\u00eb\u00a0 edhe\u00a0 kryengritja e armatosur ku p\u00ebrmes\u00eb Ushtris\u00eb \u00c7lirimtare Preshev\u00ebs, Medvegj\u00ebs dhe Bujanocit,\u00ebsht\u00eb sakrific\u00eb e k\u00ebsaj krahine p\u00ebr realizim t\u00eb drejt\u00ebs s\u00eb k\u00ebtij Referendimi. P\u00ebrpjekjet e r\u00ebnd\u00ebsishme e popullit shumic\u00eb p\u00ebr liri e barazi qytetare t\u00eb k\u00ebsja Krahine \u00ebsht\u00eb edhe gurthemeli\u00a0 tjet\u00ebr\u00a0 si q\u00eb \u00ebsht\u00eb\u00a0 Marr\u00ebveshja e Kon\u00e7ulit.<\/div>\n<div dir=\"auto\">Referendumi, \u00ebsht\u00eb kontribut i gjith\u00eb\u00a0 forcave politike e intelektuale,ishte\u00a0 nj\u00eb akt m\u00eb i lart\u00eb historik, ishte nj\u00eb unitet dhe veprim i p\u00ebrbashk\u00ebt i gjith\u00eb subjekteve politike shqiptare\u00a0 n\u00eb ish-RSFJ,Republik\u00ebn e Shqip\u00ebrsis\u00eb dhe Diaspor\u00eb.<\/div>\n<div dir=\"auto\">Po kalojn tri dekada\u00a0 t\u00eb Referendumit, statusi politik i shqiptar\u00ebve t\u00eb\u00a0 k\u00ebsaj Krahine nuk \u00ebsht\u00eb zgjidhur, dhe vazhdohet t\u00eb dominohet nga diskriminimi n\u00eb t\u00eb gjith\u00eb fushat e jet\u00ebs.<\/div>\n<div dir=\"auto\">Legjislatura e re e Parlamentit t\u00eb Kosov\u00ebs\u00a0 q\u00eb ka\u00a0 dal nga\u00a0 zgjedhjet e dat\u00ebs\u00a0 14 Shkurti 2021,p\u00ebrkat\u00ebsisht Legjislatura e re e Parlamentit t\u00eb Shqip\u00ebris\u00eb nga zgjedhjet e dat\u00ebs 25 Prillit 2021,do t\u00eb duhej t\u00eb vizitojn n\u00eb realizim t\u00eb projekteve\u00a0 nga investimet p\u00ebr Krahin\u00ebn Shqiptare\u00a0 dhe t\u00eb presin p\u00ebrfaq\u00ebsues t\u00eb subjekteve politike, institucuione e\u00a0 veprimtar\u00a0 q\u00eb organizuan Referendumin.<\/div>\n<div dir=\"auto\">N\u00eb k\u00ebt\u00eb p\u00ebrvjetor,jubilar Parlamenti i Kosov\u00ebs dhe Parlamenti i Shqip\u00ebris\u00eb do t\u00eb duhej t\u00eb deklarohen n\u00eb m\u00ebnyr\u00eb zyrtare n\u00eb mbrojtje t\u00eb Referendumit. P\u00ebr tri dekada t\u00eb gjitha qeverit e Tiran\u00ebs dhe e Prishtin\u00ebs zyrtare, shum\u00eb pak\u00a0 \u00a0kan ndihmuar k\u00ebt\u00eb krahin\u00eb shqiptare.<\/div>\n<div dir=\"auto\">N\u00eb k\u00ebt jubilar t\u00eb Referendimit do t\u00eb duhej\u00a0 t\u00eb shenohet\u00a0 me\u00a0 manifestime t\u00eb ndryshme, duke p\u00ebrfshir edhe veprimtari kulturore, politike e deri tek konferenca shkencore jo vet\u00ebm n\u00eb Preshev\u00eb, Medvegj\u00eb e Bujanoc, por edhe n\u00eb Prishtin\u00eb, Tiran, Shkup e gjith\u00ebandej diaspor\u00ebs.<\/div>\n<div dir=\"auto\">*Autori, \u00ebsht\u00eb profesor,\u00a0 p\u00ebrveq\u00eb k\u00ebtij v\u00ebshtrimi ka edhe nj\u00eb punim t\u00eb prezentuar n\u00eb konferenc\u00eb shkencore mbi rolin dhe r\u00ebnd\u00ebsin mbajtjes s\u00eb Referendumit,por edhe ka disa punime e kumtesa n\u00eb konferenca shkencore p\u00ebr Medvegj\u00eb, Bujanoc dhe Preshev\u00eb, por edhe ka propozur,si:Reciprocitetin, shqyrtimi i realizimit t\u00eb Marr\u00ebveshjes s\u00eb Kon\u00e7ulit, inicimin q\u00eb t\u00eb miratohet nj\u00eb rezolut nga Parlamenti i Kosov\u00ebs, formim i nj\u00eb Komisioni mikst nga Parlamenti Shqip\u00ebri-Kosov\u00eb, propozimi p\u00ebr formimin\u00a0 e nj\u00eb zyre n\u00eb kuad\u00ebr t\u00eb zyr\u00ebs s\u00eb Kryeministris\u00eb etj.<\/div>\n","protected":false},"excerpt":{"rendered":"<p>Shkruan: Refik HASANI Me rastin e 30-vjetorit jubilar t\u00eb mbajtjes s\u00eb Referendumit t\u00eb 1 e 2 Mars-it 1992,popullata me shumic\u00eb shqiptare t\u00eb Komun\u00ebs s\u00eb Preshev\u00ebs, Medvegj\u00ebs dhe Bujanocit, shpalli k\u00ebt\u00eb krahin\u00eb si Autonome, duke themeluar edhe Kuvendin p\u00ebr Autonomi Territoriale-Politike t\u00eb shqiptar\u00ebve t\u00eb tri komunave. M\u00eb dat\u00ebn\u00a0 1 e 2 Mars 2022, po b\u00ebhen\u00a0 tri [&hellip;]<\/p>\n","protected":false},"author":1,"featured_media":2505,"comment_status":"closed","ping_status":"closed","sticky":false,"template":"","format":"standard","meta":{"footnotes":""},"categories":[9],"tags":[],"class_list":{"0":"post-2504","1":"post","2":"type-post","3":"status-publish","4":"format-standard","5":"has-post-thumbnail","7":"category-vendi"},"_links":{"self":[{"href":"https:\/\/syri.tv\/index.php?rest_route=\/wp\/v2\/posts\/2504","targetHints":{"allow":["GET"]}}],"collection":[{"href":"https:\/\/syri.tv\/index.php?rest_route=\/wp\/v2\/posts"}],"about":[{"href":"https:\/\/syri.tv\/index.php?rest_route=\/wp\/v2\/types\/post"}],"author":[{"embeddable":true,"href":"https:\/\/syri.tv\/index.php?rest_route=\/wp\/v2\/users\/1"}],"replies":[{"embeddable":true,"href":"https:\/\/syri.tv\/index.php?rest_route=%2Fwp%2Fv2%2Fcomments&post=2504"}],"version-history":[{"count":1,"href":"https:\/\/syri.tv\/index.php?rest_route=\/wp\/v2\/posts\/2504\/revisions"}],"predecessor-version":[{"id":2506,"href":"https:\/\/syri.tv\/index.php?rest_route=\/wp\/v2\/posts\/2504\/revisions\/2506"}],"wp:featuredmedia":[{"embeddable":true,"href":"https:\/\/syri.tv\/index.php?rest_route=\/wp\/v2\/media\/2505"}],"wp:attachment":[{"href":"https:\/\/syri.tv\/index.php?rest_route=%2Fwp%2Fv2%2Fmedia&parent=2504"}],"wp:term":[{"taxonomy":"category","embeddable":true,"href":"https:\/\/syri.tv\/index.php?rest_route=%2Fwp%2Fv2%2Fcategories&post=2504"},{"taxonomy":"post_tag","embeddable":true,"href":"https:\/\/syri.tv\/index.php?rest_route=%2Fwp%2Fv2%2Ftags&post=2504"}],"curies":[{"name":"wp","href":"https:\/\/api.w.org\/{rel}","templated":true}]}}